{"id":992,"date":"2015-05-19T08:44:14","date_gmt":"2015-05-19T08:44:14","guid":{"rendered":"http:\/\/buenostratos-blog.larioja.org\/?p=992"},"modified":"2019-12-17T11:38:39","modified_gmt":"2019-12-17T11:38:39","slug":"experiencia-de-un-maestro-espanol-candidato-al-nobel-de-la-ensenanza","status":"publish","type":"post","link":"https:\/\/buenostratos-blog.larioja.org\/?p=992","title":{"rendered":"Experiencia de un maestro espa\u00f1ol candidato al \u00abnobel\u00bb de la ense\u00f1anza."},"content":{"rendered":"<p style=\"text-align: justify;\">Con motivo de la celebraci\u00f3n del D\u00eda internacional de la familia, se va a llevar a cabo una <strong><span style=\"color: #800080;\">conferencia <\/span><\/strong><span style=\"color: #800080;\"><span style=\"color: #000000;\">a car<\/span><\/span><a href=\"http:\/\/buenostratos-blog.larioja.org\/wp-content\/uploads\/2015\/05\/dia_familia_2015_1.jpg\"><img loading=\"lazy\" decoding=\"async\" class=\"alignleft wp-image-978 size-medium\" src=\"http:\/\/buenostratos-blog.larioja.org\/wp-content\/uploads\/2015\/05\/dia_familia_2015_1-207x300.jpg\" alt=\"dia_familia_2015_1\" width=\"207\" height=\"300\" srcset=\"https:\/\/buenostratos-blog.larioja.org\/wp-content\/uploads\/2015\/05\/dia_familia_2015_1-207x300.jpg 207w, https:\/\/buenostratos-blog.larioja.org\/wp-content\/uploads\/2015\/05\/dia_familia_2015_1.jpg 300w\" sizes=\"(max-width: 207px) 100vw, 207px\" \/><\/a><span style=\"color: #800080;\"><span style=\"color: #000000;\">go de<\/span><\/span><strong><span style=\"color: #800080;\"> C\u00e9sar Bona<\/span><\/strong>, candidato al \u201cNobel\u201d de la ense\u00f1anza.<\/p>\n<p style=\"text-align: justify;\">Dicha conferencia se celebrar\u00e1 <strong><span style=\"color: #800080;\">hoy\u00a0 ma<\/span><\/strong><strong><span style=\"color: #800080;\">rtes, 19 de mayo, a las 20 h.<\/span> <\/strong>en la sala del Centro Fundaci\u00f3n <strong><span style=\"color: #800080;\">Caja Rioja<\/span><\/strong>-Bankia, en la calle <strong><span style=\"color: #800080;\">Gran V\u00eda, 2 de Logro\u00f1o.<\/span><\/strong><\/p>\n<p style=\"text-align: justify;\">C\u00e9sar Bona es un maestro de primaria de Zaragoza que ha entrado en la lista de finalistas para el \u2018Nobel\u2019 de los docentes.<\/p>\n<p style=\"text-align: justify;\">Se ha convertido en el <span style=\"color: #800080;\">\u00fanico espa\u00f1ol<\/span> que figura en la lista de<span style=\"color: #800080;\"> 50 finalistas<\/span> del Global Teacher Prize, un galard\u00f3n internacional que reconoce la labor del profesorado y al que presentaron su <span style=\"color: #800080;\">candidatura m\u00e1s de 5.000 aspirantes de 127 pa\u00edses.<\/span> El premio est\u00e1 dotado con un mill\u00f3n de d\u00f3lares (unos 800.000 euros), lo que lo equipara, al menos en el aspecto econ\u00f3mico, al Nobel.<a href=\"http:\/\/buenostratos-blog.larioja.org\/wp-content\/uploads\/2015\/05\/Aula_Cesar_Bona_CAST.jpg\"><img loading=\"lazy\" decoding=\"async\" class=\"alignright wp-image-993 size-medium\" src=\"http:\/\/buenostratos-blog.larioja.org\/wp-content\/uploads\/2015\/05\/Aula_Cesar_Bona_CAST-137x300.jpg\" alt=\"Aula_Cesar_Bona_CAST\" width=\"137\" height=\"300\" \/><\/a><\/p>\n<p style=\"text-align: justify;\">\u00abSer el \u00fanico espa\u00f1ol es una responsabilidad, s\u00ed. Pero estoy convencido de que aqu\u00ed hay un mont\u00f3n de profesores que hacen un gran trabajo innovador, an\u00f3nimo y con pocos medios, y que podr\u00edan ser finalistas en lugar de m\u00ed\u00bb, dice el maestro, que este a\u00f1o ha empezado a dar clases en el colegio Puerta de Sancho en Zaragoza.<\/p>\n<p style=\"text-align: justify;\">C\u00e9sar Bona tiene un innovador estilo de ense\u00f1anza del que tanto padres y madres, como profesorado, podemos extraer sugerencias para adaptarlas a nuestro contexto educativo.<\/p>\n<p style=\"text-align: justify;\"><strong><span style=\"color: #800080;\">!Os esperamos!<\/span><\/strong><\/p>\n<p style=\"text-align: justify;\">\n","protected":false},"excerpt":{"rendered":"<p>Con motivo de la celebraci\u00f3n del D\u00eda internacional de la familia, se va a llevar a cabo una conferencia a cargo de C\u00e9sar Bona, candidato al \u201cNobel\u201d de la ense\u00f1anza. Dicha conferencia se celebrar\u00e1 hoy\u00a0 martes, 19 de mayo, a &hellip; <a href=\"https:\/\/buenostratos-blog.larioja.org\/?p=992\">Sigue leyendo <span class=\"meta-nav\">&rarr;<\/span><\/a><\/p>\n","protected":false},"author":2,"featured_media":0,"comment_status":"open","ping_status":"closed","sticky":false,"template":"","format":"standard","meta":{"footnotes":""},"categories":[1],"tags":[],"_links":{"self":[{"href":"https:\/\/buenostratos-blog.larioja.org\/index.php?rest_route=\/wp\/v2\/posts\/992"}],"collection":[{"href":"https:\/\/buenostratos-blog.larioja.org\/index.php?rest_route=\/wp\/v2\/posts"}],"about":[{"href":"https:\/\/buenostratos-blog.larioja.org\/index.php?rest_route=\/wp\/v2\/types\/post"}],"author":[{"embeddable":true,"href":"https:\/\/buenostratos-blog.larioja.org\/index.php?rest_route=\/wp\/v2\/users\/2"}],"replies":[{"embeddable":true,"href":"https:\/\/buenostratos-blog.larioja.org\/index.php?rest_route=%2Fwp%2Fv2%2Fcomments&post=992"}],"version-history":[{"count":3,"href":"https:\/\/buenostratos-blog.larioja.org\/index.php?rest_route=\/wp\/v2\/posts\/992\/revisions"}],"predecessor-version":[{"id":996,"href":"https:\/\/buenostratos-blog.larioja.org\/index.php?rest_route=\/wp\/v2\/posts\/992\/revisions\/996"}],"wp:attachment":[{"href":"https:\/\/buenostratos-blog.larioja.org\/index.php?rest_route=%2Fwp%2Fv2%2Fmedia&parent=992"}],"wp:term":[{"taxonomy":"category","embeddable":true,"href":"https:\/\/buenostratos-blog.larioja.org\/index.php?rest_route=%2Fwp%2Fv2%2Fcategories&post=992"},{"taxonomy":"post_tag","embeddable":true,"href":"https:\/\/buenostratos-blog.larioja.org\/index.php?rest_route=%2Fwp%2Fv2%2Ftags&post=992"}],"curies":[{"name":"wp","href":"https:\/\/api.w.org\/{rel}","templated":true}]}}