{"id":986,"date":"2015-05-18T12:54:02","date_gmt":"2015-05-18T12:54:02","guid":{"rendered":"http:\/\/buenostratos-blog.larioja.org\/?p=986"},"modified":"2019-12-17T11:38:39","modified_gmt":"2019-12-17T11:38:39","slug":"cuentalo-hay-salida-a-la-violencia-de-genero-premio-a-la-mejor-campana-de-servicio-publico","status":"publish","type":"post","link":"https:\/\/buenostratos-blog.larioja.org\/?p=986","title":{"rendered":"\u201cCu\u00e9ntalo. Hay Salida a la Violencia de G\u00e9nero\u201d, premio a la mejor campa\u00f1a de servicio p\u00fablico."},"content":{"rendered":"<p style=\"text-align: justify;\">La delegada del Gobierno para la Violencia de G\u00e9nero, Blanca Hern\u00e1ndez, en representaci\u00f3n del Ministerio de Sanidad, Servicios Sociales e Igualdad, recogi\u00f3 ayer el <strong><span style=\"color: #800080;\">premio del D\u00eda de Internet 2015<\/span> <\/strong>a la mejor campa\u00f1a en la categor\u00eda Publicidad-Servicio<a href=\"http:\/\/buenostratos-blog.larioja.org\/wp-content\/uploads\/2015\/05\/arton12552.jpg\"><img loading=\"lazy\" decoding=\"async\" class=\"alignleft wp-image-987 size-full\" src=\"http:\/\/buenostratos-blog.larioja.org\/wp-content\/uploads\/2015\/05\/arton12552.jpg\" alt=\"arton12552\" width=\"100\" height=\"99\" \/><\/a>s P\u00fablicos. Con esta iniciativa, <span style=\"color: #800080;\">dirigida<\/span> a los <span style=\"color: #800080;\">m\u00e1s j\u00f3venes para sensibilizar y prevenir conductas de violencia de g\u00e9nero<\/span>, el Gobierno refuerza el mensaje sobre la conveniencia de <span style=\"color: #800080;\">denunciar<\/span> y sacar del silencio actitudes y pr\u00e1cticas que afectan a la integridad y libertad de las mujeres.<\/p>\n<p style=\"text-align: justify;\">Hern\u00e1ndez, una vez recogido el premio, proclam\u00f3 que de la violencia de g\u00e9nero se sale, como prueba el <span style=\"color: #800080;\">creciente porcentaje<\/span> de mujeres<span style=\"color: #800080;\"> v\u00edctimas<\/span> de malos tratos que <span style=\"color: #800080;\">consiguen<\/span> <span style=\"color: #800080;\">rehacer su vida.<\/span> La delegada del Gobierno cit\u00f3 como referencia la \u00faltima Macroencuesta de violencia contra la mujer, presentada recientemente por el ministro de Sanidad, Servicios Sociales e Igualdad, Alfonso Alonso: en ella se constata que casi<span style=\"color: #800080;\"> 8 de cada diez<\/span> mujeres que han padecido el maltrato <span style=\"color: #800080;\">reconstruye su vida.<\/span><\/p>\n<p style=\"text-align: justify;\"><strong><span style=\"color: #800080;\">La campa\u00f1a \u201cCu\u00e9ntalo. Hay Salida a la Violencia de G\u00e9nero\u201d<\/span><\/strong> se present\u00f3 el pasado 20 de abril y se ha podido ver en medios de comunicaci\u00f3n hasta el 7 de mayo, as\u00ed como ha contado con amplia difusi\u00f3n por redes sociales. El Departamento que dirige Alfonso Alonso invirti\u00f3 alrededor de 2,5 millones de euros en una iniciativa <span style=\"color: #800080;\">dirigida a los adolescentes<\/span> que, a su vez, era una continuaci\u00f3n de la puesta en marcha en noviembre de 2014, tambi\u00e9n enfocada hacia los m\u00e1s j\u00f3venes.<\/p>\n<p style=\"text-align: justify;\">A lo largo de este a\u00f1o, el Ministerio activar\u00e1 otra campa\u00f1a, \u00e9sta destinada a la poblaci\u00f3n en general. Y siempre con el lema \u201cHay Salida\u201d, que es el leitmotiv de las campa\u00f1as del Ministerio, orquestadas por la Secretar\u00eda de Estado de Servicios Sociales e Igualdad y la Delegaci\u00f3n del Gobierno para la Violencia de G\u00e9nero.<\/p>\n<p style=\"text-align: justify;\">De acuerdo con estudios recientes de ambos departamentos, el <span style=\"color: #800080;\">79% de la poblaci\u00f3n considera \u00fatiles estas campa\u00f1as,<\/span> en tanto que un 77% se\u00f1alaba que sirven para que las v\u00edctimas tomen conciencia de la situaci\u00f3n que atraviesan y denuncien.<\/p>\n<p style=\"text-align: justify;\">Otros informes orientados al estudio de este fen\u00f3meno en la juventud aportaba datos que preocupan al Ministerio: el <strong><span style=\"color: #800080;\">control abusivo<\/span><\/strong> (control de con qui\u00e9n habla, lo que dice o a d\u00f3nde va) afecta al <span style=\"color: #800080;\">28,8% de las adolescentes<\/span>; asimismo, aumentan los adolescentes que reconocen haber ejercido situaciones de violencia de g\u00e9nero en la pareja, desde este control abusivo al insulto o la ridiculizaci\u00f3n, el aislamiento de sus amistades o incluso la violencia f\u00edsica. Hay que a\u00f1adir los riesgos que conlleva el uso de las nuevas tecnolog\u00edas, toda vez que el 25,1% de las chicas reconocen haber sufrido control a trav\u00e9s del m\u00f3vil.<\/p>\n<p style=\"text-align: justify;\">Fotos: AmecoPress<\/p>\n","protected":false},"excerpt":{"rendered":"<p>La delegada del Gobierno para la Violencia de G\u00e9nero, Blanca Hern\u00e1ndez, en representaci\u00f3n del Ministerio de Sanidad, Servicios Sociales e Igualdad, recogi\u00f3 ayer el premio del D\u00eda de Internet 2015 a la mejor campa\u00f1a en la categor\u00eda Publicidad-Servicios P\u00fablicos. Con &hellip; <a href=\"https:\/\/buenostratos-blog.larioja.org\/?p=986\">Sigue leyendo <span class=\"meta-nav\">&rarr;<\/span><\/a><\/p>\n","protected":false},"author":2,"featured_media":0,"comment_status":"open","ping_status":"closed","sticky":false,"template":"","format":"standard","meta":{"footnotes":""},"categories":[13,1],"tags":[],"_links":{"self":[{"href":"https:\/\/buenostratos-blog.larioja.org\/index.php?rest_route=\/wp\/v2\/posts\/986"}],"collection":[{"href":"https:\/\/buenostratos-blog.larioja.org\/index.php?rest_route=\/wp\/v2\/posts"}],"about":[{"href":"https:\/\/buenostratos-blog.larioja.org\/index.php?rest_route=\/wp\/v2\/types\/post"}],"author":[{"embeddable":true,"href":"https:\/\/buenostratos-blog.larioja.org\/index.php?rest_route=\/wp\/v2\/users\/2"}],"replies":[{"embeddable":true,"href":"https:\/\/buenostratos-blog.larioja.org\/index.php?rest_route=%2Fwp%2Fv2%2Fcomments&post=986"}],"version-history":[{"count":4,"href":"https:\/\/buenostratos-blog.larioja.org\/index.php?rest_route=\/wp\/v2\/posts\/986\/revisions"}],"predecessor-version":[{"id":991,"href":"https:\/\/buenostratos-blog.larioja.org\/index.php?rest_route=\/wp\/v2\/posts\/986\/revisions\/991"}],"wp:attachment":[{"href":"https:\/\/buenostratos-blog.larioja.org\/index.php?rest_route=%2Fwp%2Fv2%2Fmedia&parent=986"}],"wp:term":[{"taxonomy":"category","embeddable":true,"href":"https:\/\/buenostratos-blog.larioja.org\/index.php?rest_route=%2Fwp%2Fv2%2Fcategories&post=986"},{"taxonomy":"post_tag","embeddable":true,"href":"https:\/\/buenostratos-blog.larioja.org\/index.php?rest_route=%2Fwp%2Fv2%2Ftags&post=986"}],"curies":[{"name":"wp","href":"https:\/\/api.w.org\/{rel}","templated":true}]}}