{"id":981,"date":"2015-05-15T10:16:42","date_gmt":"2015-05-15T10:16:42","guid":{"rendered":"http:\/\/buenostratos-blog.larioja.org\/?p=981"},"modified":"2019-12-17T11:38:39","modified_gmt":"2019-12-17T11:38:39","slug":"mas-de-300-000-llamadas-de-jovenes-por-violencia-de-genero","status":"publish","type":"post","link":"https:\/\/buenostratos-blog.larioja.org\/?p=981","title":{"rendered":"M\u00e1s de 300.000 llamadas de j\u00f3venes por violencia de g\u00e9nero."},"content":{"rendered":"<p style=\"text-align: justify;\">Ayer los 40 principales organiz\u00f3 una mesa redonda sobre <strong><span style=\"color: #800080;\">ciberacoso y violencia de g\u00e9nero<\/span><\/strong> donde Fundaci\u00f3n ANAR\u00a0 present\u00f3 su informe de 2014 referente a las llamadas atendidas por violencia de g\u00e9nero. Cuando <span style=\"color: #800080;\">se trata<\/span> de <span style=\"color: #800080;\">casos de menores<\/span> el <span style=\"color: #800080;\">016 desv\u00eda<\/span> directamente<span style=\"color: #800080;\"> la llamada a ANAR<\/span>, especializada en la materia.<\/p>\n<p style=\"text-align: justify;\">Leticia Mata fue la encargada de presentar el Informe de Violencia de G\u00e9nero del Tel\u00e9fono ANAR 2014. La mayor\u00eda del p\u00fablico all\u00ed presente no sobrepasaba los 18 a\u00f1os y hab\u00edan asistido con sus profesores y profesoras en horario escolar. Po<a href=\"http:\/\/buenostratos-blog.larioja.org\/wp-content\/uploads\/2015\/05\/IMG_5996.jpg\"><img loading=\"lazy\" decoding=\"async\" class=\"alignright wp-image-982 size-medium\" src=\"http:\/\/buenostratos-blog.larioja.org\/wp-content\/uploads\/2015\/05\/IMG_5996-300x225.jpg\" alt=\"IMG_5996\" width=\"300\" height=\"225\" srcset=\"https:\/\/buenostratos-blog.larioja.org\/wp-content\/uploads\/2015\/05\/IMG_5996-300x225.jpg 300w, https:\/\/buenostratos-blog.larioja.org\/wp-content\/uploads\/2015\/05\/IMG_5996-400x300.jpg 400w, https:\/\/buenostratos-blog.larioja.org\/wp-content\/uploads\/2015\/05\/IMG_5996.jpg 640w\" sizes=\"(max-width: 300px) 100vw, 300px\" \/><\/a>r ello, antes de entrar en materia Mata recordaba que exist\u00edan diferentes n\u00fameros a los que se pod\u00eda llamar dependiendo del caso: por un lado el Tel\u00e9fono ANAR de Ayuda a <span style=\"color: #800080;\"><strong>Ni\u00f1os y Adolescentes<\/strong> <\/span>(<strong><span style=\"color: #800080;\">900 20 20 10<\/span><\/strong>); Tel\u00e9fono ANAR del <strong><span style=\"color: #800080;\">Adulto y la Familia<\/span><\/strong> (<span style=\"color: #800080;\"><strong>600 50 51 52<\/strong><\/span> y ANAR para Ni\u00f1os <strong><span style=\"color: #800080;\">Desaparecidos<\/span> <\/strong>(<span style=\"color: #800080;\"><strong>116 000<\/strong><\/span>). Todos ellos est\u00e1n operativos las 24 horas, son <span style=\"color: #800080;\">gratuitos,<\/span> <span style=\"color: #800080;\">confidenciales, an\u00f3nimos<\/span> y atendidos por profesionales.<\/p>\n<p><span style=\"color: #800080;\"><strong>Datos del informe<\/strong><\/span><\/p>\n<p style=\"text-align: justify;\">Leticia Mata mostraba su preocupaci\u00f3n ante los datos que han estado manejando, pues el <span style=\"color: #800080;\">n\u00famero de llamadas<\/span> atendidas<span style=\"color: #800080;\"> ha ido en aumento<\/span> y <span style=\"color: #800080;\">la gravedad<\/span> de los casos sigue la <span style=\"color: #800080;\">misma tendencia ascendente.<\/span> \u201cEn 2014 hemos atendido m\u00e1s de <strong><span style=\"color: #800080;\">300.000 llamadas<\/span><\/strong>, m\u00e1s de 1.000 por d\u00eda y la violencia se identificaba como la principal causa\u201d. Hac\u00eda una retrospectiva desde el a\u00f1o 2009, donde atendieron un total de 278 y 210 casos, y lo comparaba con los datos del pasado a\u00f1o con 1920 llamadas y 1110 casos de menores. En el informe se distinguen dos tipos de llamadas: aquellas en las que la o el menor muestra su preocupaci\u00f3n por la <span style=\"color: #800080;\">violencia<\/span> de g\u00e9nero existente <span style=\"color: #800080;\">en su entorno familiar<\/span> y aquellas en las que es la propia menor quien est\u00e1 sufriendo <span style=\"color: #800080;\">en primera persona<\/span> esa violencia por parte de su pareja o expareja. De las <span style=\"color: #000000;\">1920 <span style=\"color: #800080;\">llamadas<\/span><\/span> que se atendieron <span style=\"color: #800080;\">1642<\/span> eran referentes al<span style=\"color: #800080;\"> primer tipo<\/span> y <span style=\"color: #800080;\">278 al segundo.<\/span><\/p>\n<p style=\"text-align: justify;\"><!--more--><\/p>\n<p style=\"text-align: justify;\">La mayor\u00eda de las llamadas se concentran en las edades de la adolescencia (16 y 17) a\u00f1os) que representa el 62.6%. Pero Mata tambi\u00e9n destacaba que existen casos registrados (16,5%) en los que las edades eran a\u00fan m\u00e1s tempranas y oscilaban entre los 13 y 14 a\u00f1os. Pero de ello resalt\u00f3 principalmente la problem\u00e1tica que existe a la hora de las que las v\u00edctimas de violencia de g\u00e9nero se reconozcan como tal. Se\u00f1alaba que \u201csolo en el 46,4% de las llamadas la adolescente s\u00ed identifica la situaci\u00f3n que est\u00e1 viviendo como violencia de g\u00e9nero\u201d.<\/p>\n<p><span style=\"color: #800080;\"><strong>Tipos de violencia y el ciberacoso<\/strong><\/span><\/p>\n<p style=\"text-align: justify;\">Como bien dec\u00edamos al comienzo, Leticia Mata tambi\u00e9n explicaba que la gravedad del tipo de violencia tambi\u00e9n iba en aumento. Se recoge en el informe diferentes<span style=\"color: #800080;\"> tipos de violencia<\/span> clasificadas en: <span style=\"color: #800080;\">f\u00edsica, psicol\u00f3gica, sexual, social<\/span>, contra los derechos sexuales y econ\u00f3mica. La que <span style=\"color: #800080;\">mayor porcentaje<\/span> registra es la <span style=\"color: #800080;\">psicol\u00f3gica<\/span> (insultos, chantaje, amenazas etc), experimentada por el <span style=\"color: #800080;\">95,7% de las llamadas,<\/span> y es la que m\u00e1s le cuesta identificar a las v\u00edctimas. Pero hay otro tipo de violencia que tambi\u00e9n juega en paralelo con esta:<span style=\"color: #800080;\"> la social<\/span>. La experimenta un <span style=\"color: #800080;\">65,8% de las j\u00f3venes<\/span> y se refiere a aquellas en las que se muestran <span style=\"color: #800080;\">conductas<\/span> tales como <span style=\"color: #800080;\">aislar a la pareja<\/span> de sus amistades y familia, <span style=\"color: #800080;\">ejercer un control<\/span> sobre sus actividades, humillar y demostrar el poder en presencia de los dem\u00e1s etc. Especial menci\u00f3n merece la violencia que m\u00e1s f\u00e1cilmente se identifica por su huella visible, la f\u00edsica, con un 51,4%.<\/p>\n<p style=\"text-align: justify;\">Pero la<span style=\"color: #800080;\"> violencia<\/span> tambi\u00e9n se va adaptando a la nueva era de<span style=\"color: #800080;\"> internet.<\/span> En <span style=\"color: #800080;\">un 65,5%<\/span> de los casos se ha dado a trav\u00e9s de las nuevas tecnolog\u00edas, lo que es normal teniendo en cuenta que se trata de relaciones sentimentales entre adolescentes y al no haber convivencia la comunicaci\u00f3n se da en la mayor\u00eda de los casos a trav\u00e9s de las redes.<\/p>\n<p style=\"text-align: justify;\">En relaci\u00f3n a este \u00faltimo dato cabe destacar la intervenci\u00f3n de Carlos Hern\u00e1ndez, community manager de la Polic\u00eda Nacional. Llev\u00e1ndolo al terreno de la <span style=\"color: #800080;\">mensajer\u00eda instant\u00e1nea<\/span> se hac\u00eda referencia al tipo de <span style=\"color: #800080;\">control que se ejerce<\/span> en cuanto a querer saber el motivo por el cual la pareja estaba conectada al whatsapp a las tres de las ma\u00f1ana, con qui\u00e9n hablaba, de qu\u00e9 hablaba etc. \u201cEsas situaciones no se pueden permitir ni tolerar, porque una vez se cede te va a pedir cada vez m\u00e1s\u201d, dec\u00eda Hern\u00e1ndez.<\/p>\n<p style=\"text-align: justify;\">Tambi\u00e9n se\u00f1alaba la <span style=\"color: #800080;\">importancia de la intimidad<\/span>. Recomendaba a las j\u00f3venes <span style=\"color: #800080;\">no facilitar sus contrase\u00f1as<\/span> de m\u00f3vil, redes sociales y dem\u00e1s a sus parejas, lo mismo que tampoco deben compartir perfiles. Hay un problema que destacaba principalmente y es el de las fotograf\u00edas. Dec\u00eda que \u201ctenemos muchos casos en los que la joven llama diciendo que su pareja o expareja tiene <span style=\"color: #800080;\">fotos comprometidas<\/span> y la est\u00e1 amenazando con publicarlas. No mand\u00e9is fotograf\u00edas. En realidad los mejores momentos son aquellos que no se fotograf\u00edan\u201d.<\/p>\n<p><span style=\"color: #800080;\"><strong>Qu\u00e9 hacer ante los casos de violencia<\/strong><\/span><\/p>\n<p style=\"text-align: justify;\">Elena Palacios, jefa del \u00c1rea de Seguimiento y Control de la Violencia en el \u00c1mbito Familiar, destacaba que la situaci\u00f3n que vive una persona que sufre violencia de g\u00e9nero es muy compleja. La v\u00edctima acaba teniendo una<span style=\"color: #800080;\"> relaci\u00f3n de dependencia<\/span> con su agresor y en muchas ocasiones no denuncia por tener <span style=\"color: #800080;\">miedo<\/span> o porque <span style=\"color: #800080;\">no se reconoce<\/span> como tal. Por ello dec\u00eda que \u201ces necesaria la valent\u00eda. Y no la <span style=\"color: #800080;\">valent\u00eda<\/span> de la v\u00edctima, sino la valent\u00eda de la <span style=\"color: #800080;\">gente de su alrededor<\/span>. Si ella no es capaz de denunciar hazlo t\u00fa, porque lo que no se puede aceptar es la impunidad de los agresores. Lo que no puede ocurrir tampoco es que en unos a\u00f1os nos arrepintamos de no haberlo hecho y ya sea demasiado tarde porque est\u00e1 muerta\u201d. Se\u00f1alaba que han tenido muchos casos en los que la v\u00edctima ha llegado a suicidarse porque no era capaz de aguantar el acoso y la situaci\u00f3n en la que estaba sumida.<\/p>\n<p>Foto: Archivo AmecoPress<\/p>\n<p>&nbsp;<\/p>\n<p>&nbsp;<\/p>\n","protected":false},"excerpt":{"rendered":"<p>Ayer los 40 principales organiz\u00f3 una mesa redonda sobre ciberacoso y violencia de g\u00e9nero donde Fundaci\u00f3n ANAR\u00a0 present\u00f3 su informe de 2014 referente a las llamadas atendidas por violencia de g\u00e9nero. Cuando se trata de casos de menores el 016 &hellip; <a href=\"https:\/\/buenostratos-blog.larioja.org\/?p=981\">Sigue leyendo <span class=\"meta-nav\">&rarr;<\/span><\/a><\/p>\n","protected":false},"author":2,"featured_media":0,"comment_status":"open","ping_status":"closed","sticky":false,"template":"","format":"standard","meta":{"footnotes":""},"categories":[13,1],"tags":[],"_links":{"self":[{"href":"https:\/\/buenostratos-blog.larioja.org\/index.php?rest_route=\/wp\/v2\/posts\/981"}],"collection":[{"href":"https:\/\/buenostratos-blog.larioja.org\/index.php?rest_route=\/wp\/v2\/posts"}],"about":[{"href":"https:\/\/buenostratos-blog.larioja.org\/index.php?rest_route=\/wp\/v2\/types\/post"}],"author":[{"embeddable":true,"href":"https:\/\/buenostratos-blog.larioja.org\/index.php?rest_route=\/wp\/v2\/users\/2"}],"replies":[{"embeddable":true,"href":"https:\/\/buenostratos-blog.larioja.org\/index.php?rest_route=%2Fwp%2Fv2%2Fcomments&post=981"}],"version-history":[{"count":3,"href":"https:\/\/buenostratos-blog.larioja.org\/index.php?rest_route=\/wp\/v2\/posts\/981\/revisions"}],"predecessor-version":[{"id":985,"href":"https:\/\/buenostratos-blog.larioja.org\/index.php?rest_route=\/wp\/v2\/posts\/981\/revisions\/985"}],"wp:attachment":[{"href":"https:\/\/buenostratos-blog.larioja.org\/index.php?rest_route=%2Fwp%2Fv2%2Fmedia&parent=981"}],"wp:term":[{"taxonomy":"category","embeddable":true,"href":"https:\/\/buenostratos-blog.larioja.org\/index.php?rest_route=%2Fwp%2Fv2%2Fcategories&post=981"},{"taxonomy":"post_tag","embeddable":true,"href":"https:\/\/buenostratos-blog.larioja.org\/index.php?rest_route=%2Fwp%2Fv2%2Ftags&post=981"}],"curies":[{"name":"wp","href":"https:\/\/api.w.org\/{rel}","templated":true}]}}