{"id":954,"date":"2015-04-17T13:02:17","date_gmt":"2015-04-17T13:02:17","guid":{"rendered":"http:\/\/buenostratos-blog.larioja.org\/?p=954"},"modified":"2019-12-17T11:38:39","modified_gmt":"2019-12-17T11:38:39","slug":"dia-internacional-contra-la-exclavitud-infantil","status":"publish","type":"post","link":"https:\/\/buenostratos-blog.larioja.org\/?p=954","title":{"rendered":"D\u00eda Internacional contra la exclavitud Infantil."},"content":{"rendered":"<p style=\"text-align: justify;\">Organismos y ONG internacionales as\u00ed como organizaciones de misiones han denunciado que alrededor de <strong><span style=\"color: #800080;\">400 millones de ni\u00f1os<\/span><\/strong> viven actualmente en situaci\u00f3n de <span style=\"color: #800080;\"><strong>esclavitud<\/strong>,<\/span> muchos de ellos trabajando en la elaboraci\u00f3n de <span style=\"color: #800080;\">productos<\/span> que se <span style=\"color: #800080;\">comercializan en Europa<\/span>, seg\u00fan informa EFE.<a href=\"http:\/\/buenostratos-blog.larioja.org\/wp-content\/uploads\/2015\/04\/123366865_lh.jpg\"><img loading=\"lazy\" decoding=\"async\" class=\"alignright wp-image-955 \" src=\"http:\/\/buenostratos-blog.larioja.org\/wp-content\/uploads\/2015\/04\/123366865_lh-300x197.jpg\" alt=\"123366865_lh\" width=\"276\" height=\"185\" \/><\/a><\/p>\n<p style=\"text-align: justify;\">Minas, basureros, prost\u00edbulos o f\u00e1bricas son s\u00f3lo algunos de los lugares en los que millones de ni\u00f1os en todo el mundo trabajan, <span style=\"color: #800080;\">sin posibilidad de ir a la escuela<\/span>. La organizaci\u00f3n Misiones Salesianas ha indicado que millones de menores en la India trabajan haciendo ladrillos por sueldos m\u00edseros; unos 10.000 en las minas de esmeralda de Colombia; 367.000 ni\u00f1os son esclavos dom\u00e9sticos o prostituidos en Ecuador y el 38% de los menores de Per\u00fa sufren esclavitud en las minas de Suyo, seg\u00fan recoge Europa Press.<\/p>\n<p style=\"text-align: justify;\">Con motivo de la celebraci\u00f3n del <strong><span style=\"color: #800080;\">D\u00eda Mundial contra la Esclavitud Infantil,<\/span><\/strong> las organizaciones reiteran la necesidad de luchar contra este fen\u00f3meno. La Confederaci\u00f3n espa\u00f1ola de religiosos (Confer) declar\u00f3 para EFE (seg\u00fan recoge El Economista) que \u201cindirectamente, esta esclavitud entra a formar parte de nuestra vida de cada d\u00eda\u201d, ya que muchos de los productos que consumimos podr\u00edan ser fruto del trabajo forzado de menores. Confer anima a no escatimar ning\u00fan esfuerzo para combatir estas injusticias y brindar a todos los ni\u00f1os la protecci\u00f3n legal que merecen.<\/p>\n<p style=\"text-align: justify;\"><strong><span style=\"color: #800080;\">Historia del D\u00eda Mundial contra la Esclavitud Infantil<\/span><\/strong><br \/>\nLa fecha de celebraci\u00f3n de este d\u00eda mundial no es fortuita. Tal d\u00eda como hoy, un ni\u00f1o esclavo paquistan\u00ed de 12 a\u00f1os, Iqbal Masih, logr\u00f3 liberarse de sus amos y trabaj\u00f3 por la liberaci\u00f3n de otros ni\u00f1os hasta que fue asesinado el 16 de abril de 1995, por miembros de las mafias de fabricantes de alfombras.<\/p>\n<p style=\"text-align: justify;\">Seg\u00fan informa EFE, Iqbal fue \u201ccedido\u201d a un fabricante de alfombras por su padre a cambio de un pr\u00e9stamo de 600 rupias, y durante seis a\u00f1os fue obligado a realizar jornadas laborales de m\u00e1s de 12 horas, encadenado al telar y maltratado<\/p>\n<p>http:\/\/www.compromisorse.com<\/p>\n","protected":false},"excerpt":{"rendered":"<p>Organismos y ONG internacionales as\u00ed como organizaciones de misiones han denunciado que alrededor de 400 millones de ni\u00f1os viven actualmente en situaci\u00f3n de esclavitud, muchos de ellos trabajando en la elaboraci\u00f3n de productos que se comercializan en Europa, seg\u00fan informa &hellip; <a href=\"https:\/\/buenostratos-blog.larioja.org\/?p=954\">Sigue leyendo <span class=\"meta-nav\">&rarr;<\/span><\/a><\/p>\n","protected":false},"author":2,"featured_media":0,"comment_status":"open","ping_status":"closed","sticky":false,"template":"","format":"standard","meta":{"footnotes":""},"categories":[1],"tags":[],"_links":{"self":[{"href":"https:\/\/buenostratos-blog.larioja.org\/index.php?rest_route=\/wp\/v2\/posts\/954"}],"collection":[{"href":"https:\/\/buenostratos-blog.larioja.org\/index.php?rest_route=\/wp\/v2\/posts"}],"about":[{"href":"https:\/\/buenostratos-blog.larioja.org\/index.php?rest_route=\/wp\/v2\/types\/post"}],"author":[{"embeddable":true,"href":"https:\/\/buenostratos-blog.larioja.org\/index.php?rest_route=\/wp\/v2\/users\/2"}],"replies":[{"embeddable":true,"href":"https:\/\/buenostratos-blog.larioja.org\/index.php?rest_route=%2Fwp%2Fv2%2Fcomments&post=954"}],"version-history":[{"count":1,"href":"https:\/\/buenostratos-blog.larioja.org\/index.php?rest_route=\/wp\/v2\/posts\/954\/revisions"}],"predecessor-version":[{"id":956,"href":"https:\/\/buenostratos-blog.larioja.org\/index.php?rest_route=\/wp\/v2\/posts\/954\/revisions\/956"}],"wp:attachment":[{"href":"https:\/\/buenostratos-blog.larioja.org\/index.php?rest_route=%2Fwp%2Fv2%2Fmedia&parent=954"}],"wp:term":[{"taxonomy":"category","embeddable":true,"href":"https:\/\/buenostratos-blog.larioja.org\/index.php?rest_route=%2Fwp%2Fv2%2Fcategories&post=954"},{"taxonomy":"post_tag","embeddable":true,"href":"https:\/\/buenostratos-blog.larioja.org\/index.php?rest_route=%2Fwp%2Fv2%2Ftags&post=954"}],"curies":[{"name":"wp","href":"https:\/\/api.w.org\/{rel}","templated":true}]}}