{"id":945,"date":"2015-04-10T12:49:27","date_gmt":"2015-04-10T12:49:27","guid":{"rendered":"http:\/\/buenostratos-blog.larioja.org\/?p=945"},"modified":"2019-12-17T11:38:39","modified_gmt":"2019-12-17T11:38:39","slug":"el-futbol-se-une-contra-la-violencia-de-genero","status":"publish","type":"post","link":"https:\/\/buenostratos-blog.larioja.org\/?p=945","title":{"rendered":"El f\u00fatbol se une contra la Violencia de G\u00e9nero."},"content":{"rendered":"<p style=\"text-align: justify;\">Se trata de una campa\u00f1ana de concienciaci\u00f3n dirigida a la sociedad en general y la juventud en particular.<\/p>\n<p style=\"text-align: justify;\">La campa\u00f1a contra la violencia de g\u00e9nero que daba a conocer ayer la Asociaci\u00f3n de Futbolistas Espa\u00f1oles (AFE) fue apoyada por el Ministro de Sanidad, Servicios Sociales e Igualdad, Alfonso Alonso.<a href=\"http:\/\/buenostratos-blog.larioja.org\/wp-content\/uploads\/2015\/04\/futbol.jpg\"><img loading=\"lazy\" decoding=\"async\" class=\"alignleft wp-image-946 size-full\" src=\"http:\/\/buenostratos-blog.larioja.org\/wp-content\/uploads\/2015\/04\/futbol.jpg\" alt=\"futbol\" width=\"192\" height=\"112\" \/><\/a><\/p>\n<p style=\"text-align: justify;\">\u201c<span style=\"color: #800080;\">La violencia de g\u00e9nero<\/span> es algo que <span style=\"color: #800080;\">afecta a todos<\/span> y cada uno de nosotros, y por ello, la eliminaci\u00f3n de esta lacra no puede conseguirse sin la participaci\u00f3n de los profesionales, de las organizaciones, de cada persona, hombres y mujeres; todos somos aliados imprescindibles en la consecuci\u00f3n de una sociedad libre de violencia machista\u201d asegur\u00f3 Alfonso Alonso. El ministro agradeci\u00f3 a los participantes de la campa\u00f1a<strong><span style=\"color: #800080;\"> \u201cRespeta a tu pareja\u201d<\/span><\/strong> y record\u00f3 la responsabilidad tan importante que tienen frente a la juventud y la sociedad.<\/p>\n<p style=\"text-align: justify;\">El secretario no estuvo solo, el Presidente de la AFE y el actor Antonio de la Torre, protagonista de una de las piezas audiovisuales, tambi\u00e9n han participado en el acto celebrado ayer en Madrid.<\/p>\n<p style=\"text-align: justify;\">Los <span style=\"color: #800080;\">datos alarman<\/span> de la violencia machista existente en Espa\u00f1a. Aunque el ministro afirm\u00f3 que cada vez son m\u00e1s las mujeres que superan y lograr salir de la violencia de g\u00e9nero (un 77,6% frente a un 72,48% en 2011, de acuerdo con la \u00faltima Macroencuesta del Ministerio y el CIS), <span style=\"color: #800080;\">preocupa<\/span> y bastante <span style=\"color: #800080;\">el porcentaje de mujeres j\u00f3venes<\/span> que <span style=\"color: #800080;\">reconocen haber sufrido violencia de g\u00e9nero<\/span> (<strong><span style=\"color: #800080;\">25,4%<\/span><\/strong> de las mayores de 16 a\u00f1os).<\/p>\n<p style=\"text-align: justify;\">Datos que hacen que campa\u00f1as como estas sean tan importantes para <span style=\"color: #800080;\">concienciar a la sociedad<\/span> y <span style=\"color: #800080;\">sobre todo a j\u00f3venes<\/span> para parar esta actitud miserable. El <span style=\"color: #800080;\">deporte<\/span>, como se\u00f1al\u00f3 Alfonso Alonso, tiene unos <span style=\"color: #800080;\">valores de solidaridad, compa\u00f1erismo<\/span> y <span style=\"color: #800080;\">esp\u00edritu de superaci\u00f3n<\/span> lo que <span style=\"color: #800080;\">puede servir de referencia<\/span> a muchas mujeres que han sido o son v\u00edctimas de malos tratos.<\/p>\n<p style=\"text-align: justify;\">El<span style=\"color: #800080;\"> f\u00fatbol<\/span> en Espa\u00f1a es una de las <span style=\"color: #800080;\">actividades m\u00e1s influyentes<\/span> en la sociedad por eso es <span style=\"color: #800080;\">sustancial que se denuncie la violencia desde este deporte<\/span> ya que va a calar en la mayor\u00eda de la sociedad.<\/p>\n<p style=\"text-align: justify;\">Una campa\u00f1a que aparece tras la pol\u00e9mica del jugador de Betis acusado de malos tratos hac\u00eda su ex pareja. C\u00e1nticos a favor de esta supuesta actuaci\u00f3n provocaron indignaci\u00f3n en gran parte de la sociedad, sobre todo en el sector femenino. Campa\u00f1as y actuaciones como esta deber\u00edan hacerse m\u00e1s a menudo ya que el f\u00fatbol interviene e influye en la vida de los y las m\u00e1s peque\u00f1as.<\/p>\n<p style=\"text-align: justify;\">Foto: Archivo AmecoPress<\/p>\n","protected":false},"excerpt":{"rendered":"<p>Se trata de una campa\u00f1ana de concienciaci\u00f3n dirigida a la sociedad en general y la juventud en particular. La campa\u00f1a contra la violencia de g\u00e9nero que daba a conocer ayer la Asociaci\u00f3n de Futbolistas Espa\u00f1oles (AFE) fue apoyada por el &hellip; <a href=\"https:\/\/buenostratos-blog.larioja.org\/?p=945\">Sigue leyendo <span class=\"meta-nav\">&rarr;<\/span><\/a><\/p>\n","protected":false},"author":2,"featured_media":0,"comment_status":"open","ping_status":"closed","sticky":false,"template":"","format":"standard","meta":{"footnotes":""},"categories":[1],"tags":[],"_links":{"self":[{"href":"https:\/\/buenostratos-blog.larioja.org\/index.php?rest_route=\/wp\/v2\/posts\/945"}],"collection":[{"href":"https:\/\/buenostratos-blog.larioja.org\/index.php?rest_route=\/wp\/v2\/posts"}],"about":[{"href":"https:\/\/buenostratos-blog.larioja.org\/index.php?rest_route=\/wp\/v2\/types\/post"}],"author":[{"embeddable":true,"href":"https:\/\/buenostratos-blog.larioja.org\/index.php?rest_route=\/wp\/v2\/users\/2"}],"replies":[{"embeddable":true,"href":"https:\/\/buenostratos-blog.larioja.org\/index.php?rest_route=%2Fwp%2Fv2%2Fcomments&post=945"}],"version-history":[{"count":1,"href":"https:\/\/buenostratos-blog.larioja.org\/index.php?rest_route=\/wp\/v2\/posts\/945\/revisions"}],"predecessor-version":[{"id":947,"href":"https:\/\/buenostratos-blog.larioja.org\/index.php?rest_route=\/wp\/v2\/posts\/945\/revisions\/947"}],"wp:attachment":[{"href":"https:\/\/buenostratos-blog.larioja.org\/index.php?rest_route=%2Fwp%2Fv2%2Fmedia&parent=945"}],"wp:term":[{"taxonomy":"category","embeddable":true,"href":"https:\/\/buenostratos-blog.larioja.org\/index.php?rest_route=%2Fwp%2Fv2%2Fcategories&post=945"},{"taxonomy":"post_tag","embeddable":true,"href":"https:\/\/buenostratos-blog.larioja.org\/index.php?rest_route=%2Fwp%2Fv2%2Ftags&post=945"}],"curies":[{"name":"wp","href":"https:\/\/api.w.org\/{rel}","templated":true}]}}