{"id":930,"date":"2015-03-26T11:30:01","date_gmt":"2015-03-26T11:30:01","guid":{"rendered":"http:\/\/buenostratos-blog.larioja.org\/?p=930"},"modified":"2019-12-17T11:38:39","modified_gmt":"2019-12-17T11:38:39","slug":"empleoparatodas","status":"publish","type":"post","link":"https:\/\/buenostratos-blog.larioja.org\/?p=930","title":{"rendered":"#EmpleoParaTodas."},"content":{"rendered":"<p style=\"text-align: justify;\"><strong><span style=\"color: #800080;\">La Fundaci\u00f3n Adecco lanza una iniciativa que promueve la igualdad de oportunidades laborales entre hombres y mujeres.<\/span><\/strong><\/p>\n<p style=\"text-align: justify;\">Bajo el lema <span style=\"color: #800080;\">\u2018No le pongas g\u00e9nero, ponle talento\u2019<\/span>, la Fundaci\u00f3n Adecco, con la colaboraci\u00f3n de ocho grandes empresas, ha lanzado un mensaje de sensibilizaci\u00f3n para promover la igualdad de oportunidades laborales entre hombres y mujeres, <strong><span style=\"color: #800080;\">#EmpleoParaTodas.\u00a0\u00a0\u00a0\u00a0\u00a0\u00a0\u00a0\u00a0\u00a0\u00a0\u00a0\u00a0\u00a0\u00a0\u00a0\u00a0\u00a0\u00a0\u00a0\u00a0\u00a0\u00a0\u00a0\u00a0\u00a0\u00a0\u00a0\u00a0\u00a0\u00a0\u00a0\u00a0\u00a0\u00a0\u00a0\u00a0\u00a0\u00a0\u00a0\u00a0\u00a0\u00a0\u00a0\u00a0\u00a0\u00a0 \u00a0 \u00a0 \u00a0 \u00a0\u00a0 <\/span><\/strong>Este mensaje tran<a href=\"http:\/\/buenostratos-blog.larioja.org\/wp-content\/uploads\/2015\/03\/adecco_foto.jpg\"><img loading=\"lazy\" decoding=\"async\" class=\"alignleft wp-image-931 size-medium\" src=\"http:\/\/buenostratos-blog.larioja.org\/wp-content\/uploads\/2015\/03\/adecco_foto-300x118.jpg\" alt=\"adecco_foto\" width=\"300\" height=\"118\" srcset=\"https:\/\/buenostratos-blog.larioja.org\/wp-content\/uploads\/2015\/03\/adecco_foto-300x118.jpg 300w, https:\/\/buenostratos-blog.larioja.org\/wp-content\/uploads\/2015\/03\/adecco_foto-500x197.jpg 500w, https:\/\/buenostratos-blog.larioja.org\/wp-content\/uploads\/2015\/03\/adecco_foto.jpg 544w\" sizes=\"(max-width: 300px) 100vw, 300px\" \/><\/a>smitido a trav\u00e9s de un v\u00eddeo est\u00e1 protagonizado por diversos rostros an\u00f3nimos de diferentes nacionalidades, generaciones, con discapacidad o sin ella, que se han presentado voluntariamente para trasladar a la sociedad que las competencias personales no se miden por el g\u00e9nero, sino por el talento.<\/p>\n<p>La campa\u00f1a se puede visualizar en<a href=\"http:\/\/fundacionadecco.org\/empleoparatodas\/\">\u00a0\u00a0 http:\/\/fundacionadecco.org\/empleoparatodas\/ <\/a><\/p>\n<p style=\"text-align: justify;\">Arancha Jim\u00e9nez, directora de Operaciones de la Fundaci\u00f3n Adecco, ha afirmado que a trav\u00e9s de esta campa\u00f1a desean<span style=\"color: #800080;\"> promover la igualdad efectiva entre hombres y mujeres<\/span> en el<span style=\"color: #800080;\"> terreno profesional,<\/span> donde a\u00fan siguen persistiendo clich\u00e9s hist\u00f3ricos y culturales que llevan a la discriminaci\u00f3n.<\/p>\n<p style=\"text-align: justify;\">Por su parte, Margarita \u00c1lvarez, directora de Marketing y Comunicaci\u00f3n de Adecco destaca que: <span style=\"color: #800080;\">\u201cla igualdad de g\u00e9nero empieza por el compromiso<\/span> que asumamos las <span style=\"color: #800080;\">empresas<\/span> en este \u00e1mbito. En nuestra sociedad, cuando se habla de <span style=\"color: #800080;\">conciliaci\u00f3n<\/span>\u00a0<span style=\"color: #800080;\">se<\/span> <span style=\"color: #800080;\">piensa<\/span> exclusivamente <span style=\"color: #800080;\">en mujeres<\/span> y esto significa que a\u00fan hay mucho trabajo por hacer para alcanzar una igualdad certera y real\u201d.<\/p>\n<p style=\"text-align: justify;\">Junto a Adecco tambi\u00e9n han participado en esta iniciativa Cepsa, Confectionary Holding, GSK, Henkel, Orange, Red El\u00e9ctrica de Espa\u00f1a y Veiasa.<\/p>\n<p>AmecoPress<\/p>\n","protected":false},"excerpt":{"rendered":"<p>La Fundaci\u00f3n Adecco lanza una iniciativa que promueve la igualdad de oportunidades laborales entre hombres y mujeres. Bajo el lema \u2018No le pongas g\u00e9nero, ponle talento\u2019, la Fundaci\u00f3n Adecco, con la colaboraci\u00f3n de ocho grandes empresas, ha lanzado un mensaje &hellip; <a href=\"https:\/\/buenostratos-blog.larioja.org\/?p=930\">Sigue leyendo <span class=\"meta-nav\">&rarr;<\/span><\/a><\/p>\n","protected":false},"author":2,"featured_media":0,"comment_status":"open","ping_status":"closed","sticky":false,"template":"","format":"standard","meta":{"footnotes":""},"categories":[1],"tags":[],"_links":{"self":[{"href":"https:\/\/buenostratos-blog.larioja.org\/index.php?rest_route=\/wp\/v2\/posts\/930"}],"collection":[{"href":"https:\/\/buenostratos-blog.larioja.org\/index.php?rest_route=\/wp\/v2\/posts"}],"about":[{"href":"https:\/\/buenostratos-blog.larioja.org\/index.php?rest_route=\/wp\/v2\/types\/post"}],"author":[{"embeddable":true,"href":"https:\/\/buenostratos-blog.larioja.org\/index.php?rest_route=\/wp\/v2\/users\/2"}],"replies":[{"embeddable":true,"href":"https:\/\/buenostratos-blog.larioja.org\/index.php?rest_route=%2Fwp%2Fv2%2Fcomments&post=930"}],"version-history":[{"count":6,"href":"https:\/\/buenostratos-blog.larioja.org\/index.php?rest_route=\/wp\/v2\/posts\/930\/revisions"}],"predecessor-version":[{"id":937,"href":"https:\/\/buenostratos-blog.larioja.org\/index.php?rest_route=\/wp\/v2\/posts\/930\/revisions\/937"}],"wp:attachment":[{"href":"https:\/\/buenostratos-blog.larioja.org\/index.php?rest_route=%2Fwp%2Fv2%2Fmedia&parent=930"}],"wp:term":[{"taxonomy":"category","embeddable":true,"href":"https:\/\/buenostratos-blog.larioja.org\/index.php?rest_route=%2Fwp%2Fv2%2Fcategories&post=930"},{"taxonomy":"post_tag","embeddable":true,"href":"https:\/\/buenostratos-blog.larioja.org\/index.php?rest_route=%2Fwp%2Fv2%2Ftags&post=930"}],"curies":[{"name":"wp","href":"https:\/\/api.w.org\/{rel}","templated":true}]}}