{"id":902,"date":"2015-03-04T11:17:53","date_gmt":"2015-03-04T11:17:53","guid":{"rendered":"http:\/\/buenostratos-blog.larioja.org\/?p=902"},"modified":"2019-12-17T11:38:40","modified_gmt":"2019-12-17T11:38:40","slug":"dia-internacional-de-la-mujer-8-de-marzo","status":"publish","type":"post","link":"https:\/\/buenostratos-blog.larioja.org\/?p=902","title":{"rendered":"D\u00eda Internacional de la Mujer. 8 de marzo"},"content":{"rendered":"<p style=\"text-align: justify;\">Con motivo de la celebraci\u00f3n del <strong><span style=\"color: #800080;\">8 de marzo, D\u00eda Internacional de la Mujer,<\/span><\/strong> la Consejer\u00eda de Salud y Servicios Sociales, a trav\u00e9s de la Direcci\u00f3n General de Servicios Sociales, ha organizado <span style=\"color: #800080;\">diversos actos conmemorativos<\/span> para los d\u00edas <span style=\"color: #800080;\">5 y 6 de marzo.<\/span> Contamos con una actividad infantil y un encuentro profesional con una charla en materia de igualdad, cuyas participantes ser\u00e1n profesionales que trabajan en diversos \u00e1mbitos en materia de mujer. El d\u00eda 6 de marzo tendr\u00e1 lugar la lectura de un manifiesto.<\/p>\n<p><strong>Programaci\u00f3n:<\/strong><\/p>\n<p style=\"text-align: justify;\"><span style=\"color: #800080;\">Jueves 5 de marzo a las 12:00 h<\/span>. <strong>Teatro infantil:<\/strong> Compa\u00f1\u00eda Las Pituis<strong><a href=\"http:\/\/buenostratos-blog.larioja.org\/wp-content\/uploads\/2015\/03\/cartel_dia_de_la_mujer_2015.jpg\"><img loading=\"lazy\" decoding=\"async\" class=\"alignright wp-image-903 size-medium\" src=\"http:\/\/buenostratos-blog.larioja.org\/wp-content\/uploads\/2015\/03\/cartel_dia_de_la_mujer_2015-201x300.jpg\" alt=\"cartel_dia_de_la_mujer_2015\" width=\"201\" height=\"300\" srcset=\"https:\/\/buenostratos-blog.larioja.org\/wp-content\/uploads\/2015\/03\/cartel_dia_de_la_mujer_2015-201x300.jpg 201w, https:\/\/buenostratos-blog.larioja.org\/wp-content\/uploads\/2015\/03\/cartel_dia_de_la_mujer_2015.jpg 203w\" sizes=\"(max-width: 201px) 100vw, 201px\" \/><\/a><\/strong>ter. Obra \u00bb <strong><span style=\"color: #800080;\">Ni m\u00e1s ni menos\u00bb<\/span><\/strong> en la Sala Gonzalo de Berceo (C\/ Calvo Sotelo, 11 de Logro\u00f1o).<\/p>\n<p style=\"text-align: justify;\"><span style=\"color: #800080;\">Viernes 6 de marzo a las 10:30 h<\/span>. <strong>Encuentro profesional.<\/strong> Charla <strong><span style=\"color: #800080;\">\u00abMujer y medios de comunicaci\u00f3n\u00bb<\/span><\/strong> a cargo de D\u00f1a. Dori Santolaya Ruiz-Clavijo en la Consejer\u00eda de Salud y Servicios Sociales (C\/ Villamediana, 17 de Logro\u00f1o).<\/p>\n<p style=\"text-align: justify;\"><span style=\"color: #800080;\">Viernes 6 de marzo a las 12:00 h<\/span>.<strong> Lectura de <\/strong><strong>manifiesto<\/strong> en la Consejer\u00eda de Salud y Servicios Sociales (C\/ Villamediana, 17 de Logro\u00f1o).<\/p>\n<p style=\"text-align: justify;\"><a title=\"Cartel\" href=\"http:\/\/www.larioja.org\/npRioja\/components\/ged\/tools\/dlg\/dlg_opendocument.jsp?Download=false&amp;IdDoc=882829&amp;IdGed=25264\">Cartel PDF<\/a><\/p>\n","protected":false},"excerpt":{"rendered":"<p>Con motivo de la celebraci\u00f3n del 8 de marzo, D\u00eda Internacional de la Mujer, la Consejer\u00eda de Salud y Servicios Sociales, a trav\u00e9s de la Direcci\u00f3n General de Servicios Sociales, ha organizado diversos actos conmemorativos para los d\u00edas 5 y &hellip; <a href=\"https:\/\/buenostratos-blog.larioja.org\/?p=902\">Sigue leyendo <span class=\"meta-nav\">&rarr;<\/span><\/a><\/p>\n","protected":false},"author":2,"featured_media":0,"comment_status":"open","ping_status":"closed","sticky":false,"template":"","format":"standard","meta":{"footnotes":""},"categories":[13,1],"tags":[],"_links":{"self":[{"href":"https:\/\/buenostratos-blog.larioja.org\/index.php?rest_route=\/wp\/v2\/posts\/902"}],"collection":[{"href":"https:\/\/buenostratos-blog.larioja.org\/index.php?rest_route=\/wp\/v2\/posts"}],"about":[{"href":"https:\/\/buenostratos-blog.larioja.org\/index.php?rest_route=\/wp\/v2\/types\/post"}],"author":[{"embeddable":true,"href":"https:\/\/buenostratos-blog.larioja.org\/index.php?rest_route=\/wp\/v2\/users\/2"}],"replies":[{"embeddable":true,"href":"https:\/\/buenostratos-blog.larioja.org\/index.php?rest_route=%2Fwp%2Fv2%2Fcomments&post=902"}],"version-history":[{"count":3,"href":"https:\/\/buenostratos-blog.larioja.org\/index.php?rest_route=\/wp\/v2\/posts\/902\/revisions"}],"predecessor-version":[{"id":906,"href":"https:\/\/buenostratos-blog.larioja.org\/index.php?rest_route=\/wp\/v2\/posts\/902\/revisions\/906"}],"wp:attachment":[{"href":"https:\/\/buenostratos-blog.larioja.org\/index.php?rest_route=%2Fwp%2Fv2%2Fmedia&parent=902"}],"wp:term":[{"taxonomy":"category","embeddable":true,"href":"https:\/\/buenostratos-blog.larioja.org\/index.php?rest_route=%2Fwp%2Fv2%2Fcategories&post=902"},{"taxonomy":"post_tag","embeddable":true,"href":"https:\/\/buenostratos-blog.larioja.org\/index.php?rest_route=%2Fwp%2Fv2%2Ftags&post=902"}],"curies":[{"name":"wp","href":"https:\/\/api.w.org\/{rel}","templated":true}]}}