{"id":90,"date":"2013-10-24T08:44:13","date_gmt":"2013-10-24T08:44:13","guid":{"rendered":"http:\/\/buenostratos-dev.larioja.org\/?p=90"},"modified":"2019-12-17T11:38:59","modified_gmt":"2019-12-17T11:38:59","slug":"la-violencia-machista-sobrevive-en-las-parejas-mas-jovenes","status":"publish","type":"post","link":"https:\/\/buenostratos-blog.larioja.org\/?p=90","title":{"rendered":"La violencia machista"},"content":{"rendered":"<div class=\"columna_principal\">\n<div class=\"article estirar\">\n<div class=\"columna_texto\">\n<div class=\"cuerpo_noticia\" id=\"cuerpo_noticia\">\n<p style=\"text-align: justify;\"><span style=\"color: #3366ff;\"><strong>La violencia machista sobrevive en las parejas m\u00e1s j\u00f3venes.<\/strong><\/span><\/p>\n<p style=\"text-align: justify;\">\u201c\u00bfSi me acuerdo de la primera vez?\u201d. Cristina entorna los ojos. A\u00fan medio cerrados siguen siendo grandes, marrones y brillantes. \u201cNo s\u00e9&#8230; Empez\u00f3 poco a poco. Tirones de pelo alguna vez, empujones&#8230; Una tarde que est\u00e1bamos en un parque se enfad\u00f3 y empez\u00f3 a pegarme pu\u00f1etazos en los brazos y en la tripa. Luego se puso a llorar. Me asust\u00e9 tanto&#8230; Y me sent\u00ed tan mal por verle as\u00ed que&#8230;\u201d, relata. El d\u00eda de esa agresi\u00f3n Cristina, que hoy acaba de cumplir la mayor\u00eda de edad, ten\u00eda 15 a\u00f1os y llevaba seis meses saliendo con ese chico, de 16. Cuenta que al principio todo era \u201cm\u00e1gico\u201d. Que el resto del mundo no exist\u00eda para ellos. Pero gesto a gesto \u00e9l la absorbi\u00f3. Y la anul\u00f3 mucho antes de levantarle la mano. Poco despu\u00e9s, en una fiesta, una amiga vio como \u00e9l le agarraba del pelo y le gritaba. \u201cEstaba hist\u00e9rico y mi amiga se asust\u00f3. Me dijo que el t\u00edo era un bestia y que ten\u00eda que dejarle. En verdad no era nada comparado con otras veces y algo le cont\u00e9; pero nunca hablamos de maltrato. Para m\u00ed, lo m\u00edo era otra cosa. Violencia de g\u00e9nero es lo que les pasa a las mujeres mayores, casadas, adultas. As\u00ed pensaba yo\u201d, dice con una sonrisa cansada.<\/p>\n<p style=\"text-align: justify;\"><!--more--><\/p>\n<p style=\"text-align: justify;\">Le cost\u00f3 entender que no. Que hab\u00eda muchas historias similares a la suya. En un a\u00f1o, de 2011 a 2012, los procesos judiciales por violencia machista en adolescentes se han incrementado un 30%. Han pasado de 473 a 632, seg\u00fan la Memoria de la Fiscal\u00eda General del Estado de 2013. Son los primeros datos claros y tangibles de este delito en menores \u2014antes de esas fechas se recog\u00edan como violencia intrafamiliar\u2014. Aunque los expertos avisan de que la cifra es solo una migaja de realidad, la que llega a los tribunales. Muchas familias no denuncian lo que les ocurre a las chicas. Otras no llegan a identificar la situaci\u00f3n de maltrato.<\/p>\n<p style=\"text-align: justify;\">Como A., de 14 a\u00f1os, que hace diez d\u00edas fue asesinada a pu\u00f1aladas por su exnovio, de 18 a\u00f1os, en su casa de T\u00e0rrega (Catalu\u00f1a). Ni la adolescente ni su familia hab\u00edan denunciado al joven que termin\u00f3 con su vida. La chica, que hab\u00eda roto con \u00e9l hac\u00eda dos semanas, es la v\u00edctima mortal m\u00e1s joven de la violencia de g\u00e9nero de este a\u00f1o, en el que los asesinos machistas han segado la vida de 39 mujeres. Desde que se empezaron a contabilizar las v\u00edctimas mortales del sexismo, en 2004, se han registrado dos casos en menores. El de A. y el de <a href=\"http:\/\/sociedad.elpais.com\/sociedad\/2012\/10\/22\/actualidad\/1350892970_872889.html\">Almudena, que muri\u00f3 hace justo un a\u00f1o en El Salobral (Albacete)<\/a> asesinada a tiros por el hombre de 40 con el que mantuvo una relaci\u00f3n.<\/p>\n<div class=\"izquierda\" id=\"sumario_1|foto\" style=\"text-align: justify;\"><a name=\"sumario_1\"><\/a><\/div>\n<\/div>\n<\/div>\n<\/div>\n<\/div>\n<div class=\"media\">\n<div class=\"foto figure\"><img loading=\"lazy\" decoding=\"async\" title=\"\" alt=\"\" src=\"http:\/\/ep01.epimg.net\/sociedad\/imagenes\/2013\/10\/19\/actualidad\/1382206109_621723_1382206397_sumario_normal.jpg\" width=\"560\" height=\"841\" \/><\/p>\n<p class=\"figcaption estirar\">El novio de Alicia le rompi\u00f3 una pierna a patadas. Estuvo con \u00e9l de los 14 a los 19. \/ <span class=\"firma\">Samuel S\u00e1nchez<\/span><\/p>\n<\/div>\n<\/div>\n<p style=\"text-align: justify;\">Son dos muestras extremas. Pero psic\u00f3logos, educadores y juristas resaltan que se est\u00e1n detectando, y produciendo, comportamientos y agresiones machistas a edades cada vez m\u00e1s tempranas. \u201cEn los j\u00f3venes se reproducen roles que cre\u00edamos superados. Patrones en los que el chico es el dominante y ejerce esa dominaci\u00f3n a trav\u00e9s del control, y la chica adopta una actitud sumisa o complaciente\u201d, describe Susana Mart\u00ednez, presidenta de la Comisi\u00f3n de Estudio de Malos Tratos a Mujeres. Muchas de esas relaciones siguen bas\u00e1ndose en el esquema tradicional del amor rom\u00e1ntico en el que el hombre es fuerte y la mujer d\u00e9bil, dependiente, necesitada de protecci\u00f3n. \u201cComo en el cuento de la princesa que necesita que el pr\u00edncipe la salve. Esas pautas, llevadas al extremo, <a href=\"http:\/\/sociedad.elpais.com\/sociedad\/2010\/07\/07\/actualidad\/1278453608_850215.html\">pueden derivar en conductas violentas;<\/a> pero aunque no lleguen a ello, esas relaciones est\u00e1n impidiendo que las chicas se desarrollen como agentes activos de la sociedad\u201d, apunta Ana Bella Hern\u00e1ndez, que preside una fundaci\u00f3n de mujeres supervivientes a la violencia de g\u00e9nero que lleva su nombre.<\/p>\n<p style=\"text-align: justify;\">Alicia se adentr\u00f3 en ese cuento de princesas cuando ten\u00eda 14 a\u00f1os y empez\u00f3 a salir con su primer novio, de 16. Recuerda que se sent\u00eda enamorada hasta el tu\u00e9tano y que, aunque casi desde el principio \u00e9l ten\u00eda enormes arrebatos de celos no lo vio mal. \u201cMe sent\u00eda incluso halagada. Lo tomaba como si fuera mi caballero andante que estaba celoso porque me quer\u00eda mucho\u201d, cuenta. Esta joven rubia, de ojos ambarinos y gesto risue\u00f1o prefiere no dar su nombre real. Cuenta que por aquel entonces su vida era \u00e9l. Se escapaba de casa para verle, faltaba a clase. Con las semanas y los meses esos arrebatos de celos que acababan en discusiones e insultos dieron paso a los empujones, los escupitajos. Tambi\u00e9n a la violencia sexual, muchas veces invisible en las estad\u00edsticas o en los estudios.<\/p>\n<p style=\"text-align: justify;\">Estuvieron juntos hasta que ella cumpli\u00f3 19. Ahora tiene 24. \u201cLos episodios de violencia se suced\u00edan. Pero ocurr\u00eda, \u00e9l me ped\u00eda perd\u00f3n y yo le disculpaba&#8230; Incluso me llegaba a sentir culpable por haberle provocado, por haber hecho que se alterara de esa forma&#8230; Yo le amaba&#8230; O al menos eso cre\u00eda\u201d, cuenta Alicia. Una noche, a la salida de una discoteca, \u00e9l le dio una paliza. La emprendi\u00f3 a patadas con la chica, le rompi\u00f3 una pierna y le provoc\u00f3 una lesi\u00f3n en el cuello. \u201cUna amiga me llev\u00f3 al hospital, me escayolaron y me tuvieron que poner un collar\u00edn\u201d, relata. Cuando lleg\u00f3 a casa y le cont\u00f3 a su madre la verdad, la mujer sufri\u00f3 una conmoci\u00f3n. No sab\u00eda nada.<\/p>\n<div class=\"derecha\" id=\"sumario_2|html\" style=\"text-align: justify;\"><a name=\"sumario_2\"><\/a><\/p>\n<p class=\"texto_grande\">\u201c\u00c9l era mi vida y al inicio pens\u00e9 que los celos probaban su amor\u201d, cuenta Alicia<\/p>\n<\/div>\n<p style=\"text-align: justify;\">La espiral de violencia hab\u00eda ido devorando a Alicia, poco a poco, sin que se diera cuenta. El entorno social y los propios j\u00f3venes a\u00fan justifican determinadas actitudes sexistas. Como que los celos son una expresi\u00f3n del amor. Una afirmaci\u00f3n con la que est\u00e1n de acuerdo el 33,5% de los chicos y el 29,3% de las menores. O que para tener una buena relaci\u00f3n de pareja es deseable que la mujer evite llevar la contraria al hombre, como piensan el 12,2% de ellos y el 5,8% de ellas, seg\u00fan un estudio de 2010 sobre violencia de g\u00e9nero en adolescentes encargado por el anterior Gobierno socialista.<\/p>\n<p style=\"text-align: justify;\">Ese documento, elaborado por investigadores de la Universidad Complutense se podr\u00e1 comparar con el estudio que publicar\u00e1 en las pr\u00f3ximas semanas el Ministerio de Sanidad, Servicios Sociales e Igualdad. El nuevo informe, que se basa en las conclusiones de las entrevistas a 8.000 j\u00f3venes, y que a\u00fan est\u00e1 en proceso de an\u00e1lisis, confirma que los adolescentes inician las relaciones sentimentales cada vez antes \u2014la edad media est\u00e1 en 13 a\u00f1os\u2014 y que son muy permeables a los estereotipos machistas que ven en casa, pero tambi\u00e9n a trav\u00e9s del cine, la televisi\u00f3n, la m\u00fasica, la literatura&#8230;<\/p>\n<p style=\"text-align: justify;\">Esos noviazgos tempranos no tienen por qu\u00e9 ser nocivos, explica Virginia S\u00e1nchez, profesora de Psicolog\u00eda Evolutiva de la Universidad de Sevilla. Tampoco conducir a situaciones violentas. Es positivo que los menores ampl\u00eden sus relaciones afectivas a trav\u00e9s de esos v\u00ednculos, cree. Siempre y cuando la relaci\u00f3n sea equilibrada en edad y basada en el respeto. Sin embargo, reconoce S\u00e1nchez, <a href=\"http:\/\/elpais.com\/diario\/2007\/11\/07\/andalucia\/1194391326_850215.html\">las relaciones entre los menores son cada vez m\u00e1s agresivas. \u201c<\/a>Hay mucha violencia verbal mutua que, si no se ataja, puede derivar en comportamientos m\u00e1s graves cuando se establecen los patrones de dominio y sumisi\u00f3n\u201d, abunda. Porque esos patrones son importantes en una etapa en la que los menores est\u00e1n aprendiendo a resolver los conflictos.<\/p>\n<p style=\"text-align: justify;\">Expertos como S\u00e1nchez y psic\u00f3logas como Olga Barroso, de la Fundaci\u00f3n Luz Casanova \u2014que tiene un programa para adolescentes que han sufrido violencia de g\u00e9nero\u2014 remarcan que las nuevas tecnolog\u00edas facilitan el contacto entre los menores pero tambi\u00e9n se emplean como mecanismos de control. \u201cEl WhatsApp, los mensajes, las redes sociales se usan para saber en todo momento d\u00f3nde est\u00e1 el otro y su actitud. Despu\u00e9s, cuando la relaci\u00f3n se rompe tambi\u00e9n se emplean como instrumento de acoso\u201d, destaca la presidenta de la Comisi\u00f3n de Estudio de Malos Tratos, que insiste en que bien usadas, esas herramientas pueden ser positivas.<\/p>\n<div class=\"derecha\" id=\"sumario_3|html\" style=\"text-align: justify;\"><a name=\"sumario_3\"><\/a><\/p>\n<p class=\"texto_grande\">Mar\u00eda supo lo que le ocurr\u00eda a su hija cuando vio sangre tras una agresi\u00f3n<\/p>\n<\/div>\n<p style=\"text-align: justify;\">Barroso explica que a esa edad los menores tienen a\u00fan difusa la idea de lo que es control y lo que es inter\u00e9s o preocupaci\u00f3n. \u201cLa l\u00ednea es fina y las situaciones muy sutiles. Por ejemplo, \u00bfes normal si tu novio te pide que le llames desde el tel\u00e9fono fijo de tu casa para saber que has llegado bien y quedarse tranquilo? \u00bfO si te dice que le mandes un localizador cada vez que sales para ver donde est\u00e1s o te pide que le ense\u00f1es el m\u00f3vil para ver con quien te escribes?\u201d, dice.<\/p>\n<p style=\"text-align: justify;\">Para ellos eso son \u201cpruebas de amor\u201d, dice la educadora Nieves Salobral. Y, actualmente, el m\u00e1ximo de esos gestos es dar al otro la contrase\u00f1a de acceso al correo electr\u00f3nico, las redes sociales. Ceder la intimidad. Y eso es s\u00edmbolo de amor. Porque, como explica Ana, una de las chicas asistida por Barroso, aman a su pareja. \u201cQuiz\u00e1 sepas que no est\u00e1 bien, que los insultos o las agresiones no son lo correcto pero es tu novio, le justificas y no quieres verle mal. Solo deseas ayudarle para que deje de ocurrir&#8230;\u201d, dice.<\/p>\n<div class=\"izquierda\" id=\"sumario_4|despiece\" style=\"text-align: justify;\"><a name=\"sumario_4\"><\/a><\/p>\n<div class=\"aside estirar\">\n<h2>Sin principes azules, por favor<\/h2>\n<p>Bella, de la saga <em>Crep\u00fasculo,<\/em> dio hasta su vida por amor y dej\u00f3 de ser humana por su Edward, un vampiro. Aurora, la bella durmiente de Disney, se salv\u00f3 del sue\u00f1o eterno con un beso de amor del pr\u00edncipe azul. Su salvador. \u201cHay muchos esquemas de dominaci\u00f3n y sumisi\u00f3n por derribar. Mitos del amor rom\u00e1ntico que ofrecen a los j\u00f3venes la idea de que hay que darlo todo por la otra persona. Eso les lleva a inmolarse y ceder ante la subjetividad del otro\u201d, explica la educadora Nieves Salobral. Da talleres en institutos de Madrid en los que analiza pel\u00edculas y canciones para identificar estereotipos sexistas.<\/p>\n<p>Salobral cuenta que los menores, aunque se saben la teor\u00eda y conocen el fen\u00f3meno de la violencia de g\u00e9nero, suelen identificarla solo cuando es f\u00edsica. Para atajar el problema, dicen los expertos, la prevenci\u00f3n es clave. Inmaculada Montalb\u00e1n, presidenta del Observatorio de Violencia de G\u00e9nero del Consejo General del Poder Judicial, insiste en que solo a trav\u00e9s de la educaci\u00f3n de los m\u00e1s j\u00f3venes se puede interrumpir la asunci\u00f3n de comportamientos machistas y romper la cadena de violencia.<\/p>\n<p>Jes\u00fas Casas, subdirector del Instituto de la Mujer, asegura que el Gobierno avanza hacia ese modelo. \u201cEs fundamental la educaci\u00f3n en igualdad de toda la sociedad, pero m\u00e1s de las personas que a\u00fan se est\u00e1n formando\u201d, dice. Y en esa l\u00ednea va el programa Plurales \u2014iniciado recientemente\u2014, que busca analizar los comportamientos de la comunidad educativa para destacar e implantar un cat\u00e1logo de buenas pr\u00e1cticas. Tambi\u00e9n, enumera, el Gobierno ha aprobado un nuevo t\u00edtulo superior, el de t\u00e9cnico Superior en Promoci\u00f3n de Igualdad de G\u00e9nero. Elementos positivos para Montalb\u00e1n que, sin embargo, se muestra preocupada por la desaparici\u00f3n, con la ley Wert, de Educaci\u00f3n par la Ciudadan\u00eda, asignatura en la que estos valores ten\u00edan un peso espec\u00edfico.<\/p>\n<\/div>\n<\/div>\n<p style=\"text-align: justify;\">Pero sigue ocurriendo. Y muchas menores, como al principio hizo Cris, se niegan a cortar con la relaci\u00f3n, y la mantienen a pesar de la oposici\u00f3n de sus amigos o familias. Mar\u00eda B. cuenta con un hilo de voz que ha detectado que su hija, Gema, sigue en contacto con el chico con el que sal\u00eda hasta hace unos meses. La chica, de 16 a\u00f1os, recibe ayuda psicol\u00f3gica desde que su familia detect\u00f3 que sufr\u00eda malos tratos por parte de su novio, el chico que hasta entonces les parec\u00eda mod\u00e9lico y con el que estaba desde los 14. \u201cAl principio, cuando empezaron a salir me pareci\u00f3 hasta bien. El chico era muy educado, yo conoc\u00eda a los padres&#8230;\u201d, recuerda. Sin embargo, cuenta que llevaba un tiempo algo escamada porque percib\u00eda que Gema hab\u00eda dejado de salir con sus amigas, que discut\u00eda mucho con su novio. \u201cCasi siempre por celos de \u00e9l, aunque luego siempre lo arreglaban\u201d, explica. Una noche, en plenas fiestas del pueblo, not\u00f3 al llegar a casa que Gema ten\u00eda sangre en la ropa. Estaba muy nerviosa. Parec\u00eda que hab\u00eda discutido con el chico y que \u00e9l se hab\u00eda ido. \u201cYo sab\u00eda que algo hab\u00eda pasado pero mi hija solo me repet\u00eda que hab\u00eda que localizarle, que ten\u00eda miedo de que le hubiera pasado algo\u201d. Le llam\u00f3 al m\u00f3vil. Le pregunt\u00f3 y el adolescente reconoci\u00f3 que hab\u00eda pegado a Gema.<\/p>\n<p style=\"text-align: justify;\">El mundo de Mar\u00eda se derrumb\u00f3. No sab\u00eda qu\u00e9 hacer ni a qui\u00e9n recurrir. Habl\u00f3 con los padres del chico y busc\u00f3 ayuda para su hija. \u201cNo lo denunci\u00e9 porque los dos son menores y la familia de \u00e9l se ha involucrado, pero llegu\u00e9 a plantearme si estaba exagerando. Si no ser\u00eda solo cosa de chiquillos&#8230; Pero no. Y me alegr\u00f3 de haber actuado\u201d, dice. A pesar de todo, admite entre sollozos que se siente culpable por no haberlo sabido antes. Por haber acogido al chico en su casa. Por no haber advertido m\u00e1s a su hija la primera vez que ella le mencion\u00f3 el asunto de los celos.<\/p>\n<p style=\"text-align: justify;\">Gema est\u00e1 ahora recibiendo el tratamiento que a Laura (nombre supuesto) le cost\u00f3 a\u00f1os solicitar. Ayuda y apoyo sin los cuales, aunque la relaci\u00f3n de violencia haya acabado, la pauta puede repetirse con otras parejas. Laura sufri\u00f3 malos tratos por parte de su novio a los 15 a\u00f1os, pero hasta los 20 no fue consciente del lastre que acarreaba. Una mochila de sumisi\u00f3n que, sin llegar a las agresiones, la llevaba a escoger a chicos autoritarios y dominantes. Tambi\u00e9n la situaci\u00f3n que viv\u00eda en casa, donde tambi\u00e9n sufr\u00eda abusos, jug\u00f3 un importante papel. \u201cEso me empuj\u00f3 a los brazos de ese chico que yo ve\u00eda como mi protector. Al principio me sent\u00eda genial, despu\u00e9s&#8230;\u201d, cuenta. Despu\u00e9s, siguiendo el patr\u00f3n de la mayor\u00eda de casos de violencia de g\u00e9nero, llegaron los golpes.<\/p>\n<p style=\"text-align: justify;\">En el caso de Laura fueron los padres de \u00e9l quienes abrieron los ojos. \u201cUn d\u00eda que hab\u00eda consumido droga me peg\u00f3 delante de ellos. Se mont\u00f3 una pelea tan tremenda que \u00e9l lleg\u00f3 a pegar a sus padres\u201d, relata Laura. La chica les cont\u00f3 entonces lo que ocurr\u00eda y ellos la animaron a denunciar. No lo hizo por miedo a su propia familia. Sin embargo, los padres del chico s\u00ed le denunciaron por agresi\u00f3n hacia ellos. Y eso destap\u00f3 que el joven ten\u00eda otras causas pendientes de robo con violencia. Fue condenado a dos a\u00f1os de c\u00e1rcel. Laura no le volvi\u00f3 a ver. Ahora se dedica a la formaci\u00f3n de profesionales sanitarios. Adem\u00e1s, como Alicia, a\u00fan acude a los grupos de terapia para j\u00f3venes, a las que explica su historia. \u201cA esa edad no te identificas como v\u00edctima de maltrato\u201d, dice Alicia. Y si lo haces, cree Ana, cuesta dar el paso y contarlo: \u201cNo quieres que a \u00e9l le pase nada y tampoco quieres que tu familia sufra. Es complicado\u201d.<\/p>\n<p style=\"text-align: justify;\">Eso fue lo que le ocurri\u00f3 a ella, hasta que \u00e9l la agredi\u00f3 en plena calle. Insiste en que ten\u00eda toda la informaci\u00f3n, la ayuda y la confianza de sus padres. Alicia y Laura, sin embargo, creen que su historia s\u00ed se hubiera evitado con prevenci\u00f3n. Una opini\u00f3n similar a la de los expertos, que alertan de que falta educaci\u00f3n afectiva y en igualdad en los colegios. Tambi\u00e9n m\u00e1s implicaci\u00f3n social de las familias. En definitiva, conocimiento para derribar los comportamientos y actitudes sexistas que se perpet\u00faan en el siglo XXI, para desechar la idea de que los celos son el no va m\u00e1s del amor. Para aprender a identificar esos primeros signos que conducen a la espiral de la violencia machista.<\/p>\n<div class=\"envoltorio_publi\">\n<p align=\"justify\"><b><span style=\"color: #205679;\">Fuente:<\/span><\/b><\/p>\n<p align=\"left\"><a href=\"redir.aspx?C=XimuHGpe8k2RVNANx9Nvf1UCxH3drNAICH8zjM37R1v9fXQlp6HPiWE85s-N4n0kilclQQgtd0I.&amp;URL=http%3a%2f%2fwww.europapress.es%2fsociedad%2feducacion%2fnoticia-ocho-cada-diez-escolares-prefieren-dialogar-pelear-amigos-20130612183228.html\" target=\"_blank\" rel=\"noopener noreferrer\">Europapress<\/a><\/p>\n<\/div>\n<div class=\"envoltorio_publi\"><\/div>\n<div class=\"usuario\">\n<div class=\"entrar\">\n<form id=\"formulario_inicio_sesion_comentarios\" action=\"https:\/\/plus.elpais.com\/clientes2\/autentificauser.html\" method=\"post\" name=\"formulario_inicio_sesion_comentarios\"><input class=\"reposo\" id=\"cajalogin_camponombreusuario_comentarios\" type=\"text\" name=\"id\" value=\"correo electr\u00f3nico\" \/> <input style=\"display: none;\" type=\"hidden\" name=\"backURL\" value=\"http:\/\/sociedad.elpais.com\/sociedad\/2013\/10\/19\/actualidad\/1382206109_621723.html\" \/> <input style=\"display: none;\" type=\"hidden\" name=\"o\" value=\"1\" \/> <input id=\"id_rememberme\" type=\"hidden\" name=\"rememberme\" value=\"1\" \/> <input style=\"display: none;\" type=\"hidden\" name=\"prod\" value=\"ESKUP\" \/><\/form>\n<div class=\"capa_ventajas\" id=\"capaVentajas4\" style=\"display: none;\">\n<div class=\"encabezado estirar\">\n<p><strong>Date de alta:<\/strong><br \/>\nes f\u00e1cil, gratis y podr\u00e1s:<\/p>\n<\/div>\n<ul>\n<li>Comentar las noticias<\/li>\n<li>Participar en nuestros canales tem\u00e1ticos<\/li>\n<li>Dialogar con los periodistas y otros lectores<\/li>\n<\/ul>\n<div class=\"enviar estirar\"><a class=\"entrar\" title=\"Date de alta\" href=\"https:\/\/plus.elpais.com\/clientes2\/registro\/registroUsuario.html?prod=REG\">Darme de alta<\/a><\/div>\n<\/div>\n<\/div>\n<\/div>\n<div class=\"bloque_comentarios\"><\/div>\n<div class=\"columna_secundaria\"><\/div>\n","protected":false},"excerpt":{"rendered":"<p>La violencia machista sobrevive en las parejas m\u00e1s j\u00f3venes. \u201c\u00bfSi me acuerdo de la primera vez?\u201d. Cristina entorna los ojos. A\u00fan medio cerrados siguen siendo grandes, marrones y brillantes. \u201cNo s\u00e9&#8230; Empez\u00f3 poco a poco. Tirones de pelo alguna vez, &hellip; <a href=\"https:\/\/buenostratos-blog.larioja.org\/?p=90\">Sigue leyendo <span class=\"meta-nav\">&rarr;<\/span><\/a><\/p>\n","protected":false},"author":2,"featured_media":0,"comment_status":"open","ping_status":"closed","sticky":false,"template":"","format":"standard","meta":{"footnotes":""},"categories":[5],"tags":[],"_links":{"self":[{"href":"https:\/\/buenostratos-blog.larioja.org\/index.php?rest_route=\/wp\/v2\/posts\/90"}],"collection":[{"href":"https:\/\/buenostratos-blog.larioja.org\/index.php?rest_route=\/wp\/v2\/posts"}],"about":[{"href":"https:\/\/buenostratos-blog.larioja.org\/index.php?rest_route=\/wp\/v2\/types\/post"}],"author":[{"embeddable":true,"href":"https:\/\/buenostratos-blog.larioja.org\/index.php?rest_route=\/wp\/v2\/users\/2"}],"replies":[{"embeddable":true,"href":"https:\/\/buenostratos-blog.larioja.org\/index.php?rest_route=%2Fwp%2Fv2%2Fcomments&post=90"}],"version-history":[{"count":9,"href":"https:\/\/buenostratos-blog.larioja.org\/index.php?rest_route=\/wp\/v2\/posts\/90\/revisions"}],"predecessor-version":[{"id":2521,"href":"https:\/\/buenostratos-blog.larioja.org\/index.php?rest_route=\/wp\/v2\/posts\/90\/revisions\/2521"}],"wp:attachment":[{"href":"https:\/\/buenostratos-blog.larioja.org\/index.php?rest_route=%2Fwp%2Fv2%2Fmedia&parent=90"}],"wp:term":[{"taxonomy":"category","embeddable":true,"href":"https:\/\/buenostratos-blog.larioja.org\/index.php?rest_route=%2Fwp%2Fv2%2Fcategories&post=90"},{"taxonomy":"post_tag","embeddable":true,"href":"https:\/\/buenostratos-blog.larioja.org\/index.php?rest_route=%2Fwp%2Fv2%2Ftags&post=90"}],"curies":[{"name":"wp","href":"https:\/\/api.w.org\/{rel}","templated":true}]}}