{"id":899,"date":"2015-03-03T12:13:22","date_gmt":"2015-03-03T12:13:22","guid":{"rendered":"http:\/\/buenostratos-blog.larioja.org\/?p=899"},"modified":"2019-12-17T11:38:40","modified_gmt":"2019-12-17T11:38:40","slug":"bullying-en-la-rioja","status":"publish","type":"post","link":"https:\/\/buenostratos-blog.larioja.org\/?p=899","title":{"rendered":"\u00abBullying\u00bb en La Rioja"},"content":{"rendered":"<p><strong><span style=\"color: #800080;\">La Asociaci\u00f3n Contra el Acoso Escolar interviene en 42 casos de &#8216;bullying&#8217; en La Rioja.<\/span><\/strong><\/p>\n<p style=\"text-align: justify;\">La entidad alerta de un repunte de los episodios de violencia verbal o f\u00edsi<a href=\"http:\/\/buenostratos-blog.larioja.org\/wp-content\/uploads\/2015\/03\/bulling-660x1847.jpg\"><img loading=\"lazy\" decoding=\"async\" class=\"alignright wp-image-900 size-medium\" src=\"http:\/\/buenostratos-blog.larioja.org\/wp-content\/uploads\/2015\/03\/bulling-660x1847-107x300.jpg\" alt=\"bulling--660x1847\" width=\"107\" height=\"300\" srcset=\"https:\/\/buenostratos-blog.larioja.org\/wp-content\/uploads\/2015\/03\/bulling-660x1847-107x300.jpg 107w, https:\/\/buenostratos-blog.larioja.org\/wp-content\/uploads\/2015\/03\/bulling-660x1847-365x1024.jpg 365w, https:\/\/buenostratos-blog.larioja.org\/wp-content\/uploads\/2015\/03\/bulling-660x1847.jpg 660w\" sizes=\"(max-width: 107px) 100vw, 107px\" \/><\/a>ca intramuros, que ya superan a los que se detectan en Internet<br \/>\nLos casos de acoso escolar crecen como la espuma. La percepci\u00f3n la ofrece la presidenta de la Asociaci\u00f3n Contra el Acoso Escolar (ACAE), Encarna Garc\u00eda. Un colectivo al que acuden padres desgarrados por ver c\u00f3mo sus hijos son, en el mejor de los casos, el objeto de las burlas de sus compa\u00f1eros de clase.<\/p>\n<p style=\"text-align: justify;\">Hace apenas unas semanas sal\u00eda a la luz el caso de dos menores de 14 a\u00f1os imputadas por acosar a una compa\u00f1era de clase en un municipio de La Rioja. Pero \u00e9ste y casos como \u00e9ste, los que son objeto del debate p\u00fablico, no son m\u00e1s que la punta del iceberg de un fen\u00f3meno en ascenso. S\u00f3lo el a\u00f1o pasado ACAE recibi\u00f3 187 llamadas desde La Rioja relacionadas de uno u otro modo con el acoso escolar. Si bien es cierto que la gran mayor\u00eda son peticiones de informaci\u00f3n, tambi\u00e9n es verdad que en la actualidad la asociaci\u00f3n tiene puesta la lupa sobre 42 casos \u00abreales y latentes\u00bb de &#8216;bullying&#8217; que se producen en los centros escolares de la regi\u00f3n y s\u00f3lo un peque\u00f1o porcentaje de ellos termina en los juzgados, ya que el resto se intenta solventar en los propios colegios.<\/p>\n<p><em><span style=\"color: #800080;\">\u00abTodav\u00eda hay mucha ley del silencio motivada por el miedo de las v\u00edctimas a ser a\u00fan m\u00e1s v\u00edctimas\u00bb<\/span><\/em><\/p>\n<p style=\"text-align: justify;\">Sin ofrecer demasiados detalles sobre un fen\u00f3meno que afecta a menores y del que, por tanto, se limita a hablar a grandes trazos, Encarna Garc\u00eda explica que el acoso que se da intramuros, es decir, el que se produce dentro de los centros escolares, supera al que se registra en las redes sociales. \u00abEl acosador o acosadora quieren ver c\u00f3mo sufre su v\u00edctima y ese placer s\u00f3lo lo obtienen intramuros\u00bb, apunta.<\/p>\n<p style=\"text-align: justify;\">La presidenta de ACAE no habla a humo de pajas. Su hija se fue de casa con nueve a\u00f1os y medio. Se despidi\u00f3 de sus padres con una escueta nota que dej\u00f3 sobre la c\u00f3moda: \u00abPap\u00e1, mam\u00e1 os quiero mucho, pero me voy de casa porque en el colegio no tengo amigos\u00bb. Las horas que vinieron despu\u00e9s reconoce que fueron una \u00abaut\u00e9ntica pesadilla\u00bb hasta que encontraron a la peque\u00f1a deambulando cerca del colegio completamente desorientada. Afortunadamente su peque\u00f1a es ya una joven que ve desde lejos aquella etapa en la que ir al colegio lleg\u00f3 a convertirse en un martirio tal que le hizo irse de casa.<\/p>\n<p style=\"text-align: justify;\">De acuerdo con sus c\u00e1lculos, en La Rioja, el <span style=\"color: #800080;\">3%<\/span> de los alumnos de <span style=\"color: #800080;\">Educaci\u00f3n Primaria<\/span> <span style=\"color: #800080;\">sufre acoso escolar<\/span>. Un porcentaje que se eleva hasta entre el<span style=\"color: #800080;\"> 6 y el 8%<\/span> en la etapa de <span style=\"color: #800080;\">Secundaria.<\/span> \u00abSe da m\u00e1s en Secundaria porque si el problema no se soluciona en Primaria luego se sienten m\u00e1s fuertes\u00bb. De hecho, considera que<span style=\"color: #800080;\"> primer y segundo<\/span> curso de la<span style=\"color: #800080;\"> ESO \u00abson los peores a\u00f1os<\/span>, <span style=\"color: #800080;\">en los que el acoso es mayor\u00bb.<\/span><\/p>\n<p><strong><span style=\"color: #800080;\">La diferencia punt\u00faa<\/span><\/strong><\/p>\n<p style=\"text-align: justify;\">La respuesta a la pregunta de por qu\u00e9 un ni\u00f1o es acosado tambi\u00e9n tiene respuesta: basta con<span style=\"color: #800080;\"> ser diferente.<\/span> El hecho de peinarse de una forma y no de otra, ser g\u00f3tico o incluso padecer una enfermedad rara es objeto de la burla, en ocasiones extrema, de los compa\u00f1eros de clase. La envidia es otro factor importante y <span style=\"color: #800080;\">si el alumno destaca<\/span> en clase \u00abtambi\u00e9n punt\u00faa para que le machaquen\u00bb.<\/p>\n<p style=\"text-align: justify;\">Pese a la extendida creencia de que los casos de acoso tambi\u00e9n se dan por xenofobia, desde ACAE rechazan esta afirmaci\u00f3n. \u00abEl acoso por racismo son habas contadas\u00bb, sostienen. En cuanto al sexo del acosador, tambi\u00e9n han detectado <span style=\"color: #800080;\">un aumento del &#8216;bullying&#8217; entre ni\u00f1as,<\/span> que supera al de ni\u00f1o contra ni\u00f1o, y \u00ablamentablemente ellas son mucho m\u00e1s crueles que ellos\u00bb.<\/p>\n<p style=\"text-align: justify;\">El problema con el que se topan las familias de los ni\u00f1os que sufren acoso es que \u00abla direcci\u00f3n de los colegios mira hacia otro lado y los docentes tambi\u00e9n\u00bb. Se habla, de acuerdo con sus datos, \u00abde que el 80% de los docentes mira hacia otro lado en estos temas y el t\u00f3pico habitual es decir que son cosas de ni\u00f1os\u00bb. En su opini\u00f3n, banalizan el tema \u00abhasta lo inimaginable\u00bb.<\/p>\n<p style=\"text-align: justify;\">Los primeros <span style=\"color: #800080;\">signos<\/span> de alarma, que por lo general se escapan a los padres, son los s\u00edntomas psicosom\u00e1ticos, como <span style=\"color: #800080;\">dolores de cabeza, ganas de vomitar,<\/span> todo para <span style=\"color: #800080;\">intentar demorar ir al colegio<\/span>. Suelen ser <span style=\"color: #800080;\">m\u00e1s intensos los domingos<\/span> o cuando se aproxima la fecha de regreso a clase despu\u00e9s de un periodo de vacaciones. Una vez que se detecta hay que actuar de manera inmediata alertando al centro escolar. Si no funciona verbalmente, desde ACAE -asociaci\u00f3n con sede en Asturias pero que recoge casos de toda Espa\u00f1a- recomiendan presentar un papel en el registro del colegio o incluso en la delegaci\u00f3n de Educaci\u00f3n. Cuando se da este \u00faltimo paso es cuando por lo general \u00abla cosa cambia y la situaci\u00f3n da un giro de 180 grados\u00bb, apunta Encarna Garc\u00eda.<\/p>\n<p style=\"text-align: justify;\">No obstante, las cifras s\u00f3lo dan una idea de una m\u00ednima parte del acoso existente en las aulas. Hay un &#8216;bullying&#8217; soterrado porque existe mucho miedo. \u00abTemor a que te llamen chivato o chivata, a que la gente te siga haciendo m\u00e1s da\u00f1o, incluso hay ni\u00f1os que llegan a sufrir el s\u00edndrome de Estocolmo, es decir, es un problema muy amplio y muy duro de solucionar\u00bb, concluye.<\/p>\n<p>www.larioja.com<\/p>\n","protected":false},"excerpt":{"rendered":"<p>La Asociaci\u00f3n Contra el Acoso Escolar interviene en 42 casos de &#8216;bullying&#8217; en La Rioja. La entidad alerta de un repunte de los episodios de violencia verbal o f\u00edsica intramuros, que ya superan a los que se detectan en Internet &hellip; <a href=\"https:\/\/buenostratos-blog.larioja.org\/?p=899\">Sigue leyendo <span class=\"meta-nav\">&rarr;<\/span><\/a><\/p>\n","protected":false},"author":2,"featured_media":0,"comment_status":"open","ping_status":"closed","sticky":false,"template":"","format":"standard","meta":{"footnotes":""},"categories":[13,1],"tags":[],"_links":{"self":[{"href":"https:\/\/buenostratos-blog.larioja.org\/index.php?rest_route=\/wp\/v2\/posts\/899"}],"collection":[{"href":"https:\/\/buenostratos-blog.larioja.org\/index.php?rest_route=\/wp\/v2\/posts"}],"about":[{"href":"https:\/\/buenostratos-blog.larioja.org\/index.php?rest_route=\/wp\/v2\/types\/post"}],"author":[{"embeddable":true,"href":"https:\/\/buenostratos-blog.larioja.org\/index.php?rest_route=\/wp\/v2\/users\/2"}],"replies":[{"embeddable":true,"href":"https:\/\/buenostratos-blog.larioja.org\/index.php?rest_route=%2Fwp%2Fv2%2Fcomments&post=899"}],"version-history":[{"count":1,"href":"https:\/\/buenostratos-blog.larioja.org\/index.php?rest_route=\/wp\/v2\/posts\/899\/revisions"}],"predecessor-version":[{"id":901,"href":"https:\/\/buenostratos-blog.larioja.org\/index.php?rest_route=\/wp\/v2\/posts\/899\/revisions\/901"}],"wp:attachment":[{"href":"https:\/\/buenostratos-blog.larioja.org\/index.php?rest_route=%2Fwp%2Fv2%2Fmedia&parent=899"}],"wp:term":[{"taxonomy":"category","embeddable":true,"href":"https:\/\/buenostratos-blog.larioja.org\/index.php?rest_route=%2Fwp%2Fv2%2Fcategories&post=899"},{"taxonomy":"post_tag","embeddable":true,"href":"https:\/\/buenostratos-blog.larioja.org\/index.php?rest_route=%2Fwp%2Fv2%2Ftags&post=899"}],"curies":[{"name":"wp","href":"https:\/\/api.w.org\/{rel}","templated":true}]}}