{"id":896,"date":"2015-02-26T10:13:14","date_gmt":"2015-02-26T10:13:14","guid":{"rendered":"http:\/\/buenostratos-blog.larioja.org\/?p=896"},"modified":"2019-12-17T11:38:40","modified_gmt":"2019-12-17T11:38:40","slug":"concurso-avanzadoras","status":"publish","type":"post","link":"https:\/\/buenostratos-blog.larioja.org\/?p=896","title":{"rendered":"Concurso Avanzadoras."},"content":{"rendered":"<p style=\"text-align: justify;\">Con motivo del pr\u00f3ximo <span style=\"color: #800080;\"><strong>D\u00eda Internacional de las Mujeres,<\/strong><\/span> 8 de marzo, Oxfam Interm\u00f3n celebra la <span style=\"color: #800080;\">II Edici\u00f3n del concurso Avanzadoras,<\/span> en el que premiar\u00e1 el trabajo de una avanzadora de nuestro pa\u00eds. El concurso permanecer\u00e1 abierto desde el 18 de febrero, hasta el d\u00eda 2 de marzo a las 00:00 para buscar mujeres que contribuyan a construir una sociedad mejor.<\/p>\n<p style=\"text-align: justify;\">Las mujeres <span style=\"color: #800080;\">participantes<\/span> tendr\u00e1n la oportunidad<a href=\"http:\/\/buenostratos-blog.larioja.org\/wp-content\/uploads\/2015\/02\/concurso_avanzadoras.jpg\"><img loading=\"lazy\" decoding=\"async\" class=\"alignright wp-image-897 size-medium\" src=\"http:\/\/buenostratos-blog.larioja.org\/wp-content\/uploads\/2015\/02\/concurso_avanzadoras-300x199.jpg\" alt=\"concurso_avanzadoras\" width=\"300\" height=\"199\" srcset=\"https:\/\/buenostratos-blog.larioja.org\/wp-content\/uploads\/2015\/02\/concurso_avanzadoras-300x199.jpg 300w, https:\/\/buenostratos-blog.larioja.org\/wp-content\/uploads\/2015\/02\/concurso_avanzadoras-450x300.jpg 450w, https:\/\/buenostratos-blog.larioja.org\/wp-content\/uploads\/2015\/02\/concurso_avanzadoras.jpg 560w\" sizes=\"(max-width: 300px) 100vw, 300px\" \/><\/a> de contar por qu\u00e9 se sienten Avanzadoras, mujeres que avanzan y hacen avanzar el mundo. Tambi\u00e9n pueden ser otras personas, <span style=\"color: #800080;\">tanto hombres como mujeres,<\/span> quienes se animen a enviar la historia de su hermana, madre, pareja, amiga\u2026 Todas ellas pueden ser mujeres que, con esfuerzo y empe\u00f1o, solas o en colaboraci\u00f3n con otras personas, <span style=\"color: #800080;\">est\u00e1n luchando por una buena causa,<\/span> han conseguido<span style=\"color: #800080;\"> romper con alguna injusticia<\/span> o est\u00e1n <span style=\"color: #800080;\">generando cambios positivos<\/span> en su entorno.<\/p>\n<p style=\"text-align: justify;\">Mujeres como Teresa Moreno, que a partir de su experiencia en el trabajo dom\u00e9stico, ayuda a sus compa\u00f1eras inmigrantes a encontrar trabajo y a exigir unas condiciones dignas; Relinda Sosa, presidenta de una organizaci\u00f3n de Per\u00fa que promueve la formaci\u00f3n de las mujeres para que participen en los espacios de decisi\u00f3n y sus propuestas sean escuchadas; o Sagrario Mateo, ganadora de la I edici\u00f3n del concurso Avanzadoras, que pas\u00f3 de ser una mujer maltratada a poner en marcha la primera asociaci\u00f3n navarra en defensa de las mujeres maltratadas.<\/p>\n<p style=\"text-align: justify;\">Un jurado escoger\u00e1 la mujer que mejor responda a la definici\u00f3n de Avanzadora entre todas las personas que env\u00eden su historia. El jurado estar\u00e1 compuesto por Flor de Torres, (Fiscal Delegada de Andaluc\u00eda de Violencia sobre la mujer), Lucila Rodr\u00edguez-Alarc\u00f3n (directora de comunicaci\u00f3n de Oxfam Interm\u00f3n) y Virginia P\u00e9rez Alonso (vicedirectora del grupo 20minutos, medio colaborador de este concurso).<\/p>\n<p style=\"text-align: justify;\">La ganadora recibir\u00e1 un reconocimiento p\u00fablico de su trabajo y se le har\u00e1 entrega del discolibro Avanzadoras, que saldr\u00e1 a la venta el pr\u00f3ximo 10 de marzo y que incluye 12 de canciones de artistas como Ana Bel\u00e9n, Sole Gim\u00e9nez o Leonor Watling junto a las historias ilustradas de avanzadoras de alrededor del mundo y textos de escritoras y l\u00edderes de opini\u00f3n como Rosa Montero, Victoria Camps o Carmen Sarmiento, entre muchas otras. Una obra hecha por y para las mujeres cuyos<span style=\"color: #800080;\"> beneficios<\/span> ir\u00e1n<span style=\"color: #800080;\"> destinados<\/span> al trabajo de <span style=\"color: #800080;\">Oxfam Interm\u00f3n<\/span> en <span style=\"color: #800080;\">defensa de los derechos de las mujeres<\/span>. Adem\u00e1s, la ganadora ser\u00e1 invitada a la presentaci\u00f3n del disco que tendr\u00e1 lugar el pr\u00f3ximo d\u00eda 10 de marzo y en el que estar\u00e1n presentes algunas de las artistas participantes del mismo. Avanzadoras, un proyecto de Oxfam Interm\u00f3n<\/p>\n<p style=\"text-align: justify;\">Hace m\u00e1s de 30 a\u00f1os que Oxfam Interm\u00f3n trabaja por los derechos de las mujeres porque, para lograr un mundo sin pobreza e injusticia, es imprescindible que las mujeres y las ni\u00f1as ganen poder sobre todos los aspectos de sus vidas y<span style=\"color: #800080;\"> vivan libres de violencia.<\/span> Para conseguirlo, acompa\u00f1amos a miles de mujeres en todo el mundo, organizaciones y movimientos. Son mujeres Avanzadoras, que avanzan y hacen avanzar a la humanidad.<\/p>\n<p style=\"text-align: justify;\">En el ejercicio 2013-2014, la ONG desarroll\u00f3 programas de derechos de las mujeres en 9 pa\u00edses que beneficiaron a 126.834 personas (de las cuales el 85% son mujeres). Adem\u00e1s, apoya a mujeres en otras \u00e1reas de su trabajo: cooperaci\u00f3n, emergencias, comercio justo y campa\u00f1as.<\/p>\n<p>M\u00e1s informaci\u00f3n en: www.OxfamIntermon.org\/avanzadoras<\/p>\n<p>Foto: archivo AmecoPress<\/p>\n<p>&#8212;&#8212;&#8212;&#8212;&#8212;&#8212;&#8212;&#8212;<\/p>\n<p>AmecoPress<\/p>\n","protected":false},"excerpt":{"rendered":"<p>Con motivo del pr\u00f3ximo D\u00eda Internacional de las Mujeres, 8 de marzo, Oxfam Interm\u00f3n celebra la II Edici\u00f3n del concurso Avanzadoras, en el que premiar\u00e1 el trabajo de una avanzadora de nuestro pa\u00eds. El concurso permanecer\u00e1 abierto desde el 18 &hellip; <a href=\"https:\/\/buenostratos-blog.larioja.org\/?p=896\">Sigue leyendo <span class=\"meta-nav\">&rarr;<\/span><\/a><\/p>\n","protected":false},"author":2,"featured_media":0,"comment_status":"open","ping_status":"closed","sticky":false,"template":"","format":"standard","meta":{"footnotes":""},"categories":[1],"tags":[],"_links":{"self":[{"href":"https:\/\/buenostratos-blog.larioja.org\/index.php?rest_route=\/wp\/v2\/posts\/896"}],"collection":[{"href":"https:\/\/buenostratos-blog.larioja.org\/index.php?rest_route=\/wp\/v2\/posts"}],"about":[{"href":"https:\/\/buenostratos-blog.larioja.org\/index.php?rest_route=\/wp\/v2\/types\/post"}],"author":[{"embeddable":true,"href":"https:\/\/buenostratos-blog.larioja.org\/index.php?rest_route=\/wp\/v2\/users\/2"}],"replies":[{"embeddable":true,"href":"https:\/\/buenostratos-blog.larioja.org\/index.php?rest_route=%2Fwp%2Fv2%2Fcomments&post=896"}],"version-history":[{"count":1,"href":"https:\/\/buenostratos-blog.larioja.org\/index.php?rest_route=\/wp\/v2\/posts\/896\/revisions"}],"predecessor-version":[{"id":898,"href":"https:\/\/buenostratos-blog.larioja.org\/index.php?rest_route=\/wp\/v2\/posts\/896\/revisions\/898"}],"wp:attachment":[{"href":"https:\/\/buenostratos-blog.larioja.org\/index.php?rest_route=%2Fwp%2Fv2%2Fmedia&parent=896"}],"wp:term":[{"taxonomy":"category","embeddable":true,"href":"https:\/\/buenostratos-blog.larioja.org\/index.php?rest_route=%2Fwp%2Fv2%2Fcategories&post=896"},{"taxonomy":"post_tag","embeddable":true,"href":"https:\/\/buenostratos-blog.larioja.org\/index.php?rest_route=%2Fwp%2Fv2%2Ftags&post=896"}],"curies":[{"name":"wp","href":"https:\/\/api.w.org\/{rel}","templated":true}]}}