{"id":892,"date":"2015-02-13T12:47:09","date_gmt":"2015-02-13T12:47:09","guid":{"rendered":"http:\/\/buenostratos-blog.larioja.org\/?p=892"},"modified":"2019-12-17T11:38:40","modified_gmt":"2019-12-17T11:38:40","slug":"indicadores-de-desigualdad-y-estereotipos-sexistas-en-la-juventud","status":"publish","type":"post","link":"https:\/\/buenostratos-blog.larioja.org\/?p=892","title":{"rendered":"Indicadores de desigualdad y estereotipos sexistas en la juventud."},"content":{"rendered":"<p style=\"text-align: justify;\">Aunque <span style=\"color: #800080;\">Espa\u00f1a<\/span> es sin duda el pa\u00eds europeo en el que <span style=\"color: #800080;\">mayores avances hacia la igualdad de g\u00e9nero<\/span> se han dado en las \u00faltimas d\u00e9cadas, <span style=\"color: #800080;\">siguen persistiendo<\/span> entre la adolescencia y juventud espa\u00f1ola <span style=\"color: #800080;\">elementos<\/span> claros de <span style=\"color: #800080;\">inequidad y de desequilibrio<\/span> en l<span style=\"color: #800080;\">as relaciones interg\u00e9nero.<\/span> Fundamentalmente en <span style=\"color: #800080;\">el \u00e1mbito laboral<\/span>, en el <span style=\"color: #800080;\">reparto de las tareas<\/span> dom\u00e9sticas o cuidados y en la <span style=\"color: #800080;\">persistencia de estereotipos sexistas.<\/span><\/p>\n<p style=\"text-align: justify;\">\u00c9sta es una de las principales conclusiones extra\u00eddas del estudio \u201c<span style=\"color: #800080;\"><em>J\u00f3venes y g\u00e9nero. El estado de la cuesti\u00f3n\u201d,<\/em><\/span> elaborado por el Centro Reina Sof\u00eda <a href=\"http:\/\/buenostratos-blog.larioja.org\/wp-content\/uploads\/2015\/02\/FOTO_FAD.jpg\"><img loading=\"lazy\" decoding=\"async\" class=\"alignright wp-image-893 size-medium\" src=\"http:\/\/buenostratos-blog.larioja.org\/wp-content\/uploads\/2015\/02\/FOTO_FAD-212x300.jpg\" alt=\"FOTO_FAD\" width=\"212\" height=\"300\" srcset=\"https:\/\/buenostratos-blog.larioja.org\/wp-content\/uploads\/2015\/02\/FOTO_FAD-212x300.jpg 212w, https:\/\/buenostratos-blog.larioja.org\/wp-content\/uploads\/2015\/02\/FOTO_FAD.jpg 420w\" sizes=\"(max-width: 212px) 100vw, 212px\" \/><\/a>sobre Adolescencia y Juventud, un centro privado creado por la FAD (Fundaci\u00f3n de Ayuda contra la Drogadicci\u00f3n) gracias al apoyo de Banco Santander y Telef\u00f3nica. La investigaci\u00f3n ha sido presentada por el director general y el director t\u00e9cnico del Centro Reina Sof\u00eda sobre Adolescencia y Juventud y de la FAD, Ignacio Calder\u00f3n y Eusebio Meg\u00edas.<\/p>\n<p style=\"text-align: justify;\">El estudio <span style=\"color: #800080;\">analiza<\/span>, a trav\u00e9s de la recopilaci\u00f3n de multitud de indicadores, el <span style=\"color: #800080;\">comportamiento y actitudes<\/span> de los y las<span style=\"color: #800080;\"> j\u00f3venes<\/span> espa\u00f1olas seg\u00fan su g\u00e9nero con respecto a cuestiones como las relaciones familiares, la sexualidad, la educaci\u00f3n, el trabajo, el empleo, los valores o el uso del tiempo libre, entre otros aspectos.<\/p>\n<p><span style=\"color: #800080;\"><strong>Empleo y tareas dom\u00e9sticas<\/strong><\/span><\/p>\n<p style=\"text-align: justify;\">La diferencia salarial por g\u00e9nero es importante en Espa\u00f1a y ello no solo ocurre entre la poblaci\u00f3n adulta que ha desarrollado ya parte de su carrera laboral y familiar. Entre los hombres y mujeres j\u00f3venes, que tienen niveles de preparaci\u00f3n y de experiencia muy similares, tambi\u00e9n se manifiesta la diferencia salarial. Seg\u00fan el Informe Juventud en Espa\u00f1a elaborado por el INJUVE en 2012 <span style=\"color: #800080;\">las mujeres ocupadas<\/span> de entre 15 y 29 a\u00f1os <span style=\"color: #800080;\">ganaban, como media, 100 euros menos que los hombres,<\/span> siendo el salario medio masculino de 889 euros y de 786 euros el femenino.<\/p>\n<p style=\"text-align: justify;\">Para la catedr\u00e1tica de Sociolog\u00eda de la UCM y miembro del Comit\u00e9 Asesor del Centro Reina Sof\u00eda sobre Adolescencia y Juventud, In\u00e9s Alberdi: \u201cLas cifras globales de empleo de las mujeres j\u00f3venes tienen mucho que ver con los prejuicios y los estereotipos acerca de las tareas de cada sexo en la familia; pero tambi\u00e9n tienen su explicaci\u00f3n en la realidad de esta <span style=\"color: #800080;\">divisi\u00f3n desigual de las ocupaciones y las responsabilidades familiares<\/span> que se les asignan a unos y a otras. Existen en la sociedad espa\u00f1ola unas diferencias muy marcadas por g\u00e9nero en la cuesti\u00f3n de los cuidados familiares\u201d. De hecho, y cita Alberdi, la EPA 2010 reflejaba que es mucho <span style=\"color: #800080;\">m\u00e1s frecuente en las mujeres<\/span> que en los hombres j\u00f3venes (<span style=\"color: #800080;\">63% frente a un 37%<\/span>) el <span style=\"color: #800080;\">dejar el empleo<\/span> o pasar a un<span style=\"color: #800080;\"> trabajo de tiempo parcial<\/span> por <span style=\"color: #800080;\">cuidar a alg\u00fan familiar<\/span>, ya sean ni\u00f1os, ni\u00f1as, personas con discapacidad o mayores.<\/p>\n<p style=\"text-align: justify;\">El estudio tambi\u00e9n recoge otro dato significativo: El <span style=\"color: #800080;\">42% de los varones<\/span> y un <span style=\"color: #800080;\">47% de las mujeres<\/span> de 15 a 29 a\u00f1os<span style=\"color: #800080;\"> creen que tener hijos puede ser un freno<\/span> para la<span style=\"color: #800080;\"> vida laboral de las mujeres<\/span>. Pero<span style=\"color: #800080;\"> solo el 23% de los varones<\/span> y el <span style=\"color: #800080;\">11% de las mujeres creen<\/span> que puede ser un <span style=\"color: #800080;\">obst\u00e1culo para la vida del hombre.<\/span><\/p>\n<p><span style=\"color: #800080;\"><strong>Estereotipos sexistas y violencia de g\u00e9nero<\/strong><\/span><\/p>\n<p style=\"text-align: justify;\">El comportamiento sexual de los j\u00f3venes es uno de los aspectos que m\u00e1s ha evolucionado en la sociedad espa\u00f1ola en las \u00faltimas d\u00e9cadas en el sentido de mayor libertad y mayor aceptaci\u00f3n social de esa libertad. Los <span style=\"color: #800080;\">17 a\u00f1os<\/span> es, seg\u00fan las encuestas, la <span style=\"color: #800080;\">edad de la primera relaci\u00f3n sexual completa<\/span>, de una forma similar entre los chicos y las chicas.<!--more--><\/p>\n<p style=\"text-align: justify;\">La sociedad acepta con naturalidad las relaciones sexuales de los y las j\u00f3venes y podemos decir que<span style=\"color: #800080;\"> se ha disociado la sexualidad del matrimonio y de la maternidad<\/span>. La mayor\u00eda de la juventud no contrae matrimonio hasta los treinta a\u00f1os y, sin embargo, un 81% de ella declara haber tenido relaciones sexuales completas.<\/p>\n<p style=\"text-align: justify;\">Sin embargo, los estereotipos sexistas tradicionales no han desaparecido y podemos advertirlo en formas diferentes de valorar la conducta de unas y de otros en las relaciones de pareja. <span style=\"color: #800080;\">A pesar<\/span> de que<span style=\"color: #800080;\"> los comportamientos se han liberalizado<\/span> enormemente, no han desaparecido del todo las ideas tradicionales que <span style=\"color: #800080;\">ven de manera distinta la libertad sexual masculina y la femenina.<\/span> En los estudios cualitativos aparecen formas de hablar que <span style=\"color: #800080;\">tildan de prostitutas a las j\u00f3venes<\/span> que tienen <span style=\"color: #800080;\">relaciones<\/span> sexuales <span style=\"color: #800080;\">con diversos chicos<\/span> y de \u00e9xito<span style=\"color: #800080;\"> envidiable l<\/span>a conducta de <span style=\"color: #800080;\">un joven<\/span> que tiene <span style=\"color: #800080;\">relaciones<\/span> sexuales <span style=\"color: #800080;\">con varias chicas.<\/span><\/p>\n<p style=\"text-align: justify;\">De forma cuantitativa, el <span style=\"color: #800080;\">33% de los chicos<\/span> adolescentes y j\u00f3venes espa\u00f1oles de 12 a 24 a\u00f1os est\u00e1n muy\/bastante\/algo <span style=\"color: #800080;\">de acuerdo con la afirmaci\u00f3n \u201cEst\u00e1 bien que los chicos salgan con muchas chicas, pero no al rev\u00e9s\u201d<\/span>. El porcentaje de <span style=\"color: #800080;\">chicas<\/span> de esas mismas edades que opina lo mismo <span style=\"color: #800080;\">no alcanza el 9%.<\/span><\/p>\n<p style=\"text-align: justify;\">Tambi\u00e9n se advierte en el estudio la<span style=\"color: #800080;\"> persistencia<\/span> de estos <span style=\"color: #800080;\">estereotipos tradicionales<\/span> en las respuestas que se\u00f1alan <span style=\"color: #800080;\">las cualidades<\/span> que m\u00e1s aprecian hombres y mujeres en su pareja ideal. La diferencia entre lo que se busca, es decir, lo que m\u00e1s se valora en hombres y mujeres, es muy marcada y ofrece rasgos tradicionales en cuanto presupone <span style=\"color: #800080;\">capacidades de mando y direcci\u00f3n en el hombre ideal<\/span> y<span style=\"color: #800080;\"> capacidades de sumisi\u00f3n y abnegaci\u00f3n en la mujer preferida, adem\u00e1s del atractivo f\u00edsico.<\/span><\/p>\n<p style=\"text-align: justify;\">Para m\u00e1s del 30% de las j\u00f3venes espa\u00f1olas de 12 a 24 a\u00f1os, la principal cualidad de su pareja ideal ser\u00eda la sinceridad, seguida de la simpat\u00eda (19,4%) y la bondad (14,7%). Para los j\u00f3venes de esas mismas edades, las cualidades fundamentales de su pareja ideal ser\u00edan el atractivo f\u00edsico (24,4%), la simpat\u00eda (21,9) y la sinceridad (19,9)<\/p>\n<p style=\"text-align: justify;\">La justificaci\u00f3n de determinados comportamientos machistas, sexistas o violentos, alimenta el germen de la violencia de g\u00e9nero. En este sentido, algunas actitudes con las que, muy especialmente los chicos de 12-24 a\u00f1os est\u00e1n \u201cbastante o muy de acuerdo\u201d en proporciones nada despreciables, resultan preocupantes.<\/p>\n<p><span style=\"color: #800080;\"><strong>Valores<\/strong><\/span><\/p>\n<p style=\"text-align: justify;\">En cuesti\u00f3n de valores, los intereses de unos y otras son parecidos aunque existen algunas diferencias. Todos se\u00f1alan fuertemente el <span style=\"color: #800080;\">inter\u00e9s por tener personas en quien confiar, en tener buenas relaciones familiares, en ganar dinero, en el deseo de \u00e9xito en el trabajo y en una vida sexual satisfactoria,<\/span> cosa esta \u00faltima que se\u00f1alan algo m\u00e1s los varones.<\/p>\n<p style=\"text-align: justify;\">Las<span style=\"color: #800080;\"> chicas<\/span> dicen dar mayor <span style=\"color: #800080;\">importancia a la familia, a la salud y al tiempo libre<\/span>, mientras que<span style=\"color: #800080;\"> los j\u00f3venes<\/span> muestran mayor inter\u00e9s por <span style=\"color: #800080;\">ganar dinero y tener amigos.<\/span> Los varones manifiestan algo m\u00e1s de inter\u00e9s que las mujeres por la pol\u00edtica.<\/p>\n<p style=\"text-align: justify;\">En relaci\u00f3n con los valores morales (de justificaci\u00f3n de comportamientos) es bien conocida la tolerancia de la sociedad espa\u00f1ola, j\u00f3venes incluidos, por las conductas incluibles en el \u00e1mbito de la moral privada y su mucha mayor rigidez a la hora de sancionar las conductas que agreden el colectivo.<\/p>\n<p style=\"text-align: justify;\">Un rasgo del <span style=\"color: #800080;\">cambio,<\/span> que va de acuerdo con las normas actuales, es la <span style=\"color: #800080;\">aceptaci\u00f3n<\/span> generalizada que tienen los j\u00f3venes respecto de las<span style=\"color: #800080;\"> relaciones homosexuales<\/span>. Es en las ciudades sobre todo en donde se dan los \u00edndices de aceptaci\u00f3n mayores y algo m\u00e1s entre las mujeres que entre los varones. Se acepta, de forma general, la existencia de parejas del mismo sexo. Las leyes permiten la convivencia, el matrimonio y la adopci\u00f3n de hijos por parte de estas parejas. Los j\u00f3venes muestran ampliamente una postura favorable ante ello, <span style=\"color: #800080;\">un poco m\u00e1s las mujeres<\/span>, y esta diferencia se marca algo m\u00e1s en cuanto a la adopci\u00f3n por parte de parejas homosexuales.<\/p>\n<p><span style=\"color: #800080;\"><strong>Mujeres, protagonistas del cambio<\/strong><\/span><\/p>\n<p style=\"text-align: justify;\">Seg\u00fan el estudio, Espa\u00f1a es el pa\u00eds europeo en el que se ha producido un avance m\u00e1s notorio en cuanto a la equidad de g\u00e9nero en las \u00faltimas d\u00e9cadas. Por encima de cualquier otro de su entorno. Y aunque estos avances han sido protagonizados por la sociedad en su conjunto, se deben en gran parte al avance y evoluci\u00f3n de las mujeres. Sin duda, ellas son las grandes protagonistas del cambio.<\/p>\n<p style=\"text-align: justify;\">En opini\u00f3n de la Catedr\u00e1tica de Sociolog\u00eda de la UCM y miembro de Consejo Asesor del Centro Reina Sof\u00eda sobre Adolescencia y Juventud, In\u00e9s Alberdi: \u201cSi analizamos los cambios de unos y de otras vemos que <span style=\"color: #800080;\">son las mujeres las que m\u00e1s han cambiado en casi todos los aspectos.<\/span> Se han acercado de una forma importante las actitudes y los comportamientos de los j\u00f3venes de uno y otro sexo, fundamentalmente debido a los cambios que han experimentado las mujeres. El cambio por parte de las mujeres ha sido muy grande, ya que <span style=\"color: #800080;\">los valores de libertad y de autonom\u00eda personal<\/span> se han impuesto y <span style=\"color: #800080;\">chocan<\/span> enormemente <span style=\"color: #800080;\">con el estereotipo femenino tradicional<\/span>. Hay menos distancia entre los sexos, las mujeres j\u00f3venes han alcanzado una <span style=\"color: #800080;\">mayor confianza en s\u00ed mismas<\/span> y <span style=\"color: #800080;\">los<\/span> hombres<span style=\"color: #800080;\"> j\u00f3venes aceptan unas relaciones m\u00e1s igualitarias con las mujeres\u201d<\/span>.<\/p>\n<p style=\"text-align: justify;\">Desde una perspectiva de g\u00e9nero, la primera caracter\u00edstica de esta evoluci\u00f3n es el acercamiento en las actitudes y los comportamientos de los varones y las mujeres. Las diferencias de g\u00e9nero, en cuanto a las opiniones, actitudes, aspiraciones y proyectos de futuro, de los chicos y de las chicas, siguen existiendo pero, mir\u00e1ndolas en conjunto y con un cierto sentido hist\u00f3rico, podemos decir que no hacen m\u00e1s que reducirse.<\/p>\n<p style=\"text-align: justify;\">Aunque no han desaparecido algunos rasgos estereotipados de la feminidad ya comentados, en general la investigaci\u00f3n constata <span style=\"color: #800080;\">una tendencia clara<\/span> en la sociedad espa\u00f1ola <strong><span style=\"color: #800080;\">hacia una mayor igualdad entre hombres y mujeres,<\/span><\/strong> un acercamiento en sus posturas vitales y comportamientos que solo se ve matizada en determinados aspectos como, por ejemplo, la postura ante los riesgos (m\u00e1s marcada en ellos que en ellas); la elecci\u00f3n de estudios (ellos apuestan por las carreras m\u00e1s t\u00e9cnicas y ellas en mayor medida por las Humanidades) o en el uso de redes sociales (ellos las utilizan en mayor medida que ellas para ligar, por ejemplo).<\/p>\n<p style=\"text-align: justify;\">En algunos aspectos de ocio y tiempo libre tambi\u00e9n advertimos matices seg\u00fan el g\u00e9nero. Las Encuestas de Uso del Tiempo reflejan una diferencia entre hombres y mujeres: los <span style=\"color: #800080;\">hombres<\/span> cuentan con <span style=\"color: #800080;\">m\u00e1s tiempo libre<\/span> debido, principalmente, a que <span style=\"color: #800080;\">ellas dedican m\u00e1s tiempo<\/span> a <span style=\"color: #800080;\">cuidados o trabajo no remunerado.<\/span> Entre los j\u00f3venes ocurre algo similar. Los <span style=\"color: #800080;\">varones tienen diariamente una hora m\u00e1s de tiempo libre,<\/span> como media, que las mujeres. La dedicaci\u00f3n de este tiempo tambi\u00e9n es algo diferente, ellas lo dedican m\u00e1s a estudiar y a leer novelas, comics o revistas y ellos m\u00e1s al deporte o a los videojuegos. El tiempo dedicado a la televisi\u00f3n es muy similar entre unos y otras.<\/p>\n<p>Foto: Archivo AmecoPress, cedida por la FAD<\/p>\n","protected":false},"excerpt":{"rendered":"<p>Aunque Espa\u00f1a es sin duda el pa\u00eds europeo en el que mayores avances hacia la igualdad de g\u00e9nero se han dado en las \u00faltimas d\u00e9cadas, siguen persistiendo entre la adolescencia y juventud espa\u00f1ola elementos claros de inequidad y de desequilibrio &hellip; <a href=\"https:\/\/buenostratos-blog.larioja.org\/?p=892\">Sigue leyendo <span class=\"meta-nav\">&rarr;<\/span><\/a><\/p>\n","protected":false},"author":2,"featured_media":0,"comment_status":"open","ping_status":"closed","sticky":false,"template":"","format":"standard","meta":{"footnotes":""},"categories":[13,1],"tags":[],"_links":{"self":[{"href":"https:\/\/buenostratos-blog.larioja.org\/index.php?rest_route=\/wp\/v2\/posts\/892"}],"collection":[{"href":"https:\/\/buenostratos-blog.larioja.org\/index.php?rest_route=\/wp\/v2\/posts"}],"about":[{"href":"https:\/\/buenostratos-blog.larioja.org\/index.php?rest_route=\/wp\/v2\/types\/post"}],"author":[{"embeddable":true,"href":"https:\/\/buenostratos-blog.larioja.org\/index.php?rest_route=\/wp\/v2\/users\/2"}],"replies":[{"embeddable":true,"href":"https:\/\/buenostratos-blog.larioja.org\/index.php?rest_route=%2Fwp%2Fv2%2Fcomments&post=892"}],"version-history":[{"count":2,"href":"https:\/\/buenostratos-blog.larioja.org\/index.php?rest_route=\/wp\/v2\/posts\/892\/revisions"}],"predecessor-version":[{"id":895,"href":"https:\/\/buenostratos-blog.larioja.org\/index.php?rest_route=\/wp\/v2\/posts\/892\/revisions\/895"}],"wp:attachment":[{"href":"https:\/\/buenostratos-blog.larioja.org\/index.php?rest_route=%2Fwp%2Fv2%2Fmedia&parent=892"}],"wp:term":[{"taxonomy":"category","embeddable":true,"href":"https:\/\/buenostratos-blog.larioja.org\/index.php?rest_route=%2Fwp%2Fv2%2Fcategories&post=892"},{"taxonomy":"post_tag","embeddable":true,"href":"https:\/\/buenostratos-blog.larioja.org\/index.php?rest_route=%2Fwp%2Fv2%2Ftags&post=892"}],"curies":[{"name":"wp","href":"https:\/\/api.w.org\/{rel}","templated":true}]}}