{"id":834,"date":"2014-12-26T10:06:56","date_gmt":"2014-12-26T10:06:56","guid":{"rendered":"http:\/\/buenostratos-blog.larioja.org\/?p=834"},"modified":"2019-12-17T11:38:40","modified_gmt":"2019-12-17T11:38:40","slug":"violencia-de-genero-en-los-adolescentes","status":"publish","type":"post","link":"https:\/\/buenostratos-blog.larioja.org\/?p=834","title":{"rendered":"Violencia de G\u00e9nero en los adolescentes."},"content":{"rendered":"<p style=\"text-align: justify;\">Cualquier <span style=\"color: #800080;\">acto de violencia<\/span> ejercido sobre la mujer <span style=\"color: #800080;\">es reprobable<\/span>. Pero cuando el autor y la v\u00edctima son menores, se disparan todas las alarmas. Y es <a href=\"http:\/\/buenostratos-blog.larioja.org\/wp-content\/uploads\/2014\/12\/adolescentes2.jpg\"><img loading=\"lazy\" decoding=\"async\" class=\"alignright wp-image-835 size-medium\" src=\"http:\/\/buenostratos-blog.larioja.org\/wp-content\/uploads\/2014\/12\/adolescentes2-300x225.jpg\" alt=\"adolescentes2\" width=\"300\" height=\"225\" srcset=\"https:\/\/buenostratos-blog.larioja.org\/wp-content\/uploads\/2014\/12\/adolescentes2-300x225.jpg 300w, https:\/\/buenostratos-blog.larioja.org\/wp-content\/uploads\/2014\/12\/adolescentes2-400x300.jpg 400w, https:\/\/buenostratos-blog.larioja.org\/wp-content\/uploads\/2014\/12\/adolescentes2.jpg 496w\" sizes=\"(max-width: 300px) 100vw, 300px\" \/><\/a>que a pesar de las medidas existentes para frenar la violencia de g\u00e9nero, lo cierto es que entre los menores no est\u00e1n funcionando, o al menos no como deber\u00edan, a tenor de los datos del <span style=\"color: #800080;\">Observatorio contra la Violencia Dom\u00e9stica y de G\u00e9nero<\/span> que present\u00f3 ayer el Consejo General del Poder Judicial. En concreto,<span style=\"color: #800080;\"> 21 adolescentes fueron juzgados durante el tercer trimestre<\/span> del presente a\u00f1o, y s\u00f3lo dos fueron absueltos. Es decir, al menos 19 menores (el 90,5% de los que se llev\u00f3 a juicio) maltrataron a sus novias o ex novias, siendo, aunque parezca mentira, el mejor trimestre del a\u00f1o. Y es que en<span style=\"color: #800080;\"> los primeros 90 d\u00edas de 2014<\/span>, 98 chicos menores fueron detenidos y llevados a juicio por maltratar a su pareja. De ellos, s\u00f3lo 14 fueron absueltos de los cargos. Es decir, que <span style=\"color: #800080;\">84 menores maltrataron a sus parejas<\/span> o ex parejas.<\/p>\n<p style=\"text-align: justify;\">Un dato que pr\u00e1cticamente se repite a\u00f1o tras a\u00f1o. As\u00ed, en los primeros tres trimestres de 2013 hubo <span style=\"color: #800080;\">105 menores detenidos y enjuiciados por maltratar a sus novias<\/span>, de los que 10 fueron absueltos. Es decir, que en 2014 hubo 11 menores condenados m\u00e1s que en 2013. Un dato que podr\u00eda parecer positivo si no fuera porque en el mismo periodo de 2012 hubo 96 menores detenidos y 88 de ellos condenados. Es decir, cuatro condenados m\u00e1s que en 2014. Y es que <span style=\"color: #800080;\">el dato no mejora y contin\u00faa estancada, a pesar de los esfuerzos hechos.<\/span><\/p>\n<p style=\"text-align: justify;\">Unas <span style=\"color: #800080;\">cifras<\/span> que <span style=\"color: #800080;\">preocupan<\/span> y mucho a los expertos. <span style=\"color: #800080;\">\u00abCualquier cifra sobre violencia de g\u00e9nero en menores es una barbaridad.<\/span> Estamos hablando de un perfil de <span style=\"color: #800080;\">varones menores de entre 14 y hasta 18 a\u00f1os<\/span> que, a pesar de su corta edad, <span style=\"color: #800080;\">ejercen la violencia contra sus parejas o ex parejas\u00bb<\/span>, explica \u00c1ngeles Carmona, la presidenta del citado Observatorio.<\/p>\n<p style=\"text-align: justify;\"><span style=\"color: #800080;\">Pegar una bofetada, no dejar salir a la novia con sus amigas, rega\u00f1arla por c\u00f3mo va vestida&#8230;<\/span> \u00c9stas son algunas de las<span style=\"color: #800080;\"> agresiones<\/span> que muchos adolescentes viven como si fuera <span style=\"color: #800080;\">algo normal<\/span> de una pareja. Por eso, para Carmona, <span style=\"color: #800080;\">el <\/span><span style=\"color: #800080;\">problema<\/span> de menores maltratadores <strong><span style=\"color: #800080;\">radica en la educaci\u00f3n<\/span><\/strong>: \u00abEn general, los adolescentes<span style=\"color: #800080;\"> rechazan la violencia f\u00edsica, pero las conductas de control y de hostigamiento son vistas por ellos como algo normal<\/span>, cuando es violencia de g\u00e9nero; es el primer pelda\u00f1o de la violencia de g\u00e9nero que hay que frenar de forma inmediata. Esto nos preocupa. <span style=\"color: #800080;\">La educaci\u00f3n es esencial,<\/span> porque no puede ser que este tipo de acciones est\u00e9n normalizadas y no se vean como un delito, que es lo que son\u00bb. As\u00ed, si en vez de un menor, el autor fuera mayor de edad, pegar una bofetada a una mejor se penar\u00eda con entre seis meses y un a\u00f1o (y si es ella hacia \u00e9l de tres a seis meses) y mandarle mensajes amenazantes o tratar de coaccionarla dici\u00e9ndole que uno se va a suicidar si le deja, con entre tres a seis meses, seg\u00fan los datos facilitados por Carmona. En el caso de los menores, el autor del maltrato ps\u00edquico o f\u00edsico es internado en un centro de menores, o se le manda realizar trabajos en beneficio de la sociedad, pero siempre se le trata de rehabilitar para que sepa que una <span style=\"color: #800080;\">relaci\u00f3n<\/span> ha de estar <span style=\"color: #800080;\">basada<\/span> en <span style=\"color: #800080;\">el respeto y en la igualdad.<\/span><\/p>\n<p style=\"text-align: justify;\">Pero para ello <span style=\"color: #800080;\">resulta clave<\/span> el papel de<span style=\"color: #800080;\"> los familiares,<\/span> ya que en este tipo de casos de menores, \u00ablo normal es que sean los padres los que denuncien. Por eso es imprescindible el<span style=\"color: #800080;\"> apoyo de las familia<\/span>, porque si en mayores de edad es dif\u00edcil salir de este c\u00edrculo de violencia, si la v\u00edctima es menor, todav\u00eda lo es m\u00e1s, porque<span style=\"color: #800080;\"> la ni\u00f1a siente verg\u00fcenza y culpa y necesita el apoyo de su familia y tratamiento psicol\u00f3gico<\/span>\u00bb, asegura Carmona. Por eso adem\u00e1s de la educaci\u00f3n, la presidenta recomienda a los padres estar atentos ante se\u00f1ales de alarma como que cambie su forma de vestir, ponga excusas para no salir con sus amigos o sus amigas, cambie de actitud&#8230;<\/p>\n<p style=\"text-align: justify;\">En definitiva, un panorama desolador que, de no ponerle freno, impedir\u00e1 que alg\u00fan a\u00f1o se logre que no muera ninguna mujer a manos de su pareja o ex pareja. Los<span style=\"color: #800080;\"> datos<\/span> siguen siendo <span style=\"color: #800080;\">alarmantes<\/span>, aunque en general el <span style=\"color: #800080;\">n\u00famero de denuncias<\/span> presentadas en el tercer trimestre de 2014 (en menores y adultos) haya sido <span style=\"color: #800080;\">un 0,5% mayor<\/span> que en el mismo periodo de 2013 o se haya incrementado el porcentaje de condenas a maltratadores, que supera el 64 % de las sentencias dictadas. Y es que el goteo de<span style=\"color: #800080;\"> mujeres muertas<\/span> por <span style=\"color: #800080;\">malos tratos<\/span> es <span style=\"color: #800080;\">devastador,<\/span> al igual que hayan aumentado en un 2,6% en la tasa interanual el porcentaje de renuncias a continuar el procedimiento judicial tras denunciar al agresor. Un agresor que aunque parezca mentira a veces ni tiene edad para conducir.<\/p>\n<p>Larazon<\/p>\n","protected":false},"excerpt":{"rendered":"<p>Cualquier acto de violencia ejercido sobre la mujer es reprobable. Pero cuando el autor y la v\u00edctima son menores, se disparan todas las alarmas. Y es que a pesar de las medidas existentes para frenar la violencia de g\u00e9nero, lo &hellip; <a href=\"https:\/\/buenostratos-blog.larioja.org\/?p=834\">Sigue leyendo <span class=\"meta-nav\">&rarr;<\/span><\/a><\/p>\n","protected":false},"author":2,"featured_media":0,"comment_status":"open","ping_status":"closed","sticky":false,"template":"","format":"standard","meta":{"footnotes":""},"categories":[13,1],"tags":[],"_links":{"self":[{"href":"https:\/\/buenostratos-blog.larioja.org\/index.php?rest_route=\/wp\/v2\/posts\/834"}],"collection":[{"href":"https:\/\/buenostratos-blog.larioja.org\/index.php?rest_route=\/wp\/v2\/posts"}],"about":[{"href":"https:\/\/buenostratos-blog.larioja.org\/index.php?rest_route=\/wp\/v2\/types\/post"}],"author":[{"embeddable":true,"href":"https:\/\/buenostratos-blog.larioja.org\/index.php?rest_route=\/wp\/v2\/users\/2"}],"replies":[{"embeddable":true,"href":"https:\/\/buenostratos-blog.larioja.org\/index.php?rest_route=%2Fwp%2Fv2%2Fcomments&post=834"}],"version-history":[{"count":1,"href":"https:\/\/buenostratos-blog.larioja.org\/index.php?rest_route=\/wp\/v2\/posts\/834\/revisions"}],"predecessor-version":[{"id":836,"href":"https:\/\/buenostratos-blog.larioja.org\/index.php?rest_route=\/wp\/v2\/posts\/834\/revisions\/836"}],"wp:attachment":[{"href":"https:\/\/buenostratos-blog.larioja.org\/index.php?rest_route=%2Fwp%2Fv2%2Fmedia&parent=834"}],"wp:term":[{"taxonomy":"category","embeddable":true,"href":"https:\/\/buenostratos-blog.larioja.org\/index.php?rest_route=%2Fwp%2Fv2%2Fcategories&post=834"},{"taxonomy":"post_tag","embeddable":true,"href":"https:\/\/buenostratos-blog.larioja.org\/index.php?rest_route=%2Fwp%2Fv2%2Ftags&post=834"}],"curies":[{"name":"wp","href":"https:\/\/api.w.org\/{rel}","templated":true}]}}