{"id":803,"date":"2014-12-10T11:32:42","date_gmt":"2014-12-10T11:32:42","guid":{"rendered":"http:\/\/buenostratos-blog.larioja.org\/?p=803"},"modified":"2019-12-17T11:38:40","modified_gmt":"2019-12-17T11:38:40","slug":"derechos-humanos-365-dias-al-ano","status":"publish","type":"post","link":"https:\/\/buenostratos-blog.larioja.org\/?p=803","title":{"rendered":"Derechos Humanos, 365 d\u00edas al a\u00f1o."},"content":{"rendered":"<p style=\"text-align: justify;\">Hoy, 10 de diciembre se celebra el <strong><span style=\"color: #800080;\">D\u00eda de los Derechos Humanos<\/span> <\/strong>para recordar que el <span style=\"color: #800080;\">respeto a los derechos b\u00e1sicos e inalienables<\/span> de todas y cada una de las personas es el ideal com\u00fan al que aspiran todas las naciones y pueblos del mundo.<\/p>\n<p style=\"text-align: justify;\">El lema de este a\u00f1o, <span style=\"color: #800080;\"><strong>\u00abDerechos Humanos, 365 d\u00edas al a\u00f1o\u00bb<\/strong><\/span>, subraya que cada fecha del calendario es un D\u00eda de los Derechos Humanos; que nos pertenecen a todos por igual, en todo momento.<\/p>\n<p style=\"text-align: justify;\"><span style=\"color: #800080;\"><em>\u00abInsto a los Estados a<\/em><\/span><span style=\"color: #800080;\"><a href=\"http:\/\/buenostratos-blog.larioja.org\/wp-content\/uploads\/2014\/12\/Derechos-humanos.jpg\"><img loading=\"lazy\" decoding=\"async\" class=\"alignleft wp-image-804 size-full\" src=\"http:\/\/buenostratos-blog.larioja.org\/wp-content\/uploads\/2014\/12\/Derechos-humanos.jpg\" alt=\"Derechos humanos\" width=\"280\" height=\"181\" \/><\/a><\/span><span style=\"color: #800080;\"><em> que cumplan su obligaci\u00f3n de proteger los derechos humanos todos los d\u00edas del a\u00f1o. Hago un llamamiento a las personas para que hagan rendir cuentas a sus gobiernos.\u00bb<\/em><\/span><em>\u00a0 Secretario General de las Naciones Unidas,\u00a0\u00a0 Ban Ki-moon<\/em><\/p>\n<p style=\"text-align: justify;\">El D\u00eda fue proclamado por la Asamblea General en 1950, y la fecha elegida coincide con el aniversario de la aprobaci\u00f3n en 1948 de la <a href=\"http:\/\/www.un.org\/es\/documents\/udhr\/\">Declaraci\u00f3n Universal de los Derechos Humanos.<\/a> Este documento hist\u00f3rico detalla en sus 30 art\u00edculos los derechos fundamentales civiles, culturales, econ\u00f3micos, pol\u00edticos y sociales que nos unen como comunidad internacional bajo los mismos ideales y valores.<\/p>\n<p style=\"text-align: justify;\"><strong><span style=\"color: #800080;\">Declaraci\u00f3n del Alto Comisionado para los Derechos Humanos con motivo del D\u00eda de los Derechos Humanos.<\/span><\/strong><\/p>\n<p style=\"text-align: justify;\">\u00abTodos los seres humanos nacen libres e iguales en dignidad y derechos\u00bb: utilizando quiz\u00e1s las palabras m\u00e1s sonoras y bellas de todos los tratados internacionales, la Declaraci\u00f3n Universal de Derechos Humanos promete a todas las personas, los derechos econ\u00f3micos, sociales, pol\u00edticos, culturales y civiles que sustentan una vida libre de miseria y temor.<\/p>\n<p style=\"text-align: justify;\">Estos derechos humanos no son espec\u00edficos para un pa\u00eds. No son una recompensa por buen comportamiento, o exclusivos de cierta \u00e9poca o grupo social. Son los derechos inalienables de todas las personas, en todo momento y en todas partes, los 365 d\u00edas del a\u00f1o.<\/p>\n<p style=\"text-align: justify;\">Son los <span style=\"color: #800080;\">derechos de las personas<\/span> de todos los colores, de todas las razas y grupos \u00e9tnicos; con o sin discapacidades; ciudadanos o inmigrantes; sin importar su sexo, su clase, su casta, su credo, su edad u orientaci\u00f3n sexual.<\/p>\n<p style=\"text-align: justify;\">Los <span style=\"color: #800080;\">compromisos contra\u00eddos<\/span> con los pueblos del mundo a trav\u00e9s de la Declaraci\u00f3n Universal son en s\u00ed mismos un <span style=\"color: #800080;\">poderoso logro<\/span> al rechazar la tiran\u00eda, la discriminaci\u00f3n y el desprecio por los seres humanos que tan dolorosamente han marcado la historia humana. Un sinn\u00famero de personas ha logrado mayor grado de libertad desde que se adopt\u00f3 la Declaraci\u00f3n.<\/p>\n<p style=\"text-align: justify;\">Se han evitado violaciones. Se ha alcanzado independencia y autonom\u00eda. Muchas personas &#8211; aunque no todas &#8211; han sido capaces de garantizar la libertad frente a la tortura, el encarcelamiento injustificado, la ejecuci\u00f3n sumaria, la desaparici\u00f3n forzada, la persecuci\u00f3n y la discriminaci\u00f3n injusta, as\u00ed como el acceso equitativo a la educaci\u00f3n, las oportunidades econ\u00f3micas, ricas tradiciones culturales, recursos adecuados y la atenci\u00f3n sanitaria.<\/p>\n<p style=\"text-align: justify;\">Han obtenido justicia ante los agravios y protecci\u00f3n nacional e internacional para sus derechos a trav\u00e9s de la s\u00f3lida arquitectura del sistema legal internacional de los derechos humanos.<\/p>\n<p style=\"text-align: justify;\">El poder de la Declaraci\u00f3n Universal es el poder de las ideas para cambiar el mundo. Nos dice que los derechos humanos son esenciales e indivisibles &#8211; 365 d\u00edas al a\u00f1o. <span style=\"color: #800080;\">Cada d\u00eda es el D\u00eda de los Derechos Humanos:<\/span> un d\u00eda en el que trabajamos para asegurar que todas <span style=\"color: #800080;\">las personas puedan obtener igualdad, dignidad y libertad.<\/span><\/p>\n<p style=\"text-align: justify;\">La Oficina de Derechos Humanos de la ONU est\u00e1 junto a los millones de personas en todo el mundo cuyas voces son negadas. Y espero que ustedes se nos unan, ya sea a trav\u00e9s de las redes sociales o en persona. Todos juntos, debemos exigir lo que deber\u00eda estar garantizado: nuestros derechos humanos, universales, indivisibles, inalienables, para todas las personas, los 365 d\u00edas del a\u00f1o.<\/p>\n<p>http:\/\/www.un.org\/es\/<\/p>\n","protected":false},"excerpt":{"rendered":"<p>Hoy, 10 de diciembre se celebra el D\u00eda de los Derechos Humanos para recordar que el respeto a los derechos b\u00e1sicos e inalienables de todas y cada una de las personas es el ideal com\u00fan al que aspiran todas las &hellip; <a href=\"https:\/\/buenostratos-blog.larioja.org\/?p=803\">Sigue leyendo <span class=\"meta-nav\">&rarr;<\/span><\/a><\/p>\n","protected":false},"author":2,"featured_media":0,"comment_status":"open","ping_status":"closed","sticky":false,"template":"","format":"standard","meta":{"footnotes":""},"categories":[13],"tags":[],"_links":{"self":[{"href":"https:\/\/buenostratos-blog.larioja.org\/index.php?rest_route=\/wp\/v2\/posts\/803"}],"collection":[{"href":"https:\/\/buenostratos-blog.larioja.org\/index.php?rest_route=\/wp\/v2\/posts"}],"about":[{"href":"https:\/\/buenostratos-blog.larioja.org\/index.php?rest_route=\/wp\/v2\/types\/post"}],"author":[{"embeddable":true,"href":"https:\/\/buenostratos-blog.larioja.org\/index.php?rest_route=\/wp\/v2\/users\/2"}],"replies":[{"embeddable":true,"href":"https:\/\/buenostratos-blog.larioja.org\/index.php?rest_route=%2Fwp%2Fv2%2Fcomments&post=803"}],"version-history":[{"count":5,"href":"https:\/\/buenostratos-blog.larioja.org\/index.php?rest_route=\/wp\/v2\/posts\/803\/revisions"}],"predecessor-version":[{"id":882,"href":"https:\/\/buenostratos-blog.larioja.org\/index.php?rest_route=\/wp\/v2\/posts\/803\/revisions\/882"}],"wp:attachment":[{"href":"https:\/\/buenostratos-blog.larioja.org\/index.php?rest_route=%2Fwp%2Fv2%2Fmedia&parent=803"}],"wp:term":[{"taxonomy":"category","embeddable":true,"href":"https:\/\/buenostratos-blog.larioja.org\/index.php?rest_route=%2Fwp%2Fv2%2Fcategories&post=803"},{"taxonomy":"post_tag","embeddable":true,"href":"https:\/\/buenostratos-blog.larioja.org\/index.php?rest_route=%2Fwp%2Fv2%2Ftags&post=803"}],"curies":[{"name":"wp","href":"https:\/\/api.w.org\/{rel}","templated":true}]}}