{"id":800,"date":"2014-12-03T10:26:06","date_gmt":"2014-12-03T10:26:06","guid":{"rendered":"http:\/\/buenostratos-blog.larioja.org\/?p=800"},"modified":"2019-12-17T11:38:40","modified_gmt":"2019-12-17T11:38:40","slug":"dia-internacional-de-las-personas-con-discapacidad","status":"publish","type":"post","link":"https:\/\/buenostratos-blog.larioja.org\/?p=800","title":{"rendered":"D\u00eda Internacional de las Personas con Discapacidad."},"content":{"rendered":"<p style=\"text-align: justify;\">Dos plenos extraordinarios -el institucional en el Parlamento regional y el de la aprobaci\u00f3n del <span style=\"color: #800080;\"><strong>IV Plan Municipal de la Discapacidad<\/strong><\/span>, adem\u00e1s de <span style=\"color: #800080;\">actos de sensibilizaci\u00f3n,<\/span> actividades para ni\u00f1os o proyecciones de cine, documentales y cortos, centrar\u00e1n a lo largo de esta semana la celebraci\u00f3n del D\u00eda Internacional de la Personas con Discapacidad.<br \/>\nLa concejala de Familia y Pol\u00edtica Social, Paloma Corres, junto a la directora general de Servicios Sociales, Carmen Corral, y la presidenta del CERMI La Rioj<a href=\"http:\/\/buenostratos-blog.larioja.org\/wp-content\/uploads\/2014\/12\/discapacidad.jpg\"><img loading=\"lazy\" decoding=\"async\" class=\"alignright wp-image-801 size-medium\" src=\"http:\/\/buenostratos-blog.larioja.org\/wp-content\/uploads\/2014\/12\/discapacidad-300x222.jpg\" alt=\"discapacidad\" width=\"300\" height=\"222\" srcset=\"https:\/\/buenostratos-blog.larioja.org\/wp-content\/uploads\/2014\/12\/discapacidad-300x222.jpg 300w, https:\/\/buenostratos-blog.larioja.org\/wp-content\/uploads\/2014\/12\/discapacidad-403x300.jpg 403w, https:\/\/buenostratos-blog.larioja.org\/wp-content\/uploads\/2014\/12\/discapacidad.jpg 522w\" sizes=\"(max-width: 300px) 100vw, 300px\" \/><\/a>a, Manoli Muro, han presentado esta ma\u00f1ana los actos organizados con motivo de esta jornada, que se celebra en concreto el 3 de diciembre.<br \/>\nLos actos, que han organizado conjuntante las tres entidades, comenzar\u00e1n el mismo 3 de diciembre<span style=\"color: #800080;\"> a las 11 horas<\/span> con la<span style=\"color: #800080;\"> lectura del manifiesto<\/span> elaborado por el CERMI Auton\u00f3mico con motivo del D\u00eda Europeo e Internacional de las Personas con Discapacidad. Ser\u00e1 en el Parlamento de La Rioja.<br \/>\nPoco despu\u00e9s, sobre <span style=\"color: #800080;\">las 12 horas,<\/span> en el <span style=\"color: #800080;\">Colegio de Primaria Caballero de la Rosa,<\/span> ASPRODEMA llevar\u00e1 a cabo la representaci\u00f3n del <span style=\"color: #800080;\">&#8216;Entrem\u00e9s de L\u00f3pez de Rueda&#8217;<\/span> adaptado por Ricardo Romanos a cargo del <span style=\"color: #800080;\">grupo de Teatro<\/span> Centro de Atenci\u00f3n Diurna <span style=\"color: #800080;\">&#8216;Vareia&#8217;<\/span> De forma paralela se celebrar\u00e1 el <span style=\"color: #800080;\">acto de sensibilizaci\u00f3n &#8216;<\/span><span style=\"color: #800080;\">Capaces<\/span>&#8216; organizado por Fundaci\u00f3n MAPFRE. En la <span style=\"color: #800080;\">Plaza del Ayuntamiento.<\/span><br \/>\nPor la tarde, a partir de <span style=\"color: #800080;\">las 17,30 horas<\/span>, se celebrar\u00e1 <span style=\"color: #800080;\">una chocolatada, juegos y din\u00e1micas para los m\u00e1s peque\u00f1os y j\u00f3venes<\/span>, la actuaci\u00f3n del<span style=\"color: #800080;\"> Mago Alcal\u00e1<\/span> y el concierto <span style=\"color: #800080;\">&#8216;El rap de los sue\u00f1os<\/span>&#8216;, con los raperos &#8216;Al son del rap&#8217;, en la <span style=\"color: #800080;\">Biblioteca de la Asociaci\u00f3n de Vecinos San Jos\u00e9 (Polideportivo de La Ribera<\/span>). Este acto est\u00e1 organizado por ARPS.<br \/>\nAl d\u00eda siguiente, 4 de diciembre, y dentro del programa socioeducativo sobre las personas con discapacidad <span style=\"color: #800080;\">&#8216;Integra en la escuela&#8217;<\/span> que lleva a cabo el Gobierno de La Rioja, se celebrar\u00e1 la <span style=\"color: #800080;\">entrega de premios<\/span> y la proyecci\u00f3n del <span style=\"color: #800080;\">cortometraje &#8216;Cuerdas&#8217;,<\/span> de Pedro Sol\u00eds Nipace, ganador del Goya 2014 al mejor cortometraje de animaci\u00f3n espa\u00f1ol. Todo ello, en el <span style=\"color: #800080;\">Centro Cultural Ibercaja,<\/span> Portales 48 <span style=\"color: #800080;\">a las 17,30 horas.<\/span><br \/>\nEste mismo d\u00eda, a <span style=\"color: #800080;\">las 19 horas<\/span>, el Centro Cultural Caja Rioja, Gran V\u00eda 2 acoger\u00e1 la<span style=\"color: #800080;\"> VI edici\u00f3n de cortometrajes y discapacidad &#8216;DiscapacitACCION<\/span> organizado por La Rioja Sin Barreras.<br \/>\n<span style=\"color: #800080;\"><strong>Plan municipal<\/strong><\/span><br \/>\nPor \u00faltimo, el <span style=\"color: #800080;\">5 de diciembre<\/span>, el Ayuntamiento de Logro\u00f1o celebrar\u00e1 un Pleno Extraordinario para aprobar el I<span style=\"color: #800080;\">V Plan Municipal de Integraci\u00f3n<\/span> <span style=\"color: #800080;\">de Personas con Discapacidad 2015-2018.<\/span><br \/>\nAdem\u00e1s, \u00abel Consistorio trabaja en la <span style=\"color: #800080;\">Ordenanza Municipal de Accesibilidad Universal<\/span> con la que se otorgar\u00e1 el mayor rango normativo dentro de la administraci\u00f3n local a las reglas que rijan y afecten a aspectos relacionados con el mundo de la discapacidad\u00bb.<br \/>\n<strong><span style=\"color: #800080;\">Respeto, autonom\u00eda, igualdad de oportunidades, transversalidad y accesibilidad universal.<\/span> <\/strong>Estos son <span style=\"color: #800080;\">algunos<\/span> de los <span style=\"color: #800080;\">principios<\/span> de este IV Plan Municipal de Integraci\u00f3n de Personas con Discapacidad (2015-2018).<br \/>\nEn \u00e9l, se han establecido <span style=\"color: #800080;\">medidas en las infraestructuras y urbanismo<\/span> (itinerarios peatonales, elementos de urbanizaci\u00f3n, pasos de peatones, vados, escaleras, rampas, ascensores, parques y jardines, iluminaci\u00f3n, mobiliario urbano, sem\u00e1foros, contenedores); accesibilidad en la edificaci\u00f3n (piscinas, ba\u00f1os*); accesibilidad en en transporte (autobuses, coches, taxis, ORA,, carriles bici); accesibilidad en la informaci\u00f3n y en la comunicaci\u00f3n (se\u00f1ales).<br \/>\nDe las 124 medidas propuestas en el anterior plan se cumplieron 99. Para este nuevo plan <span style=\"color: #800080;\">se han establecido 165 medidas.<\/span> Trabajos que se realizan todos en el seno del Consejo Municipal de la Discapacidad, un \u00f3rgano participativo que implica a todas las \u00e1res del Ayuntamiento de Logro\u00f1o y al CERMI La Rioja en el desarrollo de estas pol\u00edticas que, en Logro\u00f1o, se dirigen a unas 9.500 personas con minusval\u00eda reconocida y a sus familias.<\/p>\n<p style=\"text-align: justify;\">www.larioja.com<\/p>\n","protected":false},"excerpt":{"rendered":"<p>Dos plenos extraordinarios -el institucional en el Parlamento regional y el de la aprobaci\u00f3n del IV Plan Municipal de la Discapacidad, adem\u00e1s de actos de sensibilizaci\u00f3n, actividades para ni\u00f1os o proyecciones de cine, documentales y cortos, centrar\u00e1n a lo largo &hellip; <a href=\"https:\/\/buenostratos-blog.larioja.org\/?p=800\">Sigue leyendo <span class=\"meta-nav\">&rarr;<\/span><\/a><\/p>\n","protected":false},"author":2,"featured_media":0,"comment_status":"open","ping_status":"closed","sticky":false,"template":"","format":"standard","meta":{"footnotes":""},"categories":[1],"tags":[],"_links":{"self":[{"href":"https:\/\/buenostratos-blog.larioja.org\/index.php?rest_route=\/wp\/v2\/posts\/800"}],"collection":[{"href":"https:\/\/buenostratos-blog.larioja.org\/index.php?rest_route=\/wp\/v2\/posts"}],"about":[{"href":"https:\/\/buenostratos-blog.larioja.org\/index.php?rest_route=\/wp\/v2\/types\/post"}],"author":[{"embeddable":true,"href":"https:\/\/buenostratos-blog.larioja.org\/index.php?rest_route=\/wp\/v2\/users\/2"}],"replies":[{"embeddable":true,"href":"https:\/\/buenostratos-blog.larioja.org\/index.php?rest_route=%2Fwp%2Fv2%2Fcomments&post=800"}],"version-history":[{"count":2,"href":"https:\/\/buenostratos-blog.larioja.org\/index.php?rest_route=\/wp\/v2\/posts\/800\/revisions"}],"predecessor-version":[{"id":883,"href":"https:\/\/buenostratos-blog.larioja.org\/index.php?rest_route=\/wp\/v2\/posts\/800\/revisions\/883"}],"wp:attachment":[{"href":"https:\/\/buenostratos-blog.larioja.org\/index.php?rest_route=%2Fwp%2Fv2%2Fmedia&parent=800"}],"wp:term":[{"taxonomy":"category","embeddable":true,"href":"https:\/\/buenostratos-blog.larioja.org\/index.php?rest_route=%2Fwp%2Fv2%2Fcategories&post=800"},{"taxonomy":"post_tag","embeddable":true,"href":"https:\/\/buenostratos-blog.larioja.org\/index.php?rest_route=%2Fwp%2Fv2%2Ftags&post=800"}],"curies":[{"name":"wp","href":"https:\/\/api.w.org\/{rel}","templated":true}]}}