{"id":776,"date":"2014-11-25T11:23:19","date_gmt":"2014-11-25T11:23:19","guid":{"rendered":"http:\/\/buenostratos-blog.larioja.org\/?p=776"},"modified":"2019-12-17T11:38:40","modified_gmt":"2019-12-17T11:38:40","slug":"la-falta-de-empleo-dificulta-salir-de-la-violencia-machista","status":"publish","type":"post","link":"https:\/\/buenostratos-blog.larioja.org\/?p=776","title":{"rendered":"La falta de empleo dificulta salir de la violencia machista."},"content":{"rendered":"<p style=\"text-align: justify;\">La Fundaci\u00f3n Adecco ha elaborado, por tercer a\u00f1o consecutivo, un informe basado en una encuesta a <span style=\"color: #800080;\">300 mujeres v\u00edctimas de violencia de g\u00e9nero<\/span> que han acudido a sus oficinas en busca de una oportunidad laboral durante el \u00faltimo a\u00f1o. Seg\u00fan el <span style=\"color: #800080;\">70 por ciento<\/span> de las entrevistadas <span style=\"color: #800080;\">la mejor receta para combatir la violencia machista es contar con un empleo.<\/span><\/p>\n<p style=\"text-align: justify;\"><a href=\"http:\/\/buenostratos-blog.larioja.org\/wp-content\/uploads\/2014\/11\/estudio_1.jpg\"><img loading=\"lazy\" decoding=\"async\" class=\"alignleft wp-image-777 size-medium\" src=\"http:\/\/buenostratos-blog.larioja.org\/wp-content\/uploads\/2014\/11\/estudio_1-300x219.jpg\" alt=\"estudio_1\" width=\"300\" height=\"219\" srcset=\"https:\/\/buenostratos-blog.larioja.org\/wp-content\/uploads\/2014\/11\/estudio_1-300x219.jpg 300w, https:\/\/buenostratos-blog.larioja.org\/wp-content\/uploads\/2014\/11\/estudio_1-409x300.jpg 409w, https:\/\/buenostratos-blog.larioja.org\/wp-content\/uploads\/2014\/11\/estudio_1.jpg 431w\" sizes=\"(max-width: 300px) 100vw, 300px\" \/><\/a>Seg\u00fan las conclusiones del informe, el empleo <span style=\"color: #800080;\">dota de autoestima<\/span> a la mujer v\u00edctima y le <span style=\"color: #800080;\">proporciona la autonom\u00eda e independencia<\/span> necesarias para superar esta dif\u00edcil situaci\u00f3n. De hecho, 7 de cada 10 mujeres v\u00edctimas cree que un puesto de trabajo es la soluci\u00f3n para romper el v\u00ednculo con su pareja y poder \u201cempezar de cero\u201d.<\/p>\n<p style=\"text-align: justify;\">Muy por detr\u00e1s, un <span style=\"color: #800080;\">14%<\/span> opina que la <span style=\"color: #800080;\">mejor alternativa<\/span> para erradicar la violencia de g\u00e9nero es<span style=\"color: #800080;\"> endurecer las leyes,<\/span> seguido de un<span style=\"color: #800080;\"> 12%<\/span> que cree necesaria una <span style=\"color: #800080;\">mayor educaci\u00f3n durante la infancia<\/span>. Por \u00faltimo, un <span style=\"color: #800080;\">4%<\/span> responde que la clave es promover m\u00e1s <span style=\"color: #800080;\">campa\u00f1as de sensibilizaci\u00f3n<\/span> en los medios de comunicaci\u00f3n.<\/p>\n<p><span style=\"color: #800080;\"><strong>Dependencia econ\u00f3mica<\/strong><\/span><\/p>\n<p style=\"text-align: justify;\">Prueba de la importancia del empleo a la hora de combatir la violencia de g\u00e9nero, es la situaci\u00f3n laboral de aqu\u00e9llas que la sufren. Seg\u00fan los datos de esta encuesta, la mayor\u00eda (65%) se encuentra en paro.<\/p>\n<p style=\"text-align: justify;\">Seg\u00fan Francisco Mesonero, director general de la Fundaci\u00f3n Adecco: \u201cEsto no quiere decir que <span style=\"color: #800080;\">el trabajo<\/span> sea una barrera infranqueable contra la violencia de g\u00e9nero, pero observamos c\u00f3mo se convierte en un <span style=\"color: #800080;\">escudo protector,<\/span> al eliminar el factor de dependencia econ\u00f3mica, que muchas veces es el causante de que las situaciones de violencia se prolonguen en el tiempo\u201d.<\/p>\n<p><span style=\"color: #800080;\"><strong>Las denuncias aumentan por primera vez en 5 a\u00f1os<a href=\"http:\/\/buenostratos-blog.larioja.org\/wp-content\/uploads\/2014\/11\/estudio_2_denuncias.jpg\"><img loading=\"lazy\" decoding=\"async\" class=\"alignright wp-image-778 size-medium\" src=\"http:\/\/buenostratos-blog.larioja.org\/wp-content\/uploads\/2014\/11\/estudio_2_denuncias-300x179.jpg\" alt=\"estudio_2_denuncias\" width=\"300\" height=\"179\" srcset=\"https:\/\/buenostratos-blog.larioja.org\/wp-content\/uploads\/2014\/11\/estudio_2_denuncias-300x179.jpg 300w, https:\/\/buenostratos-blog.larioja.org\/wp-content\/uploads\/2014\/11\/estudio_2_denuncias-500x300.jpg 500w, https:\/\/buenostratos-blog.larioja.org\/wp-content\/uploads\/2014\/11\/estudio_2_denuncias.jpg 552w\" sizes=\"(max-width: 300px) 100vw, 300px\" \/><\/a><\/strong><\/span><\/p>\n<p style=\"text-align: justify;\">En los \u00faltimos 5 a\u00f1os hemos asistido a una tendencia a la baja en el n\u00famero de denuncias presentadas por violencia de g\u00e9nero. As\u00ed, en 2013 se registr\u00f3 el valor m\u00ednimo en el \u00faltimo lustro, con 124.892 denuncias, frente a las 142.125 de 2008 (un descenso del 12%).<\/p>\n<p style=\"text-align: justify;\">Como se observa en el gr\u00e1fico, la ca\u00edda ha sido generalizada en los \u00faltimos a\u00f1os. Efectivamente, las mujeres encuestadas reconocen c\u00f3mo la crisis ha supuesto un freno para denunciar, por el temor a no encontrar empleo y verse sin recursos. Un <span style=\"color: #800080;\">97%<\/span> de las encuestadas as\u00ed lo ha declarado: <span style=\"color: #800080;\">la dif\u00edcil situaci\u00f3n laboral no ayuda a tomar la decisi\u00f3n de interponer la denuncia.<\/span><\/p>\n<p style=\"text-align: justify;\">Por Comunidades Aut\u00f3nomas, observamos que los mayores incrementos semestrales se han registrado en Castilla Le\u00f3n (36%), Navarra (15,3%) y Arag\u00f3n 13,8%). Por el contrario, las denuncias han ca\u00eddo en tan s\u00f3lo 4 Comunidades Aut\u00f3nomas: Castilla la Mancha (-9,6%), Canarias (-4,9%), Madrid (-2,2%) y Comunidad Valenciana (-1%).<\/p>\n<p><span style=\"color: #800080;\"><strong>Ante todo, independencia<\/strong><\/span><\/p>\n<p>Para casi la mitad (44%) de las v\u00edctimas de la violencia de g\u00e9nero lo m\u00e1s importante del empleo es encontrar autonom\u00eda e independencia. Asimismo, m\u00e1s de una cuarta parte (26%) busca en el empleo una herramienta para elevar su autoestima y recuperar la confianza en s\u00ed misma. Adem\u00e1s, un 19% cree que el empleo es el mejor instrumento para lograr una vida estable y normalizada.<\/p>\n<p><span style=\"color: #800080;\"><strong>Paro de larga duraci\u00f3n<\/strong><\/span><\/p>\n<p style=\"text-align: justify;\">Aunque el empleo es una herramienta eficaz para lograr independencia econ\u00f3mica y por tanto, libertad, la crisis no hace justicia y el paro de larga duraci\u00f3n est\u00e1 afectando muy directamente a las mujeres en esta situaci\u00f3n. Seg\u00fan se desprende de esta encuesta, un 72% de las mujeres v\u00edc<a href=\"http:\/\/buenostratos-blog.larioja.org\/wp-content\/uploads\/2014\/11\/estudio_4.jpg\"><img loading=\"lazy\" decoding=\"async\" class=\"alignleft wp-image-779 size-medium\" src=\"http:\/\/buenostratos-blog.larioja.org\/wp-content\/uploads\/2014\/11\/estudio_4-300x215.jpg\" alt=\"estudio_4\" width=\"300\" height=\"215\" srcset=\"https:\/\/buenostratos-blog.larioja.org\/wp-content\/uploads\/2014\/11\/estudio_4-300x215.jpg 300w, https:\/\/buenostratos-blog.larioja.org\/wp-content\/uploads\/2014\/11\/estudio_4.jpg 415w\" sizes=\"(max-width: 300px) 100vw, 300px\" \/><\/a>timas lleva m\u00e1s de un a\u00f1o en paro, una cifra 11 puntos porcentuales superior a la del resto de las mujeres a nivel general (61%). Un 20%, adem\u00e1s, se enfrenta a la b\u00fasqueda de empleo por primera vez.<\/p>\n<p style=\"text-align: justify;\">\n<p>http:\/\/www.inmujer.gob.es\/<\/p>\n","protected":false},"excerpt":{"rendered":"<p>La Fundaci\u00f3n Adecco ha elaborado, por tercer a\u00f1o consecutivo, un informe basado en una encuesta a 300 mujeres v\u00edctimas de violencia de g\u00e9nero que han acudido a sus oficinas en busca de una oportunidad laboral durante el \u00faltimo a\u00f1o. Seg\u00fan &hellip; <a href=\"https:\/\/buenostratos-blog.larioja.org\/?p=776\">Sigue leyendo <span class=\"meta-nav\">&rarr;<\/span><\/a><\/p>\n","protected":false},"author":2,"featured_media":0,"comment_status":"open","ping_status":"closed","sticky":false,"template":"","format":"standard","meta":{"footnotes":""},"categories":[13],"tags":[],"_links":{"self":[{"href":"https:\/\/buenostratos-blog.larioja.org\/index.php?rest_route=\/wp\/v2\/posts\/776"}],"collection":[{"href":"https:\/\/buenostratos-blog.larioja.org\/index.php?rest_route=\/wp\/v2\/posts"}],"about":[{"href":"https:\/\/buenostratos-blog.larioja.org\/index.php?rest_route=\/wp\/v2\/types\/post"}],"author":[{"embeddable":true,"href":"https:\/\/buenostratos-blog.larioja.org\/index.php?rest_route=\/wp\/v2\/users\/2"}],"replies":[{"embeddable":true,"href":"https:\/\/buenostratos-blog.larioja.org\/index.php?rest_route=%2Fwp%2Fv2%2Fcomments&post=776"}],"version-history":[{"count":2,"href":"https:\/\/buenostratos-blog.larioja.org\/index.php?rest_route=\/wp\/v2\/posts\/776\/revisions"}],"predecessor-version":[{"id":885,"href":"https:\/\/buenostratos-blog.larioja.org\/index.php?rest_route=\/wp\/v2\/posts\/776\/revisions\/885"}],"wp:attachment":[{"href":"https:\/\/buenostratos-blog.larioja.org\/index.php?rest_route=%2Fwp%2Fv2%2Fmedia&parent=776"}],"wp:term":[{"taxonomy":"category","embeddable":true,"href":"https:\/\/buenostratos-blog.larioja.org\/index.php?rest_route=%2Fwp%2Fv2%2Fcategories&post=776"},{"taxonomy":"post_tag","embeddable":true,"href":"https:\/\/buenostratos-blog.larioja.org\/index.php?rest_route=%2Fwp%2Fv2%2Ftags&post=776"}],"curies":[{"name":"wp","href":"https:\/\/api.w.org\/{rel}","templated":true}]}}