{"id":737,"date":"2014-10-31T10:58:17","date_gmt":"2014-10-31T10:58:17","guid":{"rendered":"http:\/\/buenostratos-blog.larioja.org\/?p=737"},"modified":"2019-12-17T11:38:40","modified_gmt":"2019-12-17T11:38:40","slug":"como-se-perpetuan-el-rosa-y-el-azul","status":"publish","type":"post","link":"https:\/\/buenostratos-blog.larioja.org\/?p=737","title":{"rendered":"C\u00f3mo se perpet\u00faan \u2018el rosa y el azul\u2019."},"content":{"rendered":"<p>&nbsp;<\/p>\n<p style=\"text-align: justify;\">Gracias a las luchas de miles de mujeres \u2013tambi\u00e9n hombres-, vivimos en una sociedad donde<span style=\"color: #800080;\"> la igualdad<\/span> entre hombres y mujeres <span style=\"color: #800080;\">queda recogida en las leyes<\/span> y en la que nadie \u2013o muy pocos- con un micr\u00f3fono delante manifestar\u00eda que las mujeres son i<img loading=\"lazy\" decoding=\"async\" class=\"alignright wp-image-738 size-full\" src=\"http:\/\/buenostratos-blog.larioja.org\/wp-content\/uploads\/2014\/10\/arton11718.jpg\" alt=\"arton11718\" width=\"141\" height=\"117\" \/>nferiores o peores que los hombres. Sin embargo, <span style=\"color: #800080;\">la desigualdad de g\u00e9nero existe<\/span> y cotidianamente <span style=\"color: #800080;\">advertimos<\/span> muestras de <span style=\"color: #800080;\">conductas<\/span> que la <span style=\"color: #800080;\">avalan<\/span> y que sustentan <span style=\"color: #800080;\">la violencia hacia las mujeres<\/span>. En palabras de Ana de Miguel \u00c1lvarez, se trata de un \u201cpatriarcado blando\u201d basado en el \u201cconsentimiento\u201d.<\/p>\n<p style=\"text-align: justify;\">La profesora de Filosof\u00eda Moral y Pol\u00edtica en la Universidad Rey Juan Carlos de Madrid y coordinadora del Doctorado en \u201cEstudios interdisciplinares de g\u00e9nero\u201d ha impartido la primera conferencia de la Jornada sobre \u2018Micromachismos: Hab\u00eda una vez un machismo, \u00bf\u00bbchiquitito\u00bb?\u2019 que organiza la Federaci\u00f3n de Mujeres Progresistas durante hoy y ma\u00f1ana en Madrid. En su ponencia, titulada \u201cLa reproducci\u00f3n de la desigualdad en las sociedades formalmente igualitarias (y con pol\u00edticas activas de igualdad)\u201d, Ana de Miguel ha desmenuzado \u201cc\u00f3mo se desarrolla y transmite el rosa y el azul en el sentido m\u00e1s rancio\u201d.<\/p>\n<p style=\"text-align: justify;\">La experta ha se\u00f1alado <span style=\"color: #800080;\">dos tipos de patriarcado.<\/span> Uno<span style=\"color: #800080;\"> duro<\/span>, basado en la<span style=\"color: #800080;\"> coacci\u00f3n<\/span>, en el que las propias leyes, religi\u00f3n e ideolog\u00eda de Estado sostienen que las mujeres son inferiores a los hombres o su complemento. Otro, <span style=\"color: #800080;\">blando,<\/span> en que hay <span style=\"color: #800080;\">un reconocimiento formal de la igualdad<\/span>, <span style=\"color: #800080;\">pero<\/span> en el <span style=\"color: #800080;\">que<\/span> se <span style=\"color: #800080;\">perpet\u00faan y transmiten las desigualdades<\/span> a trav\u00e9s de la \u201ccreaci\u00f3n y el arte\u201d, convertidas en fuentes de las que proceden \u201cmitos muy poderosos\u201d que dan sentido a la vida del ser humano y desde el cual toma sus decisiones. \u201cEl patriarcado de nuestras sociedades est\u00e1 basado en el consentimiento: nosotras elegimos libremente actuar al servicio de la vida de los hombres\u201d, ha dicho, ilustrando su tesis con el ejemplo de pel\u00edculas como \u2018El se\u00f1or de los anillos\u201d y las opciones que toman sus personajes femeninos.<\/p>\n<p style=\"text-align: justify;\">La jornada ha sido inaugurada por la delegada del Gobierno contra la Violencia de G\u00e9nero, Blanca Hern\u00e1ndez, quien expuso que esos <span style=\"color: #800080;\">micromachismos<\/span> \u00ab<strong><span style=\"color: #800080;\">son conductas tan interiorizadas que no somos capaces de detectarlas\u00bb<\/span><\/strong>, porque est\u00e1n enraizadas en el \u00e1mbito social y familiar y <span style=\"color: #800080;\">no se consideran lesivas.<\/span><\/p>\n<p style=\"text-align: justify;\">Hern\u00e1ndez expuso algunas de las conclusiones de los estudios realizados por la Delegaci\u00f3n sobre violencia de g\u00e9nero. <span style=\"color: #800080;\">El 92 por ciento de la poblaci\u00f3n<\/span> dice que la <span style=\"color: #800080;\">violencia de g\u00e9nero es inaceptable<\/span>, pero los datos cambian cuando se focalizan y precisan las preguntas y ejemplos. Para <span style=\"color: #800080;\">el 35,8 por ciento de las chicas y para el 36 por ciento de los chicos los celos \u00abes una expresi\u00f3n de amor\u00bb.<\/span> Tres de cada cuatro j\u00f3venes han escuchado este consejo por parte de alguna persona adulta. Hern\u00e1ndez se\u00f1al\u00f3 que cuando se pregunta a una chica joven si su pareja la controla, un alto porcentaje dice que no, pero cuando se le interroga sobre si sufre determinados ejemplos de comportamientos de abuso, como que su pareja le dice a la hora que tiene que llegar a casa si sale con sus amigas, es cuando afloran estos \u00abmicromachismos\u00bb.<\/p>\n<p style=\"text-align: justify;\"><span style=\"color: #800080;\"><strong>Estereotipos<\/strong><\/span><\/p>\n<p style=\"text-align: justify;\">La Jornada pretende<span style=\"color: #800080;\"> profundizar<\/span> en una tem\u00e1tica hasta ahora poco conocida <span style=\"color: #800080;\">para<\/span> <span style=\"color: #800080;\">visibilizar estos comportamientos y poder desactivarlos.<\/span> Los <span style=\"color: #800080;\">micromachismos<\/span> son comportamientos desigualitarios <span style=\"color: #800080;\">tolerados socialmente<\/span> <span style=\"color: #800080;\">y<\/span> que est\u00e1n <span style=\"color: #800080;\">presentes<\/span> en todas las esferas de la vida, <span style=\"color: #800080;\">desde<\/span> los agentes de socializaci\u00f3n como <span style=\"color: #800080;\">la familia, la escuela, el grupo de iguales, el lenguaje y los medios de comunicaci\u00f3n<\/span>, hasta <span style=\"color: #800080;\">otros \u00e1mbitos<\/span> como el <span style=\"color: #800080;\">pol\u00edtico, econ\u00f3mico, laboral, social, religioso o deportivo<\/span>\u201d, ha explicado la vicepresidenta de la Federaci\u00f3n de Mujeres Progresistas, Ascensi\u00f3n Iglesias. A trav\u00e9s de ellos se perpet\u00faan estereotipos de g\u00e9nero y se <strong><span style=\"color: #800080;\">consolidan actitudes tanto en mujeres como en hombres que impiden avanzar en igualdad.<\/span><\/strong><\/p>\n<p style=\"text-align: justify;\">En ese sentido, Ana de Miguel explic\u00f3 c\u00f3mo <span style=\"color: #800080;\">se expresan<\/span> estas conductas desde la <span style=\"color: #800080;\">infancia,<\/span> con la costumbre de \u201cponer pendientes a las ni\u00f1as\u201d, o con la vestimenta, o con el orden de los apellidos, con el inter\u00e9s de \u201ccomprender las fuerzas que act\u00faan sobre nosotras para comprender los l\u00edmites de nuestra elecci\u00f3n\u201d. Estas conductas determinan la posibilidad de acci\u00f3n de las personas. \u201cLuchar para erradicarlas en una lucha llena de sentido\u201d.<\/p>\n<p>\u00a0Ameco<\/p>\n","protected":false},"excerpt":{"rendered":"<p>&nbsp; Gracias a las luchas de miles de mujeres \u2013tambi\u00e9n hombres-, vivimos en una sociedad donde la igualdad entre hombres y mujeres queda recogida en las leyes y en la que nadie \u2013o muy pocos- con un micr\u00f3fono delante manifestar\u00eda &hellip; <a href=\"https:\/\/buenostratos-blog.larioja.org\/?p=737\">Sigue leyendo <span class=\"meta-nav\">&rarr;<\/span><\/a><\/p>\n","protected":false},"author":2,"featured_media":0,"comment_status":"open","ping_status":"closed","sticky":false,"template":"","format":"standard","meta":{"footnotes":""},"categories":[13,1],"tags":[],"_links":{"self":[{"href":"https:\/\/buenostratos-blog.larioja.org\/index.php?rest_route=\/wp\/v2\/posts\/737"}],"collection":[{"href":"https:\/\/buenostratos-blog.larioja.org\/index.php?rest_route=\/wp\/v2\/posts"}],"about":[{"href":"https:\/\/buenostratos-blog.larioja.org\/index.php?rest_route=\/wp\/v2\/types\/post"}],"author":[{"embeddable":true,"href":"https:\/\/buenostratos-blog.larioja.org\/index.php?rest_route=\/wp\/v2\/users\/2"}],"replies":[{"embeddable":true,"href":"https:\/\/buenostratos-blog.larioja.org\/index.php?rest_route=%2Fwp%2Fv2%2Fcomments&post=737"}],"version-history":[{"count":2,"href":"https:\/\/buenostratos-blog.larioja.org\/index.php?rest_route=\/wp\/v2\/posts\/737\/revisions"}],"predecessor-version":[{"id":740,"href":"https:\/\/buenostratos-blog.larioja.org\/index.php?rest_route=\/wp\/v2\/posts\/737\/revisions\/740"}],"wp:attachment":[{"href":"https:\/\/buenostratos-blog.larioja.org\/index.php?rest_route=%2Fwp%2Fv2%2Fmedia&parent=737"}],"wp:term":[{"taxonomy":"category","embeddable":true,"href":"https:\/\/buenostratos-blog.larioja.org\/index.php?rest_route=%2Fwp%2Fv2%2Fcategories&post=737"},{"taxonomy":"post_tag","embeddable":true,"href":"https:\/\/buenostratos-blog.larioja.org\/index.php?rest_route=%2Fwp%2Fv2%2Ftags&post=737"}],"curies":[{"name":"wp","href":"https:\/\/api.w.org\/{rel}","templated":true}]}}