{"id":724,"date":"2014-10-23T11:19:00","date_gmt":"2014-10-23T11:19:00","guid":{"rendered":"http:\/\/buenostratos-blog.larioja.org\/?p=724"},"modified":"2019-12-17T11:38:40","modified_gmt":"2019-12-17T11:38:40","slug":"ix-plenario-de-politicas-de-igualdad","status":"publish","type":"post","link":"https:\/\/buenostratos-blog.larioja.org\/?p=724","title":{"rendered":"IX Plenario de Pol\u00edticas de Igualdad"},"content":{"rendered":"<p style=\"text-align: justify;\"><strong><span style=\"color: #800080;\">La Rioja se pone como ejemplo en pol\u00edticas de igualdad en el encuentro europeo<\/span>.<\/strong><\/p>\n<p style=\"text-align: justify;\">La consejera de Administraci\u00f3n P\u00fablica y Hacienda, Concepci\u00f3n Arruga, y el consejero de Salud y Servicios Sociales, Jos\u00e9 Ignacio Nieto, abogaron por <span style=\"color: #800080;\">reforzar las pol\u00edticas de igualdad de g\u00e9nero<\/span> en el nuevo periodo de la prog<img loading=\"lazy\" decoding=\"async\" class=\"alignright wp-image-730 size-medium\" src=\"http:\/\/buenostratos-blog.larioja.org\/wp-content\/uploads\/2014\/10\/Plenario-575x3231-300x168.jpg\" alt=\"Plenario 575x323\" width=\"300\" height=\"168\" srcset=\"https:\/\/buenostratos-blog.larioja.org\/wp-content\/uploads\/2014\/10\/Plenario-575x3231-300x168.jpg 300w, https:\/\/buenostratos-blog.larioja.org\/wp-content\/uploads\/2014\/10\/Plenario-575x3231-500x280.jpg 500w, https:\/\/buenostratos-blog.larioja.org\/wp-content\/uploads\/2014\/10\/Plenario-575x3231.jpg 575w\" sizes=\"(max-width: 300px) 100vw, 300px\" \/>ramaci\u00f3n de <span style=\"color: #800080;\">Fondos Europeos 2014-2020,<\/span> tal y como ha trasladado el Gobierno riojano en un comunicado.<br \/>\nAmbos consejeros intervinieron en la apertura de la novena reuni\u00f3n del<span style=\"color: #800080;\"><strong> Plenario de la Red de Pol\u00edticas de Igualdad entre Mujeres y Hombres en los Fondos Estructurales y el Fondo de Cohesi\u00f3n de la Uni\u00f3n Europea,<\/strong><\/span> que se celebr\u00f3 en Logro\u00f1o los d\u00edas 16 y 17 de octubre.<\/p>\n<p style=\"text-align: justify;\">El Gobierno record\u00f3 que la Red de Pol\u00edticas de Igualdad es un <span style=\"color: #800080;\">foro de debate y an\u00e1lisis<\/span> para <span style=\"color: #800080;\">mejorar la integraci\u00f3n real y efectiva<\/span> de la <span style=\"color: #800080;\">perspectiva de g\u00e9nero<\/span> en las intervenciones cofinanciadas por los Fondos Estructurales (FSE y FEDER) y del Fondo de Cohesi\u00f3n. Su principal labor es la de <span style=\"color: #800080;\">velar<\/span> por el <span style=\"color: #800080;\">desarrollo de las pol\u00edticas de igualdad<\/span> y dar cuenta de los fondos destinados a tal fin.<\/p>\n<p style=\"text-align: justify;\"><span style=\"color: #800080;\"><strong>El Gobierno de La Rioja, agente dinamizador<\/strong><\/span><\/p>\n<p style=\"text-align: justify;\">Durante su intervenci\u00f3n, Arruga y Nieto pusieron el acento en el papel que est\u00e1 desempe\u00f1ando el <strong><span style=\"color: #800080;\">Gobierno de La Rioja<\/span><\/strong> \u00abcomo <span style=\"color: #800080;\">agente dinamizador de las pol\u00edticas que favorezcan la igualdad real entre mujeres y hombres\u00bb.<\/span><br \/>\nAl respecto, Nieto advirti\u00f3 que <span style=\"color: #800080;\">la inclusi\u00f3n<\/span> de la <span style=\"color: #800080;\">perspectiva de g\u00e9nero<\/span> \u00ab<span style=\"color: #800080;\">no es una opci\u00f3n,<\/span> <span style=\"color: #800080;\">sino una obligaci\u00f3n<\/span> que debe presidir la b\u00fasqueda de la calidad en la prestaci\u00f3n de servicios y, por tanto, <span style=\"color: #800080;\">formar parte integral de las pol\u00edticas de desarrollo<\/span>, especialmente de aquellas que se realizan con cargo a fondos de car\u00e1cter estructural o de cohesi\u00f3n\u00bb.<br \/>\nHa explicado que, en materia de servicios sociales, el Gobierno de La Rioja destina cada a\u00f1o m\u00e1s de medio mill\u00f3n de euros a pol\u00edticas espec\u00edficas de mujer, entre las que destaca el <span style=\"color: #800080;\">Centro Asesor de la Mujer<\/span>. En \u00e9l se ofrece <span style=\"color: #800080;\">atenci\u00f3n a todas las mujeres de la regi\u00f3n<\/span> que necesitan ayuda, informaci\u00f3n o asesoramiento, ya sea jur\u00eddico, social y psicol\u00f3gico en materias de su inter\u00e9s, siendo su actividad m\u00e1s importante la prevenci\u00f3n y la atenci\u00f3n a la violencia.<!--more--><\/p>\n<p style=\"text-align: justify;\">Adem\u00e1s, el consejero de Salud y Servicios Sociales precis\u00f3 que la Direcci\u00f3n General de Servicios Sociales cuenta con otros <strong><span style=\"color: #800080;\">programas de atenci\u00f3n<\/span> <\/strong>como<span style=\"color: #800080;\"> la red de alojamiento de mujeres v\u00edctimas de violencia de g\u00e9nero,<\/span> que atendi\u00f3 el a\u00f1o pasado a 38 mujeres y 36 menores a su cargo; y <span style=\"color: #800080;\">el programa de atenci\u00f3n integral a menores<\/span> expuestos a violencia de g\u00e9nero, que atendi\u00f3 en 2013 a 58 menores que necesitaron tratamiento psicol\u00f3gico despu\u00e9s de haber vivido en su hogar situaciones de violencia de g\u00e9nero.<br \/>\n<strong><span style=\"color: #800080;\">Hombres con riesgo de violencia de g\u00e9nero<\/span><\/strong><br \/>\nPor su parte, el Programa de Tratamiento para Hombres con riesgo de violencia familiar atendi\u00f3 a 20 hombres que o bien ejerc\u00edan la violencia o estaban en riesgo de poder ejercerla.<br \/>\nNieto tambi\u00e9n se\u00f1al\u00f3 que, en materia de sensibilizaci\u00f3n social y prevenci\u00f3n de la desigualdad, destacan <span style=\"color: #800080;\">el programa escolar &#8216;Buenos Tratos&#8217;,<\/span> en el que participan 108 colegios y 12.103 alumnos, y las acciones concretas en d\u00edas como el D\u00eda Internacional contra la Violencia de G\u00e9nero o el D\u00eda Internacional de la Mujer Rural.<br \/>\nAsimismo, a\u00f1adi\u00f3 que <span style=\"color: #800080;\">Servicios Sociales gestiona<\/span> tambi\u00e9n otros servicios como <span style=\"color: #800080;\">el portal de la mujer y el tel\u00e9fono de informaci\u00f3n de la mujer<\/span> (900 71 10 10 y el 016 para violencia de g\u00e9nero), y promueve la <span style=\"color: #800080;\">participaci\u00f3n social con el Consejo Sectorial de la Mujer,<\/span> y la coordinaci\u00f3n entre administraciones con <span style=\"color: #800080;\">el Observatorio para la Violencia de G\u00e9nero.<\/span><br \/>\nComo ejemplo del dinamismo de las pol\u00edticas del Gobierno de La Rioja en materia de igualdad, Nieto destac\u00f3 que el a\u00f1o pasado la Consejer\u00eda de Salud y Servicios Sociales incorpor\u00f3 un nuevo <span style=\"color: #800080;\">recurso dirigido a j\u00f3venes gestantes<\/span> ubicado en el centro La Cometa, que busca tanto el bienestar de la mujer como el de su futuro hijo.<\/p>\n<p style=\"text-align: justify;\">En este primer a\u00f1o de funcionamiento ha atendido a 71 usuarios (42 j\u00f3venes gestantes y madres y padres j\u00f3venes, y 29 ni\u00f1os en el servicio de guarder\u00eda). En el centro han recibido informaci\u00f3n, apoyo psicol\u00f3gico, educaci\u00f3n para la maternidad, educaci\u00f3n en igualdad, alimentaci\u00f3n saludable y prevenci\u00f3n de violencia de g\u00e9nero.<br \/>\nPor su parte, Arruga detall\u00f3 que algunas de estas iniciativas, en materia de empleo y relaciones laborales, han permitido que 52 mujeres trabajadoras del sector privado se beneficiaran el a\u00f1o pasado del programa de ayudas para el fomento del derecho de excedencia para el cuidado de hijos.<br \/>\nDel mismo modo, seg\u00fan\u00a0 indic\u00f3, 6 empresas se han beneficiado de la l\u00ednea de ayudas, cofinanciada por el Fondo Social Europeo, para la puesta en marcha de planes de acci\u00f3n positiva durante los a\u00f1os 2012 y 2013 y\u00a0 concret\u00f3 que estos seis planes afectan a 120 trabajadores, de los cuales 66 son mujeres.<\/p>\n<p style=\"text-align: justify;\">\n","protected":false},"excerpt":{"rendered":"<p>La Rioja se pone como ejemplo en pol\u00edticas de igualdad en el encuentro europeo. La consejera de Administraci\u00f3n P\u00fablica y Hacienda, Concepci\u00f3n Arruga, y el consejero de Salud y Servicios Sociales, Jos\u00e9 Ignacio Nieto, abogaron por reforzar las pol\u00edticas de &hellip; <a href=\"https:\/\/buenostratos-blog.larioja.org\/?p=724\">Sigue leyendo <span class=\"meta-nav\">&rarr;<\/span><\/a><\/p>\n","protected":false},"author":2,"featured_media":0,"comment_status":"open","ping_status":"closed","sticky":false,"template":"","format":"standard","meta":{"footnotes":""},"categories":[13],"tags":[],"_links":{"self":[{"href":"https:\/\/buenostratos-blog.larioja.org\/index.php?rest_route=\/wp\/v2\/posts\/724"}],"collection":[{"href":"https:\/\/buenostratos-blog.larioja.org\/index.php?rest_route=\/wp\/v2\/posts"}],"about":[{"href":"https:\/\/buenostratos-blog.larioja.org\/index.php?rest_route=\/wp\/v2\/types\/post"}],"author":[{"embeddable":true,"href":"https:\/\/buenostratos-blog.larioja.org\/index.php?rest_route=\/wp\/v2\/users\/2"}],"replies":[{"embeddable":true,"href":"https:\/\/buenostratos-blog.larioja.org\/index.php?rest_route=%2Fwp%2Fv2%2Fcomments&post=724"}],"version-history":[{"count":9,"href":"https:\/\/buenostratos-blog.larioja.org\/index.php?rest_route=\/wp\/v2\/posts\/724\/revisions"}],"predecessor-version":[{"id":736,"href":"https:\/\/buenostratos-blog.larioja.org\/index.php?rest_route=\/wp\/v2\/posts\/724\/revisions\/736"}],"wp:attachment":[{"href":"https:\/\/buenostratos-blog.larioja.org\/index.php?rest_route=%2Fwp%2Fv2%2Fmedia&parent=724"}],"wp:term":[{"taxonomy":"category","embeddable":true,"href":"https:\/\/buenostratos-blog.larioja.org\/index.php?rest_route=%2Fwp%2Fv2%2Fcategories&post=724"},{"taxonomy":"post_tag","embeddable":true,"href":"https:\/\/buenostratos-blog.larioja.org\/index.php?rest_route=%2Fwp%2Fv2%2Ftags&post=724"}],"curies":[{"name":"wp","href":"https:\/\/api.w.org\/{rel}","templated":true}]}}