{"id":710,"date":"2014-10-08T09:02:13","date_gmt":"2014-10-08T09:02:13","guid":{"rendered":"http:\/\/buenostratos-blog.larioja.org\/?p=710"},"modified":"2019-12-17T11:38:40","modified_gmt":"2019-12-17T11:38:40","slug":"iv-jornadas-de-igualdad-y-prevencion-de-la-violencia-de-genero","status":"publish","type":"post","link":"https:\/\/buenostratos-blog.larioja.org\/?p=710","title":{"rendered":"IV Jornadas de Igualdad y Prevenci\u00f3n de la Violencia de G\u00e9nero."},"content":{"rendered":"<p style=\"text-align: justify;\">La directora general del Instituto de la Mujer y para la Igualdad de Oportunidades, Carmen Plaza, se desplaz\u00f3 el d\u00eda 2 a Galicia para visitar el Centro de Informaci\u00f3n a la Mujer (CIM) de Santiago de Compostela y participar en las<span style=\"color: #800080;\"><strong> IV Jornadas de Igualdad y Prevenci\u00f3n de la Violencia de G\u00e9nero<\/strong><\/span>, que se celebraron en la localidad de Ames (A Coru\u00f1a), organizadas por el Ayuntamiento, la Secretar\u00eda General de Igualdad de la Xunta de Galicia y la Diputaci\u00f3n de A Coru\u00f1a.<\/p>\n<p style=\"text-align: justify;\">En su visita al Centro de Informaci\u00f3n, Plaza estuvo acompa\u00f1ada por la secretaria general de Igualdad de la Xunta de Galicia, Susana L\u00f3pez, y por el alcalde de Santiago de Compostela, Agust\u00edn Hern\u00e1ndez.<\/p>\n<p style=\"text-align: justify;\">El CIM de Santiago de Compostela, que en 2013 recibi\u00f3 m\u00e1s de 9.300 consultas y atendi\u00f3 a m\u00e1s de 1.700 personas, ofrece asistencia jur\u00eddica y atenci\u00f3n psicol\u00f3gica a las santiaguesas que lo precisen, adem\u00e1s de informaci\u00f3n sobre recursos espec\u00edficos y facilita su participaci\u00f3n en actividades que tengan como objetivo prioritario la promoci\u00f3n de la igualdad entre mujeres y hombres.<\/p>\n<p style=\"text-align: justify;\">Este centro cuenta tambi\u00e9n con un servicio gratuito de teletraducci\u00f3n en 51 idiomas, para la atenci\u00f3n de las inmigrantes que residen en Santiago de Compostela, esencial en la detecci\u00f3n de casos de trata de personas y violencia de g\u00e9nero.<\/p>\n<p style=\"text-align: justify;\">Posteriormente, la directora general del Instituto de la Mujer y para la Igualdad de Oportunidades, ha participado en la inauguraci\u00f3n de las IV Jornadas de Igualdad y Prevenci\u00f3n de la Violencia de G\u00e9nero de Ames y <span style=\"color: #800080;\"><strong>ha impartido la ponencia \u201cEl compromiso social por la igualdad\u201d.<\/strong><\/span><\/p>\n<p style=\"text-align: justify;\">Las Jornadas tienen como objetivo <span style=\"color: #800080;\">reflexiona<\/span>r sobre el problema social de <span style=\"color: #800080;\">la violencia de g\u00e9nero y como combatirla<\/span> mediante<span style=\"color: #800080;\"> la educaci\u00f3n<\/span> y la<span style=\"color: #800080;\"> formaci\u00f3n de la juventud,<\/span> <span style=\"color: #800080;\">eliminando<\/span> los<span style=\"color: #800080;\"> estereotipos<\/span> machistas que redundan en la desigualdad y en la violencia contra las mujeres.<\/p>\n<p style=\"text-align: justify;\">Durante su intervenci\u00f3n, Plaza hizo un repaso a la situaci\u00f3n actual de las mujeres en nuestro pa\u00eds, afirmando que \u201c<span style=\"color: #800080;\"><em>la incorporaci\u00f3n de las mujeres a la vida social, econ\u00f3mica, pol\u00edtica y cultural es ya un proceso irreversible<\/em><\/span>\u201d, aunque \u201cel trayecto no ha terminado\u201d. Habl\u00f3 de los <span style=\"color: #800080;\">avances en educaci\u00f3n<\/span> y acceso generalizado al mercado de trabajo, pero tambi\u00e9n insisti\u00f3 en las <span style=\"color: #800080;\">dificultades<\/span> que persisten a\u00fan, como el <span style=\"color: #800080;\">desigual reparto de roles<\/span> y la <span style=\"color: #800080;\">dificultad para compatibilizar familia y carrera profesional.<\/span><\/p>\n<p style=\"text-align: justify;\">Asimismo, Carmen Plaza ha puso de manifiesto el <span style=\"color: #800080;\">firme compromiso<\/span> del Gobierno en la <span style=\"color: #800080;\">igualdad de trato y de oportunidades entre mujeres y hombres<\/span>, que se ha plasmado en el recientemente aprobado <span style=\"color: #800080;\">Plan Estrat\u00e9gico de Igualdad de Oportunidades 2014-2016<\/span>, con la mayor dotaci\u00f3n presupuestaria de cuantos planes de igualdad se han presentado en Espa\u00f1a.<\/p>\n","protected":false},"excerpt":{"rendered":"<p>La directora general del Instituto de la Mujer y para la Igualdad de Oportunidades, Carmen Plaza, se desplaz\u00f3 el d\u00eda 2 a Galicia para visitar el Centro de Informaci\u00f3n a la Mujer (CIM) de Santiago de Compostela y participar en &hellip; <a href=\"https:\/\/buenostratos-blog.larioja.org\/?p=710\">Sigue leyendo <span class=\"meta-nav\">&rarr;<\/span><\/a><\/p>\n","protected":false},"author":2,"featured_media":0,"comment_status":"open","ping_status":"closed","sticky":false,"template":"","format":"standard","meta":{"footnotes":""},"categories":[13,1],"tags":[],"_links":{"self":[{"href":"https:\/\/buenostratos-blog.larioja.org\/index.php?rest_route=\/wp\/v2\/posts\/710"}],"collection":[{"href":"https:\/\/buenostratos-blog.larioja.org\/index.php?rest_route=\/wp\/v2\/posts"}],"about":[{"href":"https:\/\/buenostratos-blog.larioja.org\/index.php?rest_route=\/wp\/v2\/types\/post"}],"author":[{"embeddable":true,"href":"https:\/\/buenostratos-blog.larioja.org\/index.php?rest_route=\/wp\/v2\/users\/2"}],"replies":[{"embeddable":true,"href":"https:\/\/buenostratos-blog.larioja.org\/index.php?rest_route=%2Fwp%2Fv2%2Fcomments&post=710"}],"version-history":[{"count":2,"href":"https:\/\/buenostratos-blog.larioja.org\/index.php?rest_route=\/wp\/v2\/posts\/710\/revisions"}],"predecessor-version":[{"id":717,"href":"https:\/\/buenostratos-blog.larioja.org\/index.php?rest_route=\/wp\/v2\/posts\/710\/revisions\/717"}],"wp:attachment":[{"href":"https:\/\/buenostratos-blog.larioja.org\/index.php?rest_route=%2Fwp%2Fv2%2Fmedia&parent=710"}],"wp:term":[{"taxonomy":"category","embeddable":true,"href":"https:\/\/buenostratos-blog.larioja.org\/index.php?rest_route=%2Fwp%2Fv2%2Fcategories&post=710"},{"taxonomy":"post_tag","embeddable":true,"href":"https:\/\/buenostratos-blog.larioja.org\/index.php?rest_route=%2Fwp%2Fv2%2Ftags&post=710"}],"curies":[{"name":"wp","href":"https:\/\/api.w.org\/{rel}","templated":true}]}}