{"id":71,"date":"2013-10-22T09:42:16","date_gmt":"2013-10-22T09:42:16","guid":{"rendered":"http:\/\/buenostratos-dev.larioja.org\/?p=71"},"modified":"2019-12-17T11:39:00","modified_gmt":"2019-12-17T11:39:00","slug":"v-edicion-del-concurso-de-carteles","status":"publish","type":"post","link":"https:\/\/buenostratos-blog.larioja.org\/?p=71","title":{"rendered":"V Edici\u00f3n del Concurso de carteles."},"content":{"rendered":"<p style=\"text-align: justify;\">La Direcci\u00f3n General de Servicios Sociales de la Consejer\u00eda de Salud y Servicios Sociales, valora la importancia de proporcionar a los menores un mayor conocimiento de sus derechos, divulgando su contenido y alcance.<\/p>\n<p style=\"text-align: justify;\">Para conseguir dicho objetivo y con motivo de la celebraci\u00f3n el d\u00eda 20 de noviembre del D\u00eda Internacional de la Infancia, hemos dise\u00f1ado dos actuaciones a desarrollar en los centros educativos, con las que se pretende:<\/p>\n<p style=\"text-align: justify;\">&#8211; Asegurar que los ni\u00f1os y ni\u00f1as conozcan sus derechos, se responsabilicen de ellos y sean protagonistas de los mismos, formentando la reflexi\u00f3n y concienciaa cr\u00edtica hacia sus derechos y su correcto cumplimiento.<\/p>\n<p style=\"text-align: justify;\">&#8211; Divulgar los contenidos de la Convenci\u00f3n Internacional sobre los Derechos del Ni\u00f1o.<\/p>\n<p style=\"text-align: justify;\">-Desarrollar su creatividad e inquietud por partcicipar en la expresi\u00f3n de sus derechos.<\/p>\n<p style=\"text-align: justify;\">Este a\u00f1o trabajaremos en especial el <strong>DERECHO AL AMOR<\/strong><\/p>\n<p style=\"text-align: left;\"><span id=\"spnAtmt\" tabindex=\"-1\"><a class=\"lnkClickAtmt\" id=\"lnkAtmt\" title=\"Bases Concurso.pdf\" href=\"attachment.ashx?attach=1&amp;id=RgAAAAB9IC3TjqVUQazMduCELg%2biBwCxjISOC%2biFRI0s4o5PoFGGAAAAifUMAACxjISOC%2biFRI0s4o5PoFGGAAABJSpMAAAJ&amp;attid0=BAABAAAA&amp;attcnt=1\" target=\"_blank\" rel=\"noopener noreferrer\">Bases Concurso.pdf\u200e (148 KB\u200e)<\/a><\/span>; <span id=\"spnAtmt\" tabindex=\"-1\"><a class=\"lnkClickAtmt\" id=\"lnkAtmt\" title=\"Cuento.pdf\" href=\"attachment.ashx?attach=1&amp;id=RgAAAAB9IC3TjqVUQazMduCELg%2biBwCxjISOC%2biFRI0s4o5PoFGGAAAAifUMAACxjISOC%2biFRI0s4o5PoFGGAAABJSpMAAAJ&amp;attid0=BAACAAAA&amp;attcnt=1\" target=\"_blank\" rel=\"noopener noreferrer\">Cuento.pdf\u200e (8 MB\u200e)<\/a><\/span>; <span id=\"spnAtmt\" tabindex=\"-1\"><a class=\"lnkClickAtmt\" id=\"lnkAtmt\" title=\"Cuadernillo Did\u00e1ctico.pdf\" href=\"https:\/\/correoweb.larioja.org\/owa\/buentrat@larioja.org\/#\" target=\"_blank\" rel=\"noopener noreferrer\">Cuadernillo Did\u00e1ctico.pdf\u200e (2 MB\u200e)<\/a><\/span><\/p>\n<p style=\"text-align: center;\"><img loading=\"lazy\" decoding=\"async\" width=\"269\" height=\"300\" class=\" wp-image-72 aligncenter\" alt=\"Derechos del ni\u00f1o\" src=\"http:\/\/buenostratos-blog.larioja.org\/wp-content\/uploads\/2013\/10\/Derechos-del-ni\u00f1o-269x300.jpg\" srcset=\"https:\/\/buenostratos-blog.larioja.org\/wp-content\/uploads\/2013\/10\/Derechos-del-ni\u00f1o-269x300.jpg 269w, https:\/\/buenostratos-blog.larioja.org\/wp-content\/uploads\/2013\/10\/Derechos-del-ni\u00f1o.jpg 768w\" sizes=\"(max-width: 269px) 100vw, 269px\" \/><\/p>\n","protected":false},"excerpt":{"rendered":"<p>La Direcci\u00f3n General de Servicios Sociales de la Consejer\u00eda de Salud y Servicios Sociales, valora la importancia de proporcionar a los menores un mayor conocimiento de sus derechos, divulgando su contenido y alcance. Para conseguir dicho objetivo y con motivo &hellip; <a href=\"https:\/\/buenostratos-blog.larioja.org\/?p=71\">Sigue leyendo <span class=\"meta-nav\">&rarr;<\/span><\/a><\/p>\n","protected":false},"author":2,"featured_media":0,"comment_status":"open","ping_status":"closed","sticky":false,"template":"","format":"standard","meta":{"footnotes":""},"categories":[5],"tags":[],"_links":{"self":[{"href":"https:\/\/buenostratos-blog.larioja.org\/index.php?rest_route=\/wp\/v2\/posts\/71"}],"collection":[{"href":"https:\/\/buenostratos-blog.larioja.org\/index.php?rest_route=\/wp\/v2\/posts"}],"about":[{"href":"https:\/\/buenostratos-blog.larioja.org\/index.php?rest_route=\/wp\/v2\/types\/post"}],"author":[{"embeddable":true,"href":"https:\/\/buenostratos-blog.larioja.org\/index.php?rest_route=\/wp\/v2\/users\/2"}],"replies":[{"embeddable":true,"href":"https:\/\/buenostratos-blog.larioja.org\/index.php?rest_route=%2Fwp%2Fv2%2Fcomments&post=71"}],"version-history":[{"count":7,"href":"https:\/\/buenostratos-blog.larioja.org\/index.php?rest_route=\/wp\/v2\/posts\/71\/revisions"}],"predecessor-version":[{"id":2522,"href":"https:\/\/buenostratos-blog.larioja.org\/index.php?rest_route=\/wp\/v2\/posts\/71\/revisions\/2522"}],"wp:attachment":[{"href":"https:\/\/buenostratos-blog.larioja.org\/index.php?rest_route=%2Fwp%2Fv2%2Fmedia&parent=71"}],"wp:term":[{"taxonomy":"category","embeddable":true,"href":"https:\/\/buenostratos-blog.larioja.org\/index.php?rest_route=%2Fwp%2Fv2%2Fcategories&post=71"},{"taxonomy":"post_tag","embeddable":true,"href":"https:\/\/buenostratos-blog.larioja.org\/index.php?rest_route=%2Fwp%2Fv2%2Ftags&post=71"}],"curies":[{"name":"wp","href":"https:\/\/api.w.org\/{rel}","templated":true}]}}