{"id":700,"date":"2014-10-06T12:34:28","date_gmt":"2014-10-06T12:34:28","guid":{"rendered":"http:\/\/buenostratos-blog.larioja.org\/?p=700"},"modified":"2019-12-17T11:38:40","modified_gmt":"2019-12-17T11:38:40","slug":"feliz-dia-del-docente","status":"publish","type":"post","link":"https:\/\/buenostratos-blog.larioja.org\/?p=700","title":{"rendered":"Feliz D\u00eda del Docente"},"content":{"rendered":"<p>&nbsp;<\/p>\n<p style=\"text-align: justify;\">Ayer <span style=\"color: #800080;\"><strong>5 de octubre de 2014<\/strong><\/span>, se celebr\u00f3 el <span style=\"color: #800080;\"><strong>D\u00eda Mundial de los Docentes<\/strong><\/span> que este a\u00f1o cumple su vig\u00e9simo aniversario. Este d\u00eda, que fue instituido por la Unesco en 1994, se conmemora cada a\u00f1o para celebrar la funci\u00f3n esencial de los maestros y maestras en todos los pa\u00edses. Adem\u00e1s sirve ocasi\u00f3n para reflexionar sobre las barreras con las que se enfrenta la educaci\u00f3n y la labor que tiene el profesorado en<img loading=\"lazy\" decoding=\"async\" class=\"alignright wp-image-702 size-medium\" src=\"http:\/\/buenostratos-blog.larioja.org\/wp-content\/uploads\/2014\/10\/dia-del-maestro-2014--251x300.jpg\" alt=\"dia-del-maestro-2014-\" width=\"251\" height=\"300\" srcset=\"https:\/\/buenostratos-blog.larioja.org\/wp-content\/uploads\/2014\/10\/dia-del-maestro-2014--251x300.jpg 251w, https:\/\/buenostratos-blog.larioja.org\/wp-content\/uploads\/2014\/10\/dia-del-maestro-2014-.jpg 600w\" sizes=\"(max-width: 251px) 100vw, 251px\" \/> la formaci\u00f3n de j\u00f3venes como ciudadanos del mundo.<\/p>\n<p style=\"text-align: justify;\">Un sistema educativo es tan bueno como lo sea su <span style=\"color: #800080;\">profesorado<\/span>. Por ello, la Unesco no quiere dejar pasar la oportunidad de destacar que los docentes\u00a0<span style=\"color: #800080;\">son fundamentales<\/span> para una<span style=\"color: #800080;\"> educaci\u00f3n universal y de calidad<\/span>, esenciales para las pr\u00f3ximas generaciones. En este sentido, indica que es necesaria una ense\u00f1anza innovadora, integradora para ofrecer a millones de ni\u00f1os y j\u00f3venes de todo el mundo las mejores oportunidades. La Unesco se\u00f1ala que en muchos pa\u00edses, el d\u00e9ficit de docentes dificulta la calidad de la educaci\u00f3n. El objetivo de <span style=\"color: #800080;\">universalizar la educaci\u00f3n primaria<\/span> para 2015 exige incorporar a 1,4 millones de nuevos docentes a las aulas de todo el mundo. Adem\u00e1s del problema num\u00e9rico, tambi\u00e9n se plantea el de la<span style=\"color: #800080;\"> calidad.<\/span> Ya que en ocasiones, el profesorado trabaja sin recursos ni medios adecuados. Por ello, para la Unesco es prioritario dotar a los docentes para que puedan trabajar con eficacia, lo que pasa por el aumento de su formaci\u00f3n, las mejores condiciones de empleo y el incremento de su calidad.<\/p>\n<p style=\"text-align: justify;\">As\u00ed, el D\u00eda Mundial de los Docentes representa un signo de la comprensi\u00f3n y el aprecio ante la contribuci\u00f3n a la educaci\u00f3n y el desarrollo por parte del profesorado. Este d\u00eda es reconocido internacionalmente y celebrado en m\u00e1s de cien paises a lo largo de todo el mundo.<\/p>\n<p style=\"text-align: justify;\">Hoy, desde el <strong><span style=\"color: #800080;\">Programa de Buenos Tratos,<\/span><\/strong> queremos deciros <span style=\"color: #800080;\"><strong>gracias<\/strong><\/span> por tantas ense\u00f1anzas y aprendizajes que nos brindais en cada momento.<\/p>\n<p style=\"text-align: justify;\"><strong><span style=\"color: #800080;\">!!!FELIZ D\u00cdA!!!<\/span><\/strong><\/p>\n","protected":false},"excerpt":{"rendered":"<p>&nbsp; Ayer 5 de octubre de 2014, se celebr\u00f3 el D\u00eda Mundial de los Docentes que este a\u00f1o cumple su vig\u00e9simo aniversario. Este d\u00eda, que fue instituido por la Unesco en 1994, se conmemora cada a\u00f1o para celebrar la funci\u00f3n &hellip; <a href=\"https:\/\/buenostratos-blog.larioja.org\/?p=700\">Sigue leyendo <span class=\"meta-nav\">&rarr;<\/span><\/a><\/p>\n","protected":false},"author":2,"featured_media":0,"comment_status":"open","ping_status":"closed","sticky":false,"template":"","format":"standard","meta":{"footnotes":""},"categories":[13,1,3],"tags":[],"_links":{"self":[{"href":"https:\/\/buenostratos-blog.larioja.org\/index.php?rest_route=\/wp\/v2\/posts\/700"}],"collection":[{"href":"https:\/\/buenostratos-blog.larioja.org\/index.php?rest_route=\/wp\/v2\/posts"}],"about":[{"href":"https:\/\/buenostratos-blog.larioja.org\/index.php?rest_route=\/wp\/v2\/types\/post"}],"author":[{"embeddable":true,"href":"https:\/\/buenostratos-blog.larioja.org\/index.php?rest_route=\/wp\/v2\/users\/2"}],"replies":[{"embeddable":true,"href":"https:\/\/buenostratos-blog.larioja.org\/index.php?rest_route=%2Fwp%2Fv2%2Fcomments&post=700"}],"version-history":[{"count":3,"href":"https:\/\/buenostratos-blog.larioja.org\/index.php?rest_route=\/wp\/v2\/posts\/700\/revisions"}],"predecessor-version":[{"id":709,"href":"https:\/\/buenostratos-blog.larioja.org\/index.php?rest_route=\/wp\/v2\/posts\/700\/revisions\/709"}],"wp:attachment":[{"href":"https:\/\/buenostratos-blog.larioja.org\/index.php?rest_route=%2Fwp%2Fv2%2Fmedia&parent=700"}],"wp:term":[{"taxonomy":"category","embeddable":true,"href":"https:\/\/buenostratos-blog.larioja.org\/index.php?rest_route=%2Fwp%2Fv2%2Fcategories&post=700"},{"taxonomy":"post_tag","embeddable":true,"href":"https:\/\/buenostratos-blog.larioja.org\/index.php?rest_route=%2Fwp%2Fv2%2Ftags&post=700"}],"curies":[{"name":"wp","href":"https:\/\/api.w.org\/{rel}","templated":true}]}}