{"id":641,"date":"2014-07-28T11:37:35","date_gmt":"2014-07-28T11:37:35","guid":{"rendered":"http:\/\/buenostratos-blog.larioja.org\/?p=641"},"modified":"2019-12-17T11:38:40","modified_gmt":"2019-12-17T11:38:40","slug":"i-jornadas-tic-en-la-adolescencia-del-uso-al-abuso","status":"publish","type":"post","link":"https:\/\/buenostratos-blog.larioja.org\/?p=641","title":{"rendered":"I Jornadas TIC en la adolescencia: del uso al abuso."},"content":{"rendered":"<p style=\"text-align: justify;\"><a href=\"http:\/\/buenostratos-blog.larioja.org\/wp-content\/uploads\/2014\/01\/Tics.jpg\"><img loading=\"lazy\" decoding=\"async\" class=\"size-medium wp-image-446 alignright\" alt=\"Tics\" src=\"http:\/\/buenostratos-blog.larioja.org\/wp-content\/uploads\/2014\/01\/Tics-300x266.jpg\" width=\"300\" height=\"266\" srcset=\"https:\/\/buenostratos-blog.larioja.org\/wp-content\/uploads\/2014\/01\/Tics-300x266.jpg 300w, https:\/\/buenostratos-blog.larioja.org\/wp-content\/uploads\/2014\/01\/Tics-337x300.jpg 337w, https:\/\/buenostratos-blog.larioja.org\/wp-content\/uploads\/2014\/01\/Tics.jpg 350w\" sizes=\"(max-width: 300px) 100vw, 300px\" \/><\/a><span style=\"color: #800080;\">Malas notas<\/span>, <span style=\"color: #800080;\">cambios<\/span> en la <span style=\"color: #800080;\">conducta<\/span> social y familiar y <span style=\"color: #800080;\">obsesi\u00f3n<\/span> por estar <span style=\"color: #800080;\">conectados<\/span> son <span style=\"color: #800080;\">se\u00f1ales de alarma<\/span> del abuso de la tecnolog\u00eda en adolescentes, seg\u00fan aseguran diversos expertos que participaron en la <span style=\"color: #800080;\"><strong>I Jornada &#8216;Las TIC en la adolescencia: del uso al abuso&#8217;,<\/strong> <\/span>organizada por la Cl\u00ednica La Luz de Madrid.<\/p>\n<p style=\"text-align: justify;\">\u00abCada vez necesitan dedicar <span style=\"color: #800080;\">m\u00e1s tiempo<\/span> al uso de las nuevas tecnolog\u00edas <span style=\"color: #800080;\">para obtener<\/span> el mismo nivel de <span style=\"color: #800080;\">satisfacci\u00f3n<\/span>. Esto se manifiesta en <span style=\"color: #800080;\">cambios en la conducta social<\/span>, cambios <span style=\"color: #800080;\">en las relaciones familiares<\/span> y <span style=\"color: #800080;\">en el rendimiento acad\u00e9mico<\/span>\u00ab, ha aseverado el psiquiatra infanto-juvenil de la Cl\u00ednica La Luz y coordinador de la jornada, Jos\u00e9 Luis Pedreira Massa.<\/p>\n<p style=\"text-align: justify;\">En este sentido, otro de los coordinadores del encuentro, Carlos Gonz\u00e1lez Navajas, ha informado de que en las consultas acuden <span style=\"color: #800080;\">chicos \u00abobsesionados\u00bb<\/span> por estar conectados, que no apagan el dispositivo por la noche y que alteran sus actividades cotidianas para usar, cada vez m\u00e1s, el m\u00f3vil, la consola o el ordenador.<\/p>\n<p style=\"text-align: justify;\">Adem\u00e1s, prosigue, cuando no est\u00e1n en contacto con los dispositivos se vuelven irritables y tienen cambios de humor, algo que se calma al volver a estar conectados. Por ello, a su juicio, no es de extra\u00f1ar que vean alterados sus ritmos de sue\u00f1o y comida por la hiperadicci\u00f3n y por el aumento de la excitabilidad.<\/p>\n<p style=\"text-align: justify;\">Ahora bien, aunque en cuesti\u00f3n de edad dicho abuso <span style=\"color: #800080;\">se d\u00e9<\/span> especialmente en <span style=\"color: #800080;\">adolescentes de entre 12 y 16 a\u00f1os,<\/span> existen <span style=\"color: #800080;\">diferencias por sexos<\/span>. As\u00ed, tal y como ha explicado Gonz\u00e1lez Navajas, en el caso de <span style=\"color: #800080;\">los chicos<\/span> suele tratarse de un adolescente con car\u00e1cter <span style=\"color: #800080;\">t\u00edmido, retra\u00eddo y<\/span> con ciertas <span style=\"color: #800080;\">dificultades relacionales<\/span> que hace un <span style=\"color: #800080;\">uso abusivo de los juegos en red y consolas.<\/span><\/p>\n<p style=\"text-align: justify;\">Por su parte, <span style=\"color: #800080;\">las chicas<\/span> con adicci\u00f3n a las nuevas tecnolog\u00edas tienen un car\u00e1cter aparentemente <span style=\"color: #800080;\">sociable<\/span>, pero con <span style=\"color: #800080;\">ciertas dificultades en la comunicaci\u00f3n<\/span> y que hacen un uso excesivo de <span style=\"color: #800080;\">redes sociales como &#8216;Twitter&#8217;, &#8216;Facebook&#8217; y &#8216;Tuenti&#8217;<\/span>, y otros sitios de Internet, sobre todo los relacionados con <span style=\"color: #800080;\">trastornos de la alimentaci\u00f3n.<\/span>\u00abAnte situaciones como las descritas el abordaje terap\u00e9utico es imprescindible y, como en otras conductas adictivas, exige separar al adolescente del t\u00f3xico, es decir, en este caso de los dispositivos tecnol\u00f3gicos, los juegos online y las redes sociales\u00bb, ha apuntado Pedreira.<\/p>\n<p><span style=\"color: #800080;\"><strong>PREVENIR PARA NO ABUSAR<\/strong><\/span><\/p>\n<p style=\"text-align: justify;\">Finalmente, para Pedreira la prevenci\u00f3n de todo abuso es <span style=\"color: #800080;\">f\u00e1cil de formular<\/span> pero, tal y como ha apostillado,<span style=\"color: #800080;\"> \u00abmuy dif\u00edcil\u00bb de ejecutar<\/span> y en el caso de las nuevas tecnolog\u00edas lo es m\u00e1s, ya que se habla de un \u00abinvitado\u00bb permanente en todos los hogares, de unas herramientas que ayudan y entretienen y que tienen a todos, adultos y ni\u00f1os, seducidos.<\/p>\n<p style=\"text-align: justify;\">Sin embargo, y a pesar de esta dificultad, los especialistas han definido una serie de <span style=\"color: #800080;\">pautas claras a implementar<\/span> por los padres para evitar un uso abusivo de la tecnolog\u00eda por parte de sus hijos.<\/p>\n<p style=\"text-align: justify;\">\u00abLos dispositivos tecnol\u00f3gicos<span style=\"color: #800080;\"> no<\/span> pueden estar <span style=\"color: #800080;\">en la habitaci\u00f3n<\/span> del ni\u00f1o o adolescente, sino en una habitaci\u00f3n de tr\u00e1nsito, como el sal\u00f3n o un despacho. Adem\u00e1s, tiene que haber <span style=\"color: #800080;\">una persona adulta presente<\/span> cuando el menor est\u00e9 utilizando la tecnolog\u00eda para que <span style=\"color: #800080;\">controle el tiempo<\/span> de exposici\u00f3n, as\u00ed como<span style=\"color: #800080;\"> los contenidos<\/span> que se visitan\u00bb, ha recalcado.<\/p>\n<p style=\"text-align: justify;\">Por \u00faltimo, ha destacado la necesidad de que <span style=\"color: #800080;\">los padres conozcan las contrase\u00f1as<\/span> de los perfiles que tienen sus hijos en las redes sociales y que pacten con ellos en qu\u00e9 circunstancias no deben usar el m\u00f3vil.<\/p>\n<p>(EuropaPress)<\/p>\n","protected":false},"excerpt":{"rendered":"<p>Malas notas, cambios en la conducta social y familiar y obsesi\u00f3n por estar conectados son se\u00f1ales de alarma del abuso de la tecnolog\u00eda en adolescentes, seg\u00fan aseguran diversos expertos que participaron en la I Jornada &#8216;Las TIC en la adolescencia: &hellip; <a href=\"https:\/\/buenostratos-blog.larioja.org\/?p=641\">Sigue leyendo <span class=\"meta-nav\">&rarr;<\/span><\/a><\/p>\n","protected":false},"author":2,"featured_media":0,"comment_status":"open","ping_status":"closed","sticky":false,"template":"","format":"standard","meta":{"footnotes":""},"categories":[13,1,3],"tags":[],"_links":{"self":[{"href":"https:\/\/buenostratos-blog.larioja.org\/index.php?rest_route=\/wp\/v2\/posts\/641"}],"collection":[{"href":"https:\/\/buenostratos-blog.larioja.org\/index.php?rest_route=\/wp\/v2\/posts"}],"about":[{"href":"https:\/\/buenostratos-blog.larioja.org\/index.php?rest_route=\/wp\/v2\/types\/post"}],"author":[{"embeddable":true,"href":"https:\/\/buenostratos-blog.larioja.org\/index.php?rest_route=\/wp\/v2\/users\/2"}],"replies":[{"embeddable":true,"href":"https:\/\/buenostratos-blog.larioja.org\/index.php?rest_route=%2Fwp%2Fv2%2Fcomments&post=641"}],"version-history":[{"count":6,"href":"https:\/\/buenostratos-blog.larioja.org\/index.php?rest_route=\/wp\/v2\/posts\/641\/revisions"}],"predecessor-version":[{"id":649,"href":"https:\/\/buenostratos-blog.larioja.org\/index.php?rest_route=\/wp\/v2\/posts\/641\/revisions\/649"}],"wp:attachment":[{"href":"https:\/\/buenostratos-blog.larioja.org\/index.php?rest_route=%2Fwp%2Fv2%2Fmedia&parent=641"}],"wp:term":[{"taxonomy":"category","embeddable":true,"href":"https:\/\/buenostratos-blog.larioja.org\/index.php?rest_route=%2Fwp%2Fv2%2Fcategories&post=641"},{"taxonomy":"post_tag","embeddable":true,"href":"https:\/\/buenostratos-blog.larioja.org\/index.php?rest_route=%2Fwp%2Fv2%2Ftags&post=641"}],"curies":[{"name":"wp","href":"https:\/\/api.w.org\/{rel}","templated":true}]}}