{"id":634,"date":"2014-07-23T09:25:08","date_gmt":"2014-07-23T09:25:08","guid":{"rendered":"http:\/\/buenostratos-blog.larioja.org\/?p=634"},"modified":"2019-12-17T11:38:40","modified_gmt":"2019-12-17T11:38:40","slug":"cuento-para-menores-victimas-de-violencia","status":"publish","type":"post","link":"https:\/\/buenostratos-blog.larioja.org\/?p=634","title":{"rendered":"Cuento para menores v\u00edctimas de violencia."},"content":{"rendered":"<p style=\"text-align: justify;\">\u00a0El presidente del Consejo Territorial de la ONCE en Andaluc\u00eda, Ventura Pazos, y la directora del Instituto Andaluz de la Mujer (IAM), Silvia O\u00f1ate, han presentado en Sevilla la edici\u00f3n en sistema<a href=\"http:\/\/buenostratos-blog.larioja.org\/wp-content\/uploads\/2014\/07\/Portada-El-viaje-en-Globo.jpg\"><img loading=\"lazy\" decoding=\"async\" class=\"size-medium wp-image-636 alignleft\" alt=\"Portada El viaje en Globo\" src=\"http:\/\/buenostratos-blog.larioja.org\/wp-content\/uploads\/2014\/07\/Portada-El-viaje-en-Globo-223x300.jpg\" width=\"223\" height=\"300\" srcset=\"https:\/\/buenostratos-blog.larioja.org\/wp-content\/uploads\/2014\/07\/Portada-El-viaje-en-Globo-223x300.jpg 223w, https:\/\/buenostratos-blog.larioja.org\/wp-content\/uploads\/2014\/07\/Portada-El-viaje-en-Globo.jpg 298w\" sizes=\"(max-width: 223px) 100vw, 223px\" \/><\/a> Braille del cuento <span style=\"color: #800080;\"><strong>\u2019El viaje en globo\u2019<\/strong><\/span>, un relato dirigido a <span style=\"color: #800080;\">menores<\/span> de entre 0 y 12 a\u00f1os que <span style=\"color: #800080;\">residen en los centros de atenci\u00f3n integral y acogida para v\u00edctimas de violencia de g\u00e9nero.<\/span> La nueva edici\u00f3n tiene como objetivo adaptar el cuento de modo que todo menor que entre en un centro de acogida pueda disfrutarlo sin problemas de accesibilidad.<\/p>\n<p style=\"text-align: justify;\">La iniciativa forma parte de la l\u00ednea de colaboraci\u00f3n entre la Organizaci\u00f3n Nacional de Ciegos (ONCE) y el Instituto Andaluz de la Mujer para la realizaci\u00f3n de<span style=\"color: #800080;\"> iniciativas conjuntas que promuevan la igualdad y la erradicaci\u00f3n de la violencia de g\u00e9nero<\/span> en las personas con discapacidad visual, que pueden sufrir una situaci\u00f3n de especial vulnerabilidad. Seg\u00fan ha anunciado la directora, dicha colaboraci\u00f3n se concretar\u00e1 pr\u00f3ximamente mediante la firma de un convenio que permitir\u00e1 la adaptaci\u00f3n de la red de centros de acogida del IAM al colectivo de personas ciegas, y que tiene como primer paso la edici\u00f3n en Braille de este cuento.<\/p>\n<p style=\"text-align: justify;\">El libro, que tambi\u00e9n ha sido traducido a <span style=\"color: #800080;\">varios idiomas<\/span> (ingl\u00e9s, franc\u00e9s, \u00e1rabe, ruso y rumano) para dar respuesta a la poblaci\u00f3n extranjera, tiene como<span style=\"color: #800080;\"> o<\/span><a href=\"http:\/\/buenostratos-blog.larioja.org\/wp-content\/uploads\/2014\/07\/El-viaje-en-globo1.png\"><img loading=\"lazy\" decoding=\"async\" class=\"size-medium wp-image-637 alignright\" alt=\"El viaje en globo1\" src=\"http:\/\/buenostratos-blog.larioja.org\/wp-content\/uploads\/2014\/07\/El-viaje-en-globo1-300x202.png\" width=\"300\" height=\"202\" srcset=\"https:\/\/buenostratos-blog.larioja.org\/wp-content\/uploads\/2014\/07\/El-viaje-en-globo1-300x202.png 300w, https:\/\/buenostratos-blog.larioja.org\/wp-content\/uploads\/2014\/07\/El-viaje-en-globo1.png 400w\" sizes=\"(max-width: 300px) 100vw, 300px\" \/><\/a><span style=\"color: #800080;\">bjetivo<\/span> <span style=\"color: #800080;\">reducir el impacto producido por las experiencias vividas y la disgregaci\u00f3n del n\u00facleo familiar<\/span>, as\u00ed como<span style=\"color: #800080;\"> facilitar el proceso de acogida a los menores<\/span> que ingresan en los recursos. As\u00ed, se pretende facilitar el proceso de adaptaci\u00f3n a la situaci\u00f3n de acogida (dejar su casa, cambiar de colegio, de ciudad, convivir con otras personas a las que apenas conoce&#8230;) con las m\u00ednimas consecuencias traum\u00e1ticas, <span style=\"color: #800080;\">mediante la identificaci\u00f3n<\/span> <span style=\"color: #800080;\">con los personajes protagonistas de la historia<\/span>, contribuyendo a la incorporaci\u00f3n de valores positivos y a darle sentido a los cambios que est\u00e1 viviendo.<\/p>\n<p style=\"text-align: justify;\">El cuento, elaborado por una psic\u00f3loga y experta en intervenci\u00f3n logop\u00e9dica (Susanna Isern) e ilustrado por una dise\u00f1adora gr\u00e1fica e ilustradora (Silvia \u00c1lvarez), da vida a una serie de personajes con quienes los ni\u00f1os acogidos puedan identificarse f\u00e1cilmente. <span style=\"color: #800080;\">La protagonista<\/span>, como hilo conductor de la historia, <span style=\"color: #800080;\">vive en primera persona el proceso de acogida,<\/span> pasando de un primer estado de incertidumbre a sentirse cada vez m\u00e1s segura, protegida y feliz en su nuevo hogar transitorio, representado por un globo gigante. Junto al cuento, se ha realizado un mural gr\u00e1fico de gran tama\u00f1o como elemento de bienvenida para los menores a su ingreso en los recursos de acogida. En \u00e9l se ofrece un mensaje claro de cu\u00e1les son las caracter\u00edsticas especiales de su nueva residencia, normas y derechos para respetar, la convivencia con otras personas, etc.<\/p>\n<p style=\"text-align: justify;\">Seg\u00fan ha explicado la directora, \u00abpara la Junta de Andaluc\u00eda siempre ha sido una <span style=\"color: #800080;\">prioridad la atenci\u00f3n integral y temprana a menores expuestos a la violencia de g\u00e9nero<\/span>, v\u00edctimas a\u00fan m\u00e1s vulnerables\u00bb, ya que \u00abcorren el riesgo de reproducir esos patrones o sufrir secuelas que lastren el resto de su vida\u00bb.<\/p>\n<p style=\"text-align: justify;\">La red de centros del Servicio Integral de Atenci\u00f3n y Acogida ha atendido desde su puesta en marcha en 1998 a 40.939 personas v\u00edctimas de violencia de g\u00e9nero, <span style=\"color: #800080;\">22.917 de ellas menores,<\/span> con los que <span style=\"color: #800080;\">se trabaja la recuperaci\u00f3n psicoafectiva y social<\/span> y la<span style=\"color: #800080;\"> prevenci\u00f3n de conductas imitativas.<\/span> Para ello, el servicio desarrolla actuaciones para la<span style=\"color: #800080;\"> motivaci\u00f3n<\/span> en el <span style=\"color: #800080;\">aprendizaje<\/span>, para la <span style=\"color: #800080;\">recuperaci\u00f3n de su autoestima<\/span>, para la <span style=\"color: #800080;\">expresi\u00f3n de sentimientos<\/span> y para el<span style=\"color: #800080;\"><strong> desarrollo de valores como la coeducaci\u00f3n, la paz y la no violencia. <\/strong><\/span><\/p>\n<p>Ameco<\/p>\n","protected":false},"excerpt":{"rendered":"<p>\u00a0El presidente del Consejo Territorial de la ONCE en Andaluc\u00eda, Ventura Pazos, y la directora del Instituto Andaluz de la Mujer (IAM), Silvia O\u00f1ate, han presentado en Sevilla la edici\u00f3n en sistema Braille del cuento \u2019El viaje en globo\u2019, un &hellip; <a href=\"https:\/\/buenostratos-blog.larioja.org\/?p=634\">Sigue leyendo <span class=\"meta-nav\">&rarr;<\/span><\/a><\/p>\n","protected":false},"author":2,"featured_media":0,"comment_status":"open","ping_status":"closed","sticky":false,"template":"","format":"standard","meta":{"footnotes":""},"categories":[13,9,1,5],"tags":[],"_links":{"self":[{"href":"https:\/\/buenostratos-blog.larioja.org\/index.php?rest_route=\/wp\/v2\/posts\/634"}],"collection":[{"href":"https:\/\/buenostratos-blog.larioja.org\/index.php?rest_route=\/wp\/v2\/posts"}],"about":[{"href":"https:\/\/buenostratos-blog.larioja.org\/index.php?rest_route=\/wp\/v2\/types\/post"}],"author":[{"embeddable":true,"href":"https:\/\/buenostratos-blog.larioja.org\/index.php?rest_route=\/wp\/v2\/users\/2"}],"replies":[{"embeddable":true,"href":"https:\/\/buenostratos-blog.larioja.org\/index.php?rest_route=%2Fwp%2Fv2%2Fcomments&post=634"}],"version-history":[{"count":4,"href":"https:\/\/buenostratos-blog.larioja.org\/index.php?rest_route=\/wp\/v2\/posts\/634\/revisions"}],"predecessor-version":[{"id":650,"href":"https:\/\/buenostratos-blog.larioja.org\/index.php?rest_route=\/wp\/v2\/posts\/634\/revisions\/650"}],"wp:attachment":[{"href":"https:\/\/buenostratos-blog.larioja.org\/index.php?rest_route=%2Fwp%2Fv2%2Fmedia&parent=634"}],"wp:term":[{"taxonomy":"category","embeddable":true,"href":"https:\/\/buenostratos-blog.larioja.org\/index.php?rest_route=%2Fwp%2Fv2%2Fcategories&post=634"},{"taxonomy":"post_tag","embeddable":true,"href":"https:\/\/buenostratos-blog.larioja.org\/index.php?rest_route=%2Fwp%2Fv2%2Ftags&post=634"}],"curies":[{"name":"wp","href":"https:\/\/api.w.org\/{rel}","templated":true}]}}