{"id":615,"date":"2014-07-09T08:20:48","date_gmt":"2014-07-09T08:20:48","guid":{"rendered":"http:\/\/buenostratos-blog.larioja.org\/?p=615"},"modified":"2019-12-17T11:38:40","modified_gmt":"2019-12-17T11:38:40","slug":"interior-se-incorpora-al-observatorio-contra-la-violencia-domestica-y-genero","status":"publish","type":"post","link":"https:\/\/buenostratos-blog.larioja.org\/?p=615","title":{"rendered":"Interior se incorpora al Observatorio contra la Violencia Dom\u00e9stica y G\u00e9nero"},"content":{"rendered":"<p style=\"text-align: justify;\">El Ministerio del Interior se ha sumado a las instituciones que forman parte del Observatorio contra la Violencia Dom\u00e9stica y de G\u00e9nero al aceptar la invitaci\u00f3n que el organismo le hizo por las \u00abimportantes competencias\u00bb de la Polic\u00eda y la Guardia Civil en la lucha contra la violencia machista.<\/p>\n<p style=\"text-align: justify;\">As\u00ed lo ha explicado, en un comunicado, el Consejo General del Poder Judicial (CGPJ), al que pertenece el Observatorio, en el que ha recordado que el de <span style=\"color: #800080;\">Interior<\/span> es el<span style=\"color: #800080;\"> tercer ministerio<\/span> junto al de<span style=\"color: #800080;\"> Sanidad, Servicios Sociales e Igualdad y el del Justicia<\/span> que se incorpora a este organismo.<\/p>\n<p style=\"text-align: justify;\">Adem\u00e1s, el <span style=\"color: #800080;\">Observatorio<\/span> lo<span style=\"color: #800080;\"> integran l<\/span>a <span style=\"color: #800080;\">Fiscal\u00eda General del Estado<\/span>, el <span style=\"color: #800080;\">Consejo General de la Abogac\u00eda Espa\u00f1ola<\/span> y las c<span style=\"color: #800080;\">omunidades aut\u00f3nomas con competencias<\/span> transferidas en materia de <span style=\"color: #800080;\">Justicia,<\/span> que este a\u00f1o est\u00e1n representadas por la Diputaci\u00f3n General de Arag\u00f3n.<\/p>\n<p style=\"text-align: justify;\">Los representantes de Interior en el Observatorio ser\u00e1n el director de gabinete del Secretario de Estado de Seguridad, Alejandro S\u00e1nchez, y el jefe de \u00e1rea del Gabinete de Estudios y Coordinaci\u00f3n, Jorge Zurita, responsable de la puesta en marcha del sistema de seguimiento integral en los casos de violencia de g\u00e9nero (Viogen).<\/p>\n<p><span style=\"color: #800080;\"><strong>Premios anuales<\/strong><\/span><\/p>\n<p style=\"text-align: justify;\">Por otra parte, el C<a href=\"http:\/\/buenostratos-blog.larioja.org\/wp-content\/uploads\/2014\/07\/arton11304.jpg\"><img loading=\"lazy\" decoding=\"async\" class=\"size-full wp-image-616 alignleft\" alt=\"arton11304\" src=\"http:\/\/buenostratos-blog.larioja.org\/wp-content\/uploads\/2014\/07\/arton11304.jpg\" width=\"179\" height=\"179\" srcset=\"https:\/\/buenostratos-blog.larioja.org\/wp-content\/uploads\/2014\/07\/arton11304.jpg 179w, https:\/\/buenostratos-blog.larioja.org\/wp-content\/uploads\/2014\/07\/arton11304-150x150.jpg 150w\" sizes=\"(max-width: 179px) 100vw, 179px\" \/><\/a>GPJ ha informado de que las instituciones miembros del Observatorio han decidido por unanimidad conceder sus <span style=\"color: #800080;\">premios anuales<\/span> a la <span style=\"color: #800080;\">labor m\u00e1s destacada en la erradicaci\u00f3n de la violencia<\/span> <span style=\"color: #800080;\">de g\u00e9nero a la Agencia de la Uni\u00f3n Europea<\/span> para los Derechos Fundamentales (FRA) y a <span style=\"color: #800080;\">la fiscal general de Guatemala, Thelma Aldana.<\/span><\/p>\n<p style=\"text-align: justify;\">La agencia, con sede en Viena y en funcionamiento desde 2007, tiene como objetivo asistir y asesorar a las instituciones de la UE y a los pa\u00edses miembros en materia de derechos fundamentales y su plasmaci\u00f3n en la normativa comunitaria. El pasado 5 de marzo,<span style=\"color: #800080;\"> la FRA<\/span> <span style=\"color: #800080;\">hizo<\/span> p\u00fablico el <span style=\"color: #800080;\">estudio \u00abViolencia contra las mujeres\u00bb<\/span>, la primera encuesta europea sobre esta materia, que se realiz\u00f3 en los 28 Estados miembros bas\u00e1ndose en 42.000 entrevistas personales a mujeres.<\/p>\n<p style=\"text-align: justify;\">El Observatorio ha decidido<span style=\"color: #800080;\"> premiar a la fiscal general de Guatemala por su contribuci\u00f3n<\/span> a <span style=\"color: #800080;\">la creaci\u00f3n del Observatorio de violencia sexual y feminicidio<\/span> en el pa\u00eds centroamericano. Aldana, abogada y notaria, se convirti\u00f3 en 2009 en la primera mujer elegida magistrada de la Corte Suprema guatemalteca y dos a\u00f1os despu\u00e9s accedi\u00f3 a la presidencia de ese \u00f3rgano.<\/p>\n<p style=\"text-align: justify;\">El CGPJ ha explicado que la fiscal guatemalteca ha conseguido que <span style=\"color: #800080;\">se creen tribunales especializados en violencia de g\u00e9nero<\/span> con la finalidad de <span style=\"color: #800080;\">combatir la impunidad y promover la igualdad en el acceso a la Justicia.<\/span> Adem\u00e1s, ha impulsado la formaci\u00f3n especializada y la sensibilizaci\u00f3n de jueces, fiscales y otros operadores jur\u00eddicos<\/p>\n","protected":false},"excerpt":{"rendered":"<p>El Ministerio del Interior se ha sumado a las instituciones que forman parte del Observatorio contra la Violencia Dom\u00e9stica y de G\u00e9nero al aceptar la invitaci\u00f3n que el organismo le hizo por las \u00abimportantes competencias\u00bb de la Polic\u00eda y la &hellip; <a href=\"https:\/\/buenostratos-blog.larioja.org\/?p=615\">Sigue leyendo <span class=\"meta-nav\">&rarr;<\/span><\/a><\/p>\n","protected":false},"author":2,"featured_media":0,"comment_status":"open","ping_status":"closed","sticky":false,"template":"","format":"standard","meta":{"footnotes":""},"categories":[13],"tags":[],"_links":{"self":[{"href":"https:\/\/buenostratos-blog.larioja.org\/index.php?rest_route=\/wp\/v2\/posts\/615"}],"collection":[{"href":"https:\/\/buenostratos-blog.larioja.org\/index.php?rest_route=\/wp\/v2\/posts"}],"about":[{"href":"https:\/\/buenostratos-blog.larioja.org\/index.php?rest_route=\/wp\/v2\/types\/post"}],"author":[{"embeddable":true,"href":"https:\/\/buenostratos-blog.larioja.org\/index.php?rest_route=\/wp\/v2\/users\/2"}],"replies":[{"embeddable":true,"href":"https:\/\/buenostratos-blog.larioja.org\/index.php?rest_route=%2Fwp%2Fv2%2Fcomments&post=615"}],"version-history":[{"count":3,"href":"https:\/\/buenostratos-blog.larioja.org\/index.php?rest_route=\/wp\/v2\/posts\/615\/revisions"}],"predecessor-version":[{"id":619,"href":"https:\/\/buenostratos-blog.larioja.org\/index.php?rest_route=\/wp\/v2\/posts\/615\/revisions\/619"}],"wp:attachment":[{"href":"https:\/\/buenostratos-blog.larioja.org\/index.php?rest_route=%2Fwp%2Fv2%2Fmedia&parent=615"}],"wp:term":[{"taxonomy":"category","embeddable":true,"href":"https:\/\/buenostratos-blog.larioja.org\/index.php?rest_route=%2Fwp%2Fv2%2Fcategories&post=615"},{"taxonomy":"post_tag","embeddable":true,"href":"https:\/\/buenostratos-blog.larioja.org\/index.php?rest_route=%2Fwp%2Fv2%2Ftags&post=615"}],"curies":[{"name":"wp","href":"https:\/\/api.w.org\/{rel}","templated":true}]}}