{"id":609,"date":"2014-07-02T11:34:42","date_gmt":"2014-07-02T11:34:42","guid":{"rendered":"http:\/\/buenostratos-blog.larioja.org\/?p=609"},"modified":"2019-12-17T11:38:40","modified_gmt":"2019-12-17T11:38:40","slug":"i-carrera-hay-salida","status":"publish","type":"post","link":"https:\/\/buenostratos-blog.larioja.org\/?p=609","title":{"rendered":"I Carrera \u00abHay Salida\u00bb"},"content":{"rendered":"<p>&nbsp;<\/p>\n<p style=\"text-align: justify;\">Unas 4.000 personas participaron este domingo en Madrid en la<strong> I \u2019Carrera Hay Salida.<\/strong> <strong>Por una sociedad libre de violencia de g\u00e9nero\u2019<\/strong> organizada por la Delegaci\u00f3n del Gobierno para la Violencia de G\u00e9nero, dependiente del Ministerio de Sanidad, Servicios Sociales e Igualdad, la revista MIA y el Ayuntamiento de Madrid.<br \/>\n<a href=\"http:\/\/buenostratos-blog.larioja.org\/wp-content\/uploads\/2014\/07\/arton11279.jpg\"><img loading=\"lazy\" decoding=\"async\" class=\"size-full wp-image-610 alignleft\" alt=\"arton11279\" src=\"http:\/\/buenostratos-blog.larioja.org\/wp-content\/uploads\/2014\/07\/arton11279.jpg\" width=\"166\" height=\"139\" \/><\/a><br \/>\nLa delegada del Gobierno para la Violencia de G\u00e9nero, Blanca Hern\u00e1ndez, ha afirmado que el <span style=\"color: #800080;\">70 por ciento<\/span> de las mujeres<span style=\"color: #800080;\"> v\u00edctimas<\/span> de malos tratos <span style=\"color: #800080;\">consiguen rehacer la vida<\/span> tras denunciar a su agresor. De ah\u00ed que<span style=\"color: #800080;\"> la denuncia<\/span><span style=\"color: #000000;\"> sea<\/span><span style=\"color: #800080;\"> fundamental<\/span> y que se activen <span style=\"color: #800080;\">campa\u00f1as para \u201cromper el silencio\u201d<\/span> de muchas de las mujeres que padecen violencia de g\u00e9nero.<\/p>\n<p style=\"text-align: justify;\">La delegada del Gobierno ha recordado que el lema de la carrera est\u00e1 inspirado en <span style=\"color: #800080;\">mujeres reales<\/span> \u00abque despu\u00e9s de la violencia sufrida tiene una vida plena, con nuevas parejas y que disfrutan en plenitud de sus derechos\u00bb.<\/p>\n<p style=\"text-align: justify;\">La delegada del Gobierno considera esencial <span style=\"color: #800080;\">potenciar todos los cauces de informaci\u00f3n<\/span> respecto de una lacra que no s\u00f3lo es la violencia f\u00edsica, sino tambi\u00e9n la vejaci\u00f3n, el insulto, las amenazas a una mujer. Seg\u00fan el \u00faltimo estudio sobre la percepci\u00f3n ciudadana sobre este fen\u00f3meno, cerca de un <span style=\"color: #800080;\">30 por ciento<\/span> de la sociedad espa\u00f1ola <span style=\"color: #800080;\">ve aceptable<\/span> <span style=\"color: #800080;\">comportamientos de control sobre la mujer<\/span> dentro de la convivencia en pareja. Aqu\u00ed, y en la sensibilizaci\u00f3n contra roles de conducta machista en los j\u00f3venes, <span style=\"color: #800080;\">queda trabajo por hacer,<\/span> y el compromiso del Ministerio de Sanidad, Servicios Sociales e Igualdad es hacer lo m\u00e1ximo para ir atajando dichas tendencias, seg\u00fan explica Hern\u00e1ndez.<\/p>\n<p style=\"text-align: justify;\">La prueba, que parti\u00f3 a las 9.00 horas del madrile\u00f1o Parque de El Retiro, consisti\u00f3 en un recorrido urbano con una distancia de 6,2 kil\u00f3metros para mujeres y hombres mayores de 14 a\u00f1os. A su t\u00e9rmino, se\u00a0 procedi\u00f3 a la entrega de premios.<\/p>\n<p style=\"text-align: justify;\">El campe\u00f3n masculino fue el corredor Chema Mart\u00ednez, quien ha dado la enhorabuena a todos los participantes, \u00ab<span style=\"color: #800080;\">hoy todos somos ganadores<\/span>\u00ab, ha afirmado. Las campeonas femeninas han sido las hermanas Amaya y Tamara Sanfabio, quienes han permanecido juntas durante todo el recorrido.<\/p>\n<p style=\"text-align: justify;\">AmecoPress<\/p>\n","protected":false},"excerpt":{"rendered":"<p>&nbsp; Unas 4.000 personas participaron este domingo en Madrid en la I \u2019Carrera Hay Salida. Por una sociedad libre de violencia de g\u00e9nero\u2019 organizada por la Delegaci\u00f3n del Gobierno para la Violencia de G\u00e9nero, dependiente del Ministerio de Sanidad, Servicios &hellip; <a href=\"https:\/\/buenostratos-blog.larioja.org\/?p=609\">Sigue leyendo <span class=\"meta-nav\">&rarr;<\/span><\/a><\/p>\n","protected":false},"author":2,"featured_media":0,"comment_status":"open","ping_status":"closed","sticky":false,"template":"","format":"standard","meta":{"footnotes":""},"categories":[1],"tags":[],"_links":{"self":[{"href":"https:\/\/buenostratos-blog.larioja.org\/index.php?rest_route=\/wp\/v2\/posts\/609"}],"collection":[{"href":"https:\/\/buenostratos-blog.larioja.org\/index.php?rest_route=\/wp\/v2\/posts"}],"about":[{"href":"https:\/\/buenostratos-blog.larioja.org\/index.php?rest_route=\/wp\/v2\/types\/post"}],"author":[{"embeddable":true,"href":"https:\/\/buenostratos-blog.larioja.org\/index.php?rest_route=\/wp\/v2\/users\/2"}],"replies":[{"embeddable":true,"href":"https:\/\/buenostratos-blog.larioja.org\/index.php?rest_route=%2Fwp%2Fv2%2Fcomments&post=609"}],"version-history":[{"count":3,"href":"https:\/\/buenostratos-blog.larioja.org\/index.php?rest_route=\/wp\/v2\/posts\/609\/revisions"}],"predecessor-version":[{"id":613,"href":"https:\/\/buenostratos-blog.larioja.org\/index.php?rest_route=\/wp\/v2\/posts\/609\/revisions\/613"}],"wp:attachment":[{"href":"https:\/\/buenostratos-blog.larioja.org\/index.php?rest_route=%2Fwp%2Fv2%2Fmedia&parent=609"}],"wp:term":[{"taxonomy":"category","embeddable":true,"href":"https:\/\/buenostratos-blog.larioja.org\/index.php?rest_route=%2Fwp%2Fv2%2Fcategories&post=609"},{"taxonomy":"post_tag","embeddable":true,"href":"https:\/\/buenostratos-blog.larioja.org\/index.php?rest_route=%2Fwp%2Fv2%2Ftags&post=609"}],"curies":[{"name":"wp","href":"https:\/\/api.w.org\/{rel}","templated":true}]}}