{"id":577,"date":"2014-06-20T08:48:27","date_gmt":"2014-06-20T08:48:27","guid":{"rendered":"http:\/\/buenostratos-blog.larioja.org\/?p=577"},"modified":"2019-12-17T11:38:40","modified_gmt":"2019-12-17T11:38:40","slug":"campana-hay-salida-2014","status":"publish","type":"post","link":"https:\/\/buenostratos-blog.larioja.org\/?p=577","title":{"rendered":"Campa\u00f1a \u00abHay salida 2014\u00bb"},"content":{"rendered":"<p style=\"text-align: justify;\"><span style=\"color: #800080;\"><strong>Los esfuerzos de esta campa\u00f1a van dirigidos a acercar la igualdad, el respeto y la prevenci\u00f3n de la violencia de g\u00e9nero a este grupo de la poblaci\u00f3n. <\/strong><\/span><\/p>\n<p style=\"text-align: justify;\">\u00a0El Ministerio de Sanidad, Servicios Sociales e Igualdad ha presentado hoy el estudio <strong>\u201cPercepci\u00f3n social de la violencia de g\u00e9nero\u201d<\/strong> con el <span style=\"color: #800080;\"><strong><a href=\"http:\/\/buenostratos-blog.larioja.org\/wp-content\/uploads\/2014\/06\/haysalida.jpg\"><img loading=\"lazy\" decoding=\"async\" class=\"size-medium wp-image-581 alignright\" alt=\"haysalida\" src=\"http:\/\/buenostratos-blog.larioja.org\/wp-content\/uploads\/2014\/06\/haysalida-300x196.jpg\" width=\"300\" height=\"196\" srcset=\"https:\/\/buenostratos-blog.larioja.org\/wp-content\/uploads\/2014\/06\/haysalida-300x196.jpg 300w, https:\/\/buenostratos-blog.larioja.org\/wp-content\/uploads\/2014\/06\/haysalida.jpg 405w\" sizes=\"(max-width: 300px) 100vw, 300px\" \/><\/a><\/strong><\/span>que pretende recabar un an\u00e1lisis lo m\u00e1s preciso posible sobre c\u00f3mo los ciudadanos perciben la violencia de g\u00e9nero y c\u00f3mo consideran que se est\u00e1 luchando contra <span style=\"color: #800080;\">una lacra<\/span> que, desde la inauguraci\u00f3n de las estad\u00edsticas,<span style=\"color: #800080;\"> ha costado la vida de m\u00e1s de 700 mujeres<\/span>. La secretaria de Estado de Servicios Sociales e Igualdad, Susana Camarero, ha hecho un llamamiento a la <span style=\"color: #800080;\">concienciaci\u00f3n<\/span> de la poblaci\u00f3n para, entre todos, desde la unidad, ir atajando un problema que tiene su base en la desigualdad, y por ello, se hacen <span style=\"color: #800080;\">primordiales medidas educativas y de sensibilizaci\u00f3n.<\/span> Por ello, ha recalcado que la campa\u00f1a<span style=\"color: #800080;\"> \u201cHay salida\u201d<\/span> de este a\u00f1o se <span style=\"color: #800080;\">centrar\u00e1 en los j\u00f3venes<\/span> y abogar\u00e1 por detectar se\u00f1ales precoces de malos tratos y por <span style=\"color: #800080;\">usar de modo responsable las nuevas tecnolog\u00edas.<\/span><br \/>\n<span style=\"color: #800080;\">\u00a0<\/span><br \/>\nAcompa\u00f1ada por la delegada del Gobierno para la Violencia de G\u00e9nero, Blanca Hern\u00e1ndez, y por el catedr\u00e1tico de Sociolog\u00eda que ha coordinado el informe, Gerardo Meil, la secretaria de Estado ha recordado que casi un<span style=\"color: #800080;\"> 30% de las adolescentes reconoce<\/span> que <span style=\"color: #800080;\">ha padecido alg\u00fan tipo de control de su libertad<\/span> por parte de sus <span style=\"color: #800080;\">parejas<\/span>, en tanto que un tercio de la poblaci\u00f3n m\u00e1s joven no cree que responder a un mensaje insultante se pueda interpretar como una conducta de riesgo para su integridad. Es precisamente la <span style=\"color: #800080;\">baja percepci\u00f3n del riesgo<\/span> que puedan entra\u00f1ar <span style=\"color: #800080;\">las redes sociales<\/span> y las nuevas tecnolog\u00edas lo que ha llevado al Departamento de Ana Mato a dise\u00f1ar una nueva campa\u00f1a, dentro de la plataforma \u201cHay Salida\u201d, que alcance a los m\u00e1s j\u00f3venes y les acerque a <span style=\"color: #800080;\">la igualdad, al respeto y a la prevenci\u00f3n de la violencia de g\u00e9nero.<\/span><\/p>\n<p style=\"text-align: justify;\">El informe, que ya puede verse en la web del Ministerio, aporta datos como que el 89% de los entrevistados conoce la problem\u00e1tica de la violencia de g\u00e9nero y que el 92% la rechaza de forma rotunda, cifras que, en opini\u00f3n de Camarero, ilustran que \u201clos espa\u00f1oles identifican hoy, y rechazan, la lacra de la violencia contra la mujer, y esto es un gran avance con respecto a a\u00f1os no muy lejanos, cuando los ciudadanos manten\u00edan este problema como algo que no sal\u00eda de los hogares\u201d. Pero, al mismo tiempo, alrededor del <span style=\"color: #800080;\">30% de la ciudadan\u00eda<\/span> (un 32% de los hombres y un 29% de las mujeres) <span style=\"color: #800080;\">reconocen<\/span> que es <span style=\"color: #800080;\">aceptable alg\u00fan tipo de maltrato<\/span> en la relaci\u00f3n de pareja, por ejemplo el control sobre algunos comportamientos o h\u00e1bitos, sea la forma de vestir, el c\u00edrculo de amistades o patrones de la rutina. \u201cY aqu\u00ed se demuestra que todav\u00eda hay muchas personas que asocian la violencia de g\u00e9nero con el maltrato f\u00edsico (que repulsa casi el 100% de la ciudadan\u00eda), pero que no identifican que tambi\u00e9n es violencia el control psicol\u00f3gico o sobre la pareja\u201d, ha apostillado la secretaria de Estado.<\/p>\n<p style=\"text-align: justify;\">El Ministerio de Sanidad, Servicios Sociales e Igualdad recuerda, en este sentido, que una de las medidas adoptadas por los titulares de este Departamento, de Justicia y de Interior consisti\u00f3 en <span style=\"color: #800080;\">ampliar el arco competencial<\/span> de los juzgados de violencia sobre la mujer para que en su seno <span style=\"color: #800080;\">se tramiten tambi\u00e9n procesos por hostigamiento o intimidaci\u00f3n a la mujer, o da\u00f1o a su propia imagen o intimidad.<\/span><\/p>\n<p style=\"text-align: justify;\">Por consiguiente, ha remarcado Camarero, hay que seguir avanzando en <span style=\"color: #800080;\">la ruptura del silencio<\/span>, pues, como indican las estad\u00edsticas de v\u00edctimas mortales a\u00f1o tras a\u00f1os alrededor de <span style=\"color: #800080;\">un 80%<\/span> de las mujeres asesinadas <span style=\"color: #800080;\">no hab\u00edan presentado denuncia previa<\/span>. El \u00edndice de denuncias, adem\u00e1s, arrastra un descenso paulatino desde 2008, lo que preocupa al Departamento de Ana Mato y le ha llevado, junto con el Ministerio de Justicia, a establecer el acceso a asesor\u00eda jur\u00eddica gratuita a las v\u00edctimas de violencia de g\u00e9nero con independencia de su nivel de recursos e incluso antes de interponer la propia denuncia. Adem\u00e1s, seg\u00fan ha asegurado la secretaria de Estado, frente al 80% de las mujeres asesinadas por sus parejas o exparejas que no hab\u00eda presentado denuncia previa, se encuentra <span style=\"color: #800080;\">un 72% de mujeres<\/span> que <strong><span style=\"color: #800080;\">decidieron acabar con su situaci\u00f3n y emprender una nueva vida. Y lo han logrado.<\/span><\/strong><\/p>\n<p style=\"text-align: justify;\"><!--more--><\/p>\n<p style=\"text-align: justify;\">Maximizar la difusi\u00f3n del 016, cuyo grado de conocimiento es bajo entre los hombres, y mejorar el uso de ATENPRO, as\u00ed como de los brazaletes, son tareas que ya ha acometido el Gobierno. De hecho, Camarero ha avanzado que entre los meses de marzo y abril de este a\u00f1o el 016 experiment\u00f3 un incremento de uso del 32% respecto al mismo periodo de 2013. A ATENPRO pueden acceder ya las mujeres con discapacidad visual y auditiva.<\/p>\n<p style=\"text-align: justify;\"><span style=\"color: #800080;\"><strong>NECESARIA PROTECCI\u00d3N DE LOS MENORES<\/strong><\/span><br \/>\n<span style=\"color: #800080;\"><strong>\u00a0<\/strong><\/span><br \/>\nTal y como consta en el estudio conocido hoy, un 65% de los encuestados conoce a una mujer que ha sufrido malos tratos y ten\u00eda hijos menores que estaban en el hogar cuando se produc\u00eda violencia de g\u00e9nero. Aparte de cambiar el art\u00edculo 1 de la Ley Integral, el Gobierno ha establecido que <span style=\"color: #800080;\">los jueces<\/span> obligatoriamente <span style=\"color: #800080;\">se pronuncien<\/span> sobre las <span style=\"color: #800080;\">medidas cautelares de protecci\u00f3n<\/span> cuando haya ni\u00f1os afectados en una instrucci\u00f3n por violencia de g\u00e9nero. Significa la medida que <span style=\"color: #800080;\">un menor no podr\u00e1 quedarse sin radio de protecci\u00f3n<\/span> cuando est\u00e9 implicado en un caso. Tambi\u00e9n se procurar\u00e1 que no repita testimonio ante diferentes instancias judiciales y se promover\u00e1 que permanezcan junto a sus madres. El estudio, en esta l\u00ednea, ofrece un dato a tener en cuenta: <span style=\"color: #800080;\">el 89% de las v\u00edctimas aguantan la situaci\u00f3n por sus hijos.<\/span><\/p>\n<p style=\"text-align: justify;\">En definitiva, el Gobierno <span style=\"color: #800080;\">trabajar\u00e1 por la igualdad y contra la violencia de g\u00e9nero desde un enfoque transversal<\/span>, de modo que alcance a todos los departamentos del Ejecutivo, como corrobora el Plan Estrat\u00e9gico de Igualdad aprobado en marzo de este a\u00f1o. M\u00e1s de 3.000 millones de euros de dotaci\u00f3n econ\u00f3mica entre las administraciones para potenciar el acceso al empleo, mejorar la conciliaci\u00f3n y luchar contra la violencia de g\u00e9nero. El 70% de dicha dotaci\u00f3n incide en los dos primeros puntos. Con m\u00e1s de un a\u00f1o de vigencia, la Estrategia Nacional contra la Violencia de G\u00e9nero, al que corresponden m\u00e1s de 1.500 millones de euros hasta 2016, aglutina los esfuerzos de las administraciones para <span style=\"color: #800080;\">acabar con esta lacra<\/span>, as\u00ed como pretende <span style=\"color: #800080;\">agilizar la coordinaci\u00f3n<\/span>. Los encuestados manifiestan en el estudio que hay <span style=\"color: #800080;\">recursos<\/span> para combatir la violencia sobre la mujer, pero hace falta que <span style=\"color: #800080;\">se coordinen<\/span> mejor. El Ministerio de Sanidad, Servicios Sociales e Igualdad trabaja en la coordinaci\u00f3n de toda clase de servicios y ayudas a la mujer.<\/p>\n<p style=\"text-align: justify;\">Camarero ha concluido que la sociedad debe ser consciente de que \u201c<span style=\"color: #800080;\">por cada mujer que sufre violencia de g\u00e9nero, muchas otras resultan heridas, no s\u00f3lo su entorno, sino toda la ciudadan\u00eda en su conjunto\u201d.<\/span><\/p>\n","protected":false},"excerpt":{"rendered":"<p>Los esfuerzos de esta campa\u00f1a van dirigidos a acercar la igualdad, el respeto y la prevenci\u00f3n de la violencia de g\u00e9nero a este grupo de la poblaci\u00f3n. \u00a0El Ministerio de Sanidad, Servicios Sociales e Igualdad ha presentado hoy el estudio &hellip; <a href=\"https:\/\/buenostratos-blog.larioja.org\/?p=577\">Sigue leyendo <span class=\"meta-nav\">&rarr;<\/span><\/a><\/p>\n","protected":false},"author":2,"featured_media":0,"comment_status":"open","ping_status":"closed","sticky":false,"template":"","format":"standard","meta":{"footnotes":""},"categories":[13,1],"tags":[],"_links":{"self":[{"href":"https:\/\/buenostratos-blog.larioja.org\/index.php?rest_route=\/wp\/v2\/posts\/577"}],"collection":[{"href":"https:\/\/buenostratos-blog.larioja.org\/index.php?rest_route=\/wp\/v2\/posts"}],"about":[{"href":"https:\/\/buenostratos-blog.larioja.org\/index.php?rest_route=\/wp\/v2\/types\/post"}],"author":[{"embeddable":true,"href":"https:\/\/buenostratos-blog.larioja.org\/index.php?rest_route=\/wp\/v2\/users\/2"}],"replies":[{"embeddable":true,"href":"https:\/\/buenostratos-blog.larioja.org\/index.php?rest_route=%2Fwp%2Fv2%2Fcomments&post=577"}],"version-history":[{"count":6,"href":"https:\/\/buenostratos-blog.larioja.org\/index.php?rest_route=\/wp\/v2\/posts\/577\/revisions"}],"predecessor-version":[{"id":586,"href":"https:\/\/buenostratos-blog.larioja.org\/index.php?rest_route=\/wp\/v2\/posts\/577\/revisions\/586"}],"wp:attachment":[{"href":"https:\/\/buenostratos-blog.larioja.org\/index.php?rest_route=%2Fwp%2Fv2%2Fmedia&parent=577"}],"wp:term":[{"taxonomy":"category","embeddable":true,"href":"https:\/\/buenostratos-blog.larioja.org\/index.php?rest_route=%2Fwp%2Fv2%2Fcategories&post=577"},{"taxonomy":"post_tag","embeddable":true,"href":"https:\/\/buenostratos-blog.larioja.org\/index.php?rest_route=%2Fwp%2Fv2%2Ftags&post=577"}],"curies":[{"name":"wp","href":"https:\/\/api.w.org\/{rel}","templated":true}]}}