{"id":569,"date":"2014-06-13T08:34:29","date_gmt":"2014-06-13T08:34:29","guid":{"rendered":"http:\/\/buenostratos-blog.larioja.org\/?p=569"},"modified":"2019-12-17T11:38:40","modified_gmt":"2019-12-17T11:38:40","slug":"dia-mundial-contra-el-trabajo-infantil-2014","status":"publish","type":"post","link":"https:\/\/buenostratos-blog.larioja.org\/?p=569","title":{"rendered":"D\u00eda Mundial contra el Trabajo Infantil &#8211; 2014"},"content":{"rendered":"<p style=\"text-align: justify;\">El<strong><span style=\"color: #800080;\"> D\u00eda mundial contra el trabajo infantil 2014<\/span><\/strong> centra la atenci\u00f3n p\u00fablica en el papel de la protecci\u00f3n social para mantener a los ni\u00f1os, ni\u00f1as y adolescentes alejados\/as del trabajo infantil o retirarlos\/as del mismo.<\/p>\n<p style=\"text-align: justify;\">En este marco, RET, Protecting Through Educati\u00f3n, conjuntamente con la Embajada de la Rep\u00fablica Federal de Alemania en Panam\u00e1 y el Ministerio de Trabajo y Desarrollo Laboral (MITRADEL) presentar\u00e1n los resultados, buenas p<a href=\"http:\/\/buenostratos-blog.larioja.org\/wp-content\/uploads\/2014\/06\/arton11180.jpg\"><img loading=\"lazy\" decoding=\"async\" class=\"size-full wp-image-570 alignright\" alt=\"arton11180\" src=\"http:\/\/buenostratos-blog.larioja.org\/wp-content\/uploads\/2014\/06\/arton11180.jpg\" width=\"252\" height=\"225\" \/><\/a>r\u00e1cticas y lecciones aprendidas en la ejecuci\u00f3n del <span style=\"color: #800080;\">Proyecto \u201cAfirmando los derechos de los ni\u00f1os, ni\u00f1as y adolescentes<\/span> (NNA) a trav\u00e9s del fortalecimiento de capacidades para <span style=\"color: #800080;\">la prevenci\u00f3n y erradicaci\u00f3n del trabajo infantil<\/span> en la Provincia de Panam\u00e1\u201d, como una contribuci\u00f3n a las metas trazadas por el Estado paname\u00f1o en la \u201cHoja de Ruta para hacer de Panam\u00e1 un pa\u00eds libre de trabajo infantil y sus peores formas\u201d, en estrecha coordinaci\u00f3n con MITRADEL y el Ministerio de Educaci\u00f3n (MEDUCA).<\/p>\n<p style=\"text-align: justify;\"><span style=\"color: #800080;\">El proyecto<\/span>, ejecutado entre 2013 y 2014 con financiamiento de la Rep\u00fablica Federal de Alemania, <span style=\"color: #800080;\">contribuy\u00f3 a la prevenci\u00f3n y erradicaci\u00f3n del tr<\/span><span style=\"color: #800080;\">abajo infantil<\/span> en los corregimientos de Pacora y 24 de Diciembre en Panam\u00e1 Este, fortaleciendo las capacidades para combatir el trabajo infantil de 200 ni\u00f1os, ni\u00f1as y adolescentes trabajadores y en alto riesgo de trabajo infantil, sus padres, madres, tutores y docentes de las escuelas de la zona de intervenci\u00f3n.<\/p>\n<p style=\"text-align: justify;\">Mediante la implementaci\u00f3n de la estrategia de intervenci\u00f3n, se lograron algunos de los siguientes resultados esperados:<\/p>\n<p style=\"text-align: justify;\">1. Acceso, <span style=\"color: #800080;\">permanencia en el sistema educativo<\/span> y culminaci\u00f3n de ciclos de estudio exitosos de 200 NNA trabajadores\/as o en alto riesgo de vinculaci\u00f3n al trabajo infantil, provey\u00e9ndoles orientaci\u00f3n y seguimiento a nivel individual, familiar y escolar, a trav\u00e9s de entrega de kits educativos, sesiones de refuerzo escolar y nivelaci\u00f3n, entre otras acciones.<\/p>\n<p style=\"text-align: justify;\">2. <span style=\"color: #800080;\">Promoci\u00f3n de entornos protectores en escuelas y hogares<\/span> a trav\u00e9s de la implementaci\u00f3n de la metodolog\u00eda de habilidades para la vida dirigidas a m\u00e1s de 100 padres, madres, tutores y docentes de las escuelas de la zona de intervenci\u00f3n, sensibiliz\u00e1ndoles y comprometi\u00e9ndoles sobre la importancia de la educaci\u00f3n para romper el ciclo de la pobreza y disminuir los peligros del trabajo infantil.<\/p>\n<p style=\"text-align: justify;\">3.<span style=\"color: #800080;\"> Capacitaci\u00f3n, financiaci\u00f3n, apoyo t\u00e9cnico y seguimiento<\/span> a 25 madres cabeza de familia en la implementaci\u00f3n de proyectos productivos que les han permitido generar mayores ingresos, mejorando las posibilidades econ\u00f3micas familiares y su calidad de vida, reduciendo la dependencia de la econom\u00eda familiar del trabajo infantil para la supervivencia.<\/p>\n<p style=\"text-align: justify;\">Foto: Archivo AmecoPress.<\/p>\n","protected":false},"excerpt":{"rendered":"<p>El D\u00eda mundial contra el trabajo infantil 2014 centra la atenci\u00f3n p\u00fablica en el papel de la protecci\u00f3n social para mantener a los ni\u00f1os, ni\u00f1as y adolescentes alejados\/as del trabajo infantil o retirarlos\/as del mismo. En este marco, RET, Protecting &hellip; <a href=\"https:\/\/buenostratos-blog.larioja.org\/?p=569\">Sigue leyendo <span class=\"meta-nav\">&rarr;<\/span><\/a><\/p>\n","protected":false},"author":2,"featured_media":0,"comment_status":"open","ping_status":"closed","sticky":false,"template":"","format":"standard","meta":{"footnotes":""},"categories":[13,1,5,12],"tags":[],"_links":{"self":[{"href":"https:\/\/buenostratos-blog.larioja.org\/index.php?rest_route=\/wp\/v2\/posts\/569"}],"collection":[{"href":"https:\/\/buenostratos-blog.larioja.org\/index.php?rest_route=\/wp\/v2\/posts"}],"about":[{"href":"https:\/\/buenostratos-blog.larioja.org\/index.php?rest_route=\/wp\/v2\/types\/post"}],"author":[{"embeddable":true,"href":"https:\/\/buenostratos-blog.larioja.org\/index.php?rest_route=\/wp\/v2\/users\/2"}],"replies":[{"embeddable":true,"href":"https:\/\/buenostratos-blog.larioja.org\/index.php?rest_route=%2Fwp%2Fv2%2Fcomments&post=569"}],"version-history":[{"count":2,"href":"https:\/\/buenostratos-blog.larioja.org\/index.php?rest_route=\/wp\/v2\/posts\/569\/revisions"}],"predecessor-version":[{"id":572,"href":"https:\/\/buenostratos-blog.larioja.org\/index.php?rest_route=\/wp\/v2\/posts\/569\/revisions\/572"}],"wp:attachment":[{"href":"https:\/\/buenostratos-blog.larioja.org\/index.php?rest_route=%2Fwp%2Fv2%2Fmedia&parent=569"}],"wp:term":[{"taxonomy":"category","embeddable":true,"href":"https:\/\/buenostratos-blog.larioja.org\/index.php?rest_route=%2Fwp%2Fv2%2Fcategories&post=569"},{"taxonomy":"post_tag","embeddable":true,"href":"https:\/\/buenostratos-blog.larioja.org\/index.php?rest_route=%2Fwp%2Fv2%2Ftags&post=569"}],"curies":[{"name":"wp","href":"https:\/\/api.w.org\/{rel}","templated":true}]}}