{"id":565,"date":"2014-06-06T09:15:46","date_gmt":"2014-06-06T09:15:46","guid":{"rendered":"http:\/\/buenostratos-blog.larioja.org\/?p=565"},"modified":"2019-12-17T11:38:40","modified_gmt":"2019-12-17T11:38:40","slug":"estudio-sobre-violencia","status":"publish","type":"post","link":"https:\/\/buenostratos-blog.larioja.org\/?p=565","title":{"rendered":"Estudio sobre violencia"},"content":{"rendered":"<p><span style=\"color: #800080;\"><strong>M\u00e1s de un tercio de los espa\u00f1oles tolera la violencia contra las mujeres<\/strong><\/span><\/p>\n<p style=\"text-align: justify;\">En lo que va de a\u00f1o, 26 mujeres han sido asesinadas por sus parejas o exparejas y las especialistas advierten que la cifra de mujeres que sufren maltrato tiene proporciones alarmantes. Los datos que arroja el primer estudio sobre la percepci\u00f3n social de la violencia machista encargado por la Secretar\u00eda de Estado de Servicios Sociales e Igualdad, presentado este martes en Madrid evidencian que<strong><span style=\"color: #800080;\"> el desconocimiento<\/span><\/strong> y <span style=\"color: #800080;\"><strong>la tolerancia<\/strong><\/span> hacia esta lacra es indignante.<\/p>\n<div id=\"attachment_566\" style=\"width: 310px\" class=\"wp-caption alignright\"><a href=\"http:\/\/buenostratos-blog.larioja.org\/wp-content\/uploads\/2014\/06\/presentacion_informe.jpg\"><img loading=\"lazy\" decoding=\"async\" aria-describedby=\"caption-attachment-566\" class=\"size-medium wp-image-566 \" alt=\"presentacion_informe\" src=\"http:\/\/buenostratos-blog.larioja.org\/wp-content\/uploads\/2014\/06\/presentacion_informe-300x200.jpg\" width=\"300\" height=\"200\" srcset=\"https:\/\/buenostratos-blog.larioja.org\/wp-content\/uploads\/2014\/06\/presentacion_informe-300x200.jpg 300w, https:\/\/buenostratos-blog.larioja.org\/wp-content\/uploads\/2014\/06\/presentacion_informe-448x300.jpg 448w, https:\/\/buenostratos-blog.larioja.org\/wp-content\/uploads\/2014\/06\/presentacion_informe.jpg 456w\" sizes=\"(max-width: 300px) 100vw, 300px\" \/><\/a><p id=\"caption-attachment-566\" class=\"wp-caption-text\">De izquierda a derecha, la delegada del Gobierno para la violencia de g\u00e9nero, Blanca Hern\u00e1ndez; la secretaria de Estado de Servicios Sociales e Igualdad, Susana Camarero; y el catedr\u00e1tico coordinador del estudio, Gerardo Meil<\/p><\/div>\n<p style=\"text-align: justify;\">La encuesta, realizada por el Centro de Investigaciones Sociol\u00f3gicas (CIS) a 2.580 personas mayores de 18 a\u00f1os, pretende \u00abanalizar la percepci\u00f3n de la igualdad de g\u00e9nero, la tolerancia a la violencia, el conocimiento de los recursos para combatirla y la pervivencia de estereotipos\u00bb, entre otros aspectos.<\/p>\n<p style=\"text-align: justify;\">El <span style=\"color: #800080;\">92 por ciento<\/span> de las personas espa\u00f1olas <span style=\"color: #800080;\">considera inaceptable<\/span> la violencia de g\u00e9nero en la pareja. Pero cuando se les pregunta qu\u00e9 identifican como violencia de g\u00e9nero, <span style=\"color: #800080;\">el 36<\/span> <span style=\"color: #800080;\">por ciento<\/span> se refieren exclusivamente a la violencia f\u00edsica o sexual y <span style=\"color: #800080;\">se muestran<\/span> <span style=\"color: #800080;\">tolerantes con otros comportamientos de maltrato<\/span> como las amenazas verbales, el control de los horarios o la forma de vestir, los celos desmedidos o la desvalorizaci\u00f3n permanente de la pareja.<\/p>\n<p style=\"text-align: justify;\"><strong><span style=\"color: #800080;\">Ellas \u00abconsienten\u00bb y ellos son unos \u201cenfermos mentales\u201d<\/span> <\/strong><\/p>\n<p style=\"text-align: justify;\">Una de las peores conclusiones que arroja el estudio es que un <span style=\"color: #800080;\">35 por ciento<\/span> de la poblaci\u00f3n<span style=\"color: #800080;\"> piensa<\/span> que <span style=\"color: #800080;\">las mujeres sufren violencia de g\u00e9nero porque lo consienten.<\/span> Y, a\u00f1adiendo estereotipos de consecuencias perversas, <span style=\"color: #800080;\">el 38 por ciento<\/span> de las personas encuestadas <span style=\"color: #800080;\">exculpa a los agresores<\/span> porque considera que padecen una \u201c<span style=\"color: #800080;\">enfermedad mental\u201d<\/span>. Es decir, mientras se carga a ellas con la responsabilidad, la estigmatizaci\u00f3n de los agresores de alguna manera los exime de ella.<\/p>\n<p style=\"text-align: justify;\">El informe, que ya puede verse en la web del Ministerio, aporta datos como que el 89 por ciento de las personas entrevistadas conoce la problem\u00e1tica de la violencia de g\u00e9nero y que <span style=\"color: #800080;\">el 92 por ciento la rechaza de forma rotunda<\/span>. Pero, al mismo tiempo, alrededor del 30 por ciento de la ciudadan\u00eda (un 32 por ciento de los hombres y un 29 por ciento de las mujeres) reconocen que es aceptable alg\u00fan tipo de maltrato en la relaci\u00f3n de pareja, por ejemplo el control sobre algunos comportamientos o h\u00e1bitos, sea la forma de vestir, el c\u00edrculo de amistades o patrones de la rutina. \u201cY aqu\u00ed se demuestra que todav\u00eda hay muchas personas que asocian la violencia de g\u00e9nero con el maltrato f\u00edsico (que repulsa casi el 100 por ciento de la ciudadan\u00eda), pero que no identifican que tambi\u00e9n es violencia el control psicol\u00f3gico o sobre la pareja\u201d, se\u00f1al\u00f3 la secretaria de Estado en la presentaci\u00f3n del informe.<\/p>\n<p style=\"text-align: justify;\">Susana Camarero, que estuvo acompa\u00f1ada por la delegada del Gobierno para la Violencia de G\u00e9nero, Blanca Hern\u00e1ndez, y por el catedr\u00e1tico de Sociolog\u00eda que ha coordinado el informe, Gerardo Meil, record\u00f3 que casi un <span style=\"color: #800080;\">30 por ciento de las adolescentes reconoce que ha padecido alg\u00fan tipo de control de su libertad<\/span> por parte de sus parejas, en tanto que <span style=\"color: #800080;\">un tercio<\/span> de la poblaci\u00f3n m\u00e1s joven <span style=\"color: #800080;\">no cree<\/span> <span style=\"color: #800080;\">que<\/span> responder a un <span style=\"color: #800080;\">mensaje insultante<\/span> se pueda interpretar como una <span style=\"color: #800080;\">conducta de riesgo<\/span> para su integridad.<\/p>\n<p style=\"text-align: justify;\">Es precisamente la <span style=\"color: #800080;\">baja percepci\u00f3n del riesgo que puedan entra\u00f1ar las redes sociales<\/span> y las nuevas tecnolog\u00edas lo que ha llevado al Departamento de Ana Mato a <span style=\"color: #800080;\">dise\u00f1ar<\/span> una <span style=\"color: #800080;\">nueva campa\u00f1a,<\/span> dentro de la plataforma \u201cHay Salida\u201d, <span style=\"color: #800080;\">que alcance a la pob<\/span><span style=\"color: #800080;\">laci\u00f3n m\u00e1s joven<\/span> y les acerque a <span style=\"color: #800080;\">la igualdad, al respeto y a la prevenci\u00f3n de la violencia<\/span> de g\u00e9nero. Un 30,8 por ciento de las 26 v\u00edctimas mortales de 2014 ten\u00edan entre 21 y 40 a\u00f1os.<\/p>\n<p style=\"text-align: justify;\">El Ministerio de Sanidad, Servicios Sociales e Igualdad recuerda, en este sentido, que una de las medidas adoptadas por los titulares de este Departamento, de Justicia y de Interior consisti\u00f3 en ampliar el arco competencial de los juzgados de violencia sobre la mujer para que en su seno se tramiten tambi\u00e9n procesos por hostigamiento o intimidaci\u00f3n a la mujer, o da\u00f1o a su propia imagen o intimidad.<\/p>\n<p style=\"text-align: justify;\"><strong><span style=\"color: #800080;\">Romper el silencio<\/span> <\/strong><\/p>\n<p style=\"text-align: justify;\">Por consiguiente, remarc\u00f3 Camarero, hay que seguir avanzando en la ruptura del silencio, pues, como indican las estad\u00edsticas de v\u00edctimas mortales a\u00f1o tras a\u00f1os alrededor de un<span style=\"color: #800080;\"> 80 por ciento de las mujeres asesinadas no<\/span> hab\u00edan presentado <span style=\"color: #800080;\">denuncia<\/span> previa. El \u00edndice de <span style=\"color: #800080;\">denuncias<\/span>, adem\u00e1s, arrastra un <span style=\"color: #800080;\">descenso paulatino desde 2008,<\/span> lo que preocupa al Ministerio de Sanidad, Pol\u00edtica Social e Igualdad y le ha llevado, junto con el Ministerio de Justicia, a establecer el acceso a asesor\u00eda jur\u00eddica gratuita a las v\u00edctimas de violencia de g\u00e9nero con independencia de su nivel de recursos e incluso antes de interponer la propia denuncia.<\/p>\n<p style=\"text-align: justify;\">Entre<span style=\"color: #800080;\"> los motivos<\/span> por los que las v\u00edctimas no denuncian, seg\u00fan las personas consultadas en la encuesta, destacan el <span style=\"color: #800080;\">miedo (80 por ciento<\/span>), la existencia de <span style=\"color: #800080;\">hijos e <\/span><span style=\"color: #800080;\">hijas (33 por ciento)<\/span> y por \u00ab<span style=\"color: #800080;\">verg\u00fcenza<\/span>, por ocultar la agresi\u00f3n al entorno cercano\u00bb (<span style=\"color: #800080;\">28 <\/span><span style=\"color: #800080;\">por ciento).<\/span><\/p>\n<p style=\"text-align: justify;\">Adem\u00e1s, el<span style=\"color: #800080;\"> 51 por ciento<\/span> de las personas encuestadas, que <span style=\"color: #800080;\">afirma<\/span> que <span style=\"color: #800080;\">los recursos son suficientes<\/span> aunque existe descoordinaci\u00f3n entre las administraciones p\u00fablicas. <span style=\"color: #800080;\">Un 92 por ciento<\/span> <span style=\"color: #800080;\">considera<\/span> que los servicios p\u00fablicos deber\u00edan coordinarse mejor.<\/p>\n<p style=\"text-align: justify;\">AmecoPress.<\/p>\n","protected":false},"excerpt":{"rendered":"<p>M\u00e1s de un tercio de los espa\u00f1oles tolera la violencia contra las mujeres En lo que va de a\u00f1o, 26 mujeres han sido asesinadas por sus parejas o exparejas y las especialistas advierten que la cifra de mujeres que sufren &hellip; <a href=\"https:\/\/buenostratos-blog.larioja.org\/?p=565\">Sigue leyendo <span class=\"meta-nav\">&rarr;<\/span><\/a><\/p>\n","protected":false},"author":2,"featured_media":0,"comment_status":"open","ping_status":"closed","sticky":false,"template":"","format":"standard","meta":{"footnotes":""},"categories":[13,1],"tags":[],"_links":{"self":[{"href":"https:\/\/buenostratos-blog.larioja.org\/index.php?rest_route=\/wp\/v2\/posts\/565"}],"collection":[{"href":"https:\/\/buenostratos-blog.larioja.org\/index.php?rest_route=\/wp\/v2\/posts"}],"about":[{"href":"https:\/\/buenostratos-blog.larioja.org\/index.php?rest_route=\/wp\/v2\/types\/post"}],"author":[{"embeddable":true,"href":"https:\/\/buenostratos-blog.larioja.org\/index.php?rest_route=\/wp\/v2\/users\/2"}],"replies":[{"embeddable":true,"href":"https:\/\/buenostratos-blog.larioja.org\/index.php?rest_route=%2Fwp%2Fv2%2Fcomments&post=565"}],"version-history":[{"count":2,"href":"https:\/\/buenostratos-blog.larioja.org\/index.php?rest_route=\/wp\/v2\/posts\/565\/revisions"}],"predecessor-version":[{"id":568,"href":"https:\/\/buenostratos-blog.larioja.org\/index.php?rest_route=\/wp\/v2\/posts\/565\/revisions\/568"}],"wp:attachment":[{"href":"https:\/\/buenostratos-blog.larioja.org\/index.php?rest_route=%2Fwp%2Fv2%2Fmedia&parent=565"}],"wp:term":[{"taxonomy":"category","embeddable":true,"href":"https:\/\/buenostratos-blog.larioja.org\/index.php?rest_route=%2Fwp%2Fv2%2Fcategories&post=565"},{"taxonomy":"post_tag","embeddable":true,"href":"https:\/\/buenostratos-blog.larioja.org\/index.php?rest_route=%2Fwp%2Fv2%2Ftags&post=565"}],"curies":[{"name":"wp","href":"https:\/\/api.w.org\/{rel}","templated":true}]}}