{"id":556,"date":"2014-05-21T08:23:48","date_gmt":"2014-05-21T08:23:48","guid":{"rendered":"http:\/\/buenostratos-blog.larioja.org\/?p=556"},"modified":"2019-12-17T11:38:40","modified_gmt":"2019-12-17T11:38:40","slug":"las-nuevas-tecnologias-y-la-discapacidad","status":"publish","type":"post","link":"https:\/\/buenostratos-blog.larioja.org\/?p=556","title":{"rendered":"Las nuevas tecnolog\u00edas y la discapacidad"},"content":{"rendered":"<p style=\"text-align: justify;\">La Confederaci\u00f3n Espa\u00f1ola de Personas con Discapacidad F\u00edsica y Org\u00e1nica (COCEMFE) est\u00e1 convencida de que las nuevas tecnolog\u00edas representan un campo con m\u00faltiples posibilidades para las personas con discapacidad. A<a href=\"http:\/\/buenostratos-blog.larioja.org\/wp-content\/uploads\/2014\/05\/arton11085.jpg\"><img loading=\"lazy\" decoding=\"async\" class=\"size-full wp-image-557 alignright\" alt=\"arton11085\" src=\"http:\/\/buenostratos-blog.larioja.org\/wp-content\/uploads\/2014\/05\/arton11085.jpg\" width=\"206\" height=\"130\" \/><\/a>s\u00ed lo ha puesto de manifiesto con motivo del <span style=\"color: #800080;\"><strong>D\u00eda Mundial de las Telecomunicacion<\/strong><\/span><span style=\"color: #800080;\"><strong>es<\/strong><\/span> y de la Sociedad de la Informaci\u00f3n que se ha conmemorado el pasado s\u00e1bado.<\/p>\n<p style=\"text-align: justify;\">\u00abLas nuevas tecnolog\u00edas representan un campo con m\u00faltiples posibilidades en la generaci\u00f3n de nuevas soluciones de movilidad, comunicaci\u00f3n y facilidad de uso de los productos y servicios, lo que posibilita una mayor autonom\u00eda para todas las personas, siendo adem\u00e1s un \u00e1mbito que crece y se expande de forma exponencial\u00bb, se\u00f1al\u00f3 el presidente de COCEMFE, Mario Garc\u00eda.<\/p>\n<p style=\"text-align: justify;\">Fruto de este compromiso, dicha Confederaci\u00f3n colabora con diferentes operadores y fabricantes de tecnolog\u00eda en el \u00e1mbito de la Investigaci\u00f3n, el Desarrollo y la innovaci\u00f3n y promueve la utilizaci\u00f3n de las nuevas tecnolog\u00edas entre las personas con discapacidad con la puesta en marcha de diferentes proyectos, como el desarrollado en colaboraci\u00f3n con Fundaci\u00f3n Vodafone, de \u00ab<strong><span style=\"color: #800080;\">Telece<\/span><\/strong><strong><span style=\"color: #800080;\">ntros para la b\u00fasqueda de oportunidades de empleo\u00bb<\/span><\/strong> para mujeres con discapacidad y que result\u00f3 ganador del Premio cermi.es a la Mejor acci\u00f3n en beneficio de las mujeres con discapacidad.<\/p>\n<p style=\"text-align: justify;\">Con este proyecto <span style=\"color: #800080;\">235 personas se formaron durante 2013 en nuevas Tecnolog\u00edas<\/span> de la informaci\u00f3n y la comunicaci\u00f3n, usando para ello tablets y smartphones de \u00faltima generaci\u00f3n que les permitieron un acercamiento a la nueva sociedad del conocimiento de una manera m\u00e1s sencilla que a trav\u00e9s de los antiguos instrumentos empleados para la alfabetizaci\u00f3n tecnol\u00f3gica.<\/p>\n<p style=\"text-align: justify;\">Asimismo, el Observatorio de la Accesibilidad de COCEMFE continu\u00f3 en 2013 consolid\u00e1ndose como portal web de referencia en el sector y trabajando para poner de manifiesto las necesidades de accesibilidad actuales y promover el uso de los productos de apoyo. Durante 2013 COCEMFE resolvi\u00f3, a trav\u00e9s de su Unidad de Accesibilidad, un total de 70 consultas relativas a esta tem\u00e1tica.<\/p>\n<p style=\"text-align: justify;\">Durante el evento tambi\u00e9n se analiz\u00f3 el trabajo realizado en otras \u00e1reas durante 2013, as\u00ed como la evoluci\u00f3n de las \u00faltimas pol\u00edticas relacionadas con el sector de las personas con discapacidad f\u00edsica y org\u00e1nica y c\u00f3mo est\u00e1 afectando la crisis econ\u00f3mica a este colectivo.<\/p>\n<p style=\"text-align: justify;\">Ameco<\/p>\n","protected":false},"excerpt":{"rendered":"<p>La Confederaci\u00f3n Espa\u00f1ola de Personas con Discapacidad F\u00edsica y Org\u00e1nica (COCEMFE) est\u00e1 convencida de que las nuevas tecnolog\u00edas representan un campo con m\u00faltiples posibilidades para las personas con discapacidad. As\u00ed lo ha puesto de manifiesto con motivo del D\u00eda Mundial &hellip; <a href=\"https:\/\/buenostratos-blog.larioja.org\/?p=556\">Sigue leyendo <span class=\"meta-nav\">&rarr;<\/span><\/a><\/p>\n","protected":false},"author":2,"featured_media":0,"comment_status":"open","ping_status":"closed","sticky":false,"template":"","format":"standard","meta":{"footnotes":""},"categories":[13,5,12],"tags":[],"_links":{"self":[{"href":"https:\/\/buenostratos-blog.larioja.org\/index.php?rest_route=\/wp\/v2\/posts\/556"}],"collection":[{"href":"https:\/\/buenostratos-blog.larioja.org\/index.php?rest_route=\/wp\/v2\/posts"}],"about":[{"href":"https:\/\/buenostratos-blog.larioja.org\/index.php?rest_route=\/wp\/v2\/types\/post"}],"author":[{"embeddable":true,"href":"https:\/\/buenostratos-blog.larioja.org\/index.php?rest_route=\/wp\/v2\/users\/2"}],"replies":[{"embeddable":true,"href":"https:\/\/buenostratos-blog.larioja.org\/index.php?rest_route=%2Fwp%2Fv2%2Fcomments&post=556"}],"version-history":[{"count":2,"href":"https:\/\/buenostratos-blog.larioja.org\/index.php?rest_route=\/wp\/v2\/posts\/556\/revisions"}],"predecessor-version":[{"id":559,"href":"https:\/\/buenostratos-blog.larioja.org\/index.php?rest_route=\/wp\/v2\/posts\/556\/revisions\/559"}],"wp:attachment":[{"href":"https:\/\/buenostratos-blog.larioja.org\/index.php?rest_route=%2Fwp%2Fv2%2Fmedia&parent=556"}],"wp:term":[{"taxonomy":"category","embeddable":true,"href":"https:\/\/buenostratos-blog.larioja.org\/index.php?rest_route=%2Fwp%2Fv2%2Fcategories&post=556"},{"taxonomy":"post_tag","embeddable":true,"href":"https:\/\/buenostratos-blog.larioja.org\/index.php?rest_route=%2Fwp%2Fv2%2Ftags&post=556"}],"curies":[{"name":"wp","href":"https:\/\/api.w.org\/{rel}","templated":true}]}}