{"id":547,"date":"2014-05-13T10:33:14","date_gmt":"2014-05-13T10:33:14","guid":{"rendered":"http:\/\/buenostratos-blog.larioja.org\/?p=547"},"modified":"2019-12-17T11:38:41","modified_gmt":"2019-12-17T11:38:41","slug":"conferencia-de-rocio-ramos-paul","status":"publish","type":"post","link":"https:\/\/buenostratos-blog.larioja.org\/?p=547","title":{"rendered":"D\u00eda Internacional de la Familia"},"content":{"rendered":"<p style=\"text-align: justify;\">Con motivo de la celebraci\u00f3n del <span style=\"color: #800080;\"><strong>D\u00eda Internacional de la Familia<\/strong><\/span>, la Consejer\u00eda de Salud y Servicios Sociales organiz\u00f3 una<span style=\"color: #800080;\"> conferencia<\/span> de la conocida psic\u00f3loga Roc\u00edo Ramos-Pa\u00fal que tuvo lugar el<span style=\"color: #800080;\"> jueves, d\u00eda 15 de Mayo a las 18.30<\/span> horas en la Biblioteca P\u00fablica de La Rioja.<\/p>\n<p style=\"text-align: justify;\">Con el t\u00edtulo <span style=\"color: #800080;\"><strong>\u2018No me hace caso\u2019,<\/strong><\/span> la psic\u00f3loga infantil, muy popular por su trabajo en televisi\u00f3n, abord\u00f3 un tema tan importante como es el<a href=\"http:\/\/buenostratos-blog.larioja.org\/wp-content\/uploads\/2014\/05\/dia-de-las-familias.jpg\"><img loading=\"lazy\" decoding=\"async\" class=\"size-medium wp-image-549 alignright\" alt=\"dia de las familias\" src=\"http:\/\/buenostratos-blog.larioja.org\/wp-content\/uploads\/2014\/05\/dia-de-las-familias-210x300.jpg\" width=\"210\" height=\"300\" srcset=\"https:\/\/buenostratos-blog.larioja.org\/wp-content\/uploads\/2014\/05\/dia-de-las-familias-210x300.jpg 210w, https:\/\/buenostratos-blog.larioja.org\/wp-content\/uploads\/2014\/05\/dia-de-las-familias-719x1024.jpg 719w, https:\/\/buenostratos-blog.larioja.org\/wp-content\/uploads\/2014\/05\/dia-de-las-familias.jpg 968w\" sizes=\"(max-width: 210px) 100vw, 210px\" \/><\/a> aprendizaje durante la infancia e incidi\u00f3 en los siguientes aspectos: por qu\u00e9 los ni\u00f1os son desobedientes, l\u00edmites y normas; rabietas; condiciones para establecer con \u00e9xito un l\u00edmite; situaciones que puede traer al hogar que uno de los hijos sea muy desobediente; principales errores que cometen los padres; cu\u00e1l debe ser la actitud de los padres frente a un hijo desobediente; y consejos clave para mantener la paz en el hogar. Roc\u00edo Ramos-Pa\u00fal es licenciada en Psicolog\u00eda, M\u00e1ster en Psicolog\u00eda Cl\u00ednica y educadora de menores. Desde 2006 conduce un programa de televisi\u00f3n con el objetivo de mostrar directrices educativas. Es autora, entre otros libros, de \u2018<span style=\"color: #800080;\">Aprendiendo a ense\u00f1ar<\/span>\u2019 (Paraninfo), \u2018<span style=\"color: #800080;\">Mi hijo no come<\/span>\u2019 (Aguilar) y \u2018<span style=\"color: #800080;\">Ni\u00f1os desobedientes, padres desesperados\u2019<\/span> (Aguilar).<\/p>\n<p style=\"text-align: justify;\">En este enlace se pueden ver algunas recomendaciones de la autora:<\/p>\n<p style=\"text-align: justify;\"><a href=\"http:\/\/buenostratos-blog.larioja.org\/wp-content\/uploads\/2014\/05\/No-me-hace-caso.doc\">No me hace caso\u00a0 <\/a><\/p>\n","protected":false},"excerpt":{"rendered":"<p>Con motivo de la celebraci\u00f3n del D\u00eda Internacional de la Familia, la Consejer\u00eda de Salud y Servicios Sociales organiz\u00f3 una conferencia de la conocida psic\u00f3loga Roc\u00edo Ramos-Pa\u00fal que tuvo lugar el jueves, d\u00eda 15 de Mayo a las 18.30 horas &hellip; <a href=\"https:\/\/buenostratos-blog.larioja.org\/?p=547\">Sigue leyendo <span class=\"meta-nav\">&rarr;<\/span><\/a><\/p>\n","protected":false},"author":2,"featured_media":0,"comment_status":"open","ping_status":"closed","sticky":false,"template":"","format":"link","meta":{"footnotes":""},"categories":[13,3,4],"tags":[],"_links":{"self":[{"href":"https:\/\/buenostratos-blog.larioja.org\/index.php?rest_route=\/wp\/v2\/posts\/547"}],"collection":[{"href":"https:\/\/buenostratos-blog.larioja.org\/index.php?rest_route=\/wp\/v2\/posts"}],"about":[{"href":"https:\/\/buenostratos-blog.larioja.org\/index.php?rest_route=\/wp\/v2\/types\/post"}],"author":[{"embeddable":true,"href":"https:\/\/buenostratos-blog.larioja.org\/index.php?rest_route=\/wp\/v2\/users\/2"}],"replies":[{"embeddable":true,"href":"https:\/\/buenostratos-blog.larioja.org\/index.php?rest_route=%2Fwp%2Fv2%2Fcomments&post=547"}],"version-history":[{"count":7,"href":"https:\/\/buenostratos-blog.larioja.org\/index.php?rest_route=\/wp\/v2\/posts\/547\/revisions"}],"predecessor-version":[{"id":593,"href":"https:\/\/buenostratos-blog.larioja.org\/index.php?rest_route=\/wp\/v2\/posts\/547\/revisions\/593"}],"wp:attachment":[{"href":"https:\/\/buenostratos-blog.larioja.org\/index.php?rest_route=%2Fwp%2Fv2%2Fmedia&parent=547"}],"wp:term":[{"taxonomy":"category","embeddable":true,"href":"https:\/\/buenostratos-blog.larioja.org\/index.php?rest_route=%2Fwp%2Fv2%2Fcategories&post=547"},{"taxonomy":"post_tag","embeddable":true,"href":"https:\/\/buenostratos-blog.larioja.org\/index.php?rest_route=%2Fwp%2Fv2%2Ftags&post=547"}],"curies":[{"name":"wp","href":"https:\/\/api.w.org\/{rel}","templated":true}]}}