{"id":540,"date":"2014-04-30T10:06:05","date_gmt":"2014-04-30T10:06:05","guid":{"rendered":"http:\/\/buenostratos-blog.larioja.org\/?p=540"},"modified":"2019-12-17T11:38:41","modified_gmt":"2019-12-17T11:38:41","slug":"violencia-en-la-adolescencia","status":"publish","type":"post","link":"https:\/\/buenostratos-blog.larioja.org\/?p=540","title":{"rendered":"Violencia en la adolescencia"},"content":{"rendered":"<p style=\"text-align: justify;\">Un estudio, desarrollado por la Universidad Pablo de Olavide de Sevilla, desvela que <span style=\"color: #800080;\"><strong>11,6% de las adolescentes<\/strong><\/span> se han sentido <span style=\"color: #800080;\"><strong>v\u00edctimas de alg\u00fan tipo de violencia<\/strong> <\/span>(psicol\u00f3gica, emocional, f\u00edsica, etc\u00e9tera) por parte de sus parejas; mientras que <span style=\"color: #800080;\"><strong>un 6,3% reconocen que han sido agresores<\/strong><\/span> en sus relaciones. \u00abSon datos similares a los registrados en estudios anteriores desarrollados en Salamanca y, a nivel nacional, por el Observatorio de la Violencia de G\u00e9nero\u00bb, explica Manuel Cenizo, t\u00e9cnico de Educaci\u00f3n para la Salud del \u00e1rea de gesti\u00f3n sanitaria Sur de Sevilla.<br \/>\n<a href=\"http:\/\/buenostratos-blog.larioja.org\/wp-content\/uploads\/2014\/04\/arton11001.jpg\"><img loading=\"lazy\" decoding=\"async\" class=\"size-full wp-image-541 alignright\" alt=\"arton11001\" src=\"http:\/\/buenostratos-blog.larioja.org\/wp-content\/uploads\/2014\/04\/arton11001.jpg\" width=\"151\" height=\"150\" srcset=\"https:\/\/buenostratos-blog.larioja.org\/wp-content\/uploads\/2014\/04\/arton11001.jpg 151w, https:\/\/buenostratos-blog.larioja.org\/wp-content\/uploads\/2014\/04\/arton11001-150x150.jpg 150w\" sizes=\"(max-width: 151px) 100vw, 151px\" \/><\/a><br \/>\nLos resultados de esta investigaci\u00f3n revelan adem\u00e1s que los chicos punt\u00faan m\u00e1s alto que las chicas en todas las dimensiones violentas en sus relaciones, tanto como agresores como en el rol de v\u00edctimas. De modo que entre<span style=\"color: #800080;\"><strong> los chicos<\/strong><\/span> destaca la <span style=\"color: #800080;\"><strong>violencia<\/strong> <\/span>sexual y la <span style=\"color: #800080;\"><strong>f\u00edsica<\/strong> <\/span>cuando son v\u00edctimas; y la sexual y amenazas cuando son violentos contra su pareja. Entre<span style=\"color: #800080;\"><strong> las chicas<\/strong> <\/span>la <span style=\"color: #800080;\"><strong>violencia verbal-emocional<\/strong><\/span> y la <span style=\"color: #800080;\"><strong>relacional<\/strong> <\/span>son los tipos m\u00e1s usados, tanto al agredir injustificadamente como al ser victimizadas.<\/p>\n<p style=\"text-align: justify;\">Este estudio de campo se desarroll\u00f3 entre los meses de febrero y abril del a\u00f1o 2013 en once municipios sevillanos y cont\u00f3 con la participaci\u00f3n de <span style=\"color: #800080;\">1.580 alumnos y alumnas<\/span> de segundo de ESO y Bachillerato escolarizados en 41 centros de ense\u00f1anza de la provincia. Se trata de una investigaci\u00f3n enmarcada en el plan de prevenci\u00f3n y promoci\u00f3n de la salud e intervenci\u00f3n sociosanitaria del \u00e1rea Sur de la provincia de Sevilla en el que colaboran ayuntamientos, centros de salud y de ense\u00f1anza.<\/p>\n<p style=\"text-align: justify;\">Para obtener los resultados los investigadores han realizado varios cuestionarios validados destinados a conocer los niveles de violencia y victimizaci\u00f3n en las parejas adolescentes; as\u00ed como a obtener una serie de indicadores relacionados con esta lacra (mitos sobre la violencia, depresi\u00f3n, ideaci\u00f3n suicida e ideaci\u00f3n de venganza). Se trata de una iniciativa promovida por la Unidad de Gesti\u00f3n Cl\u00ednica de Salud P\u00fablica, Prevenci\u00f3n y Promoci\u00f3n de la Salud y por el \u00e1rea de Psicolog\u00eda Social de la <span style=\"color: #800080;\">Universidad Pablo de Olavide.<\/span><\/p>\n<p style=\"text-align: justify;\">El objetivo de estos estudios es obtener conocimiento sobre la violencia de g\u00e9nero entre la juventud para la creaci\u00f3n de planes de actuaci\u00f3n con car\u00e1cter preventivo en los centros docentes. \u00abMediante estos resultados <span style=\"color: #800080;\">desarrollamos un plan de intervenci\u00f3n<\/span> en colaboraci\u00f3n con los 41 institutos que han participado en el estudio en el que principalmente trabajamos con los y las j\u00f3venes para fomentar la igualdad\u00bb, a\u00f1ade Cenizo.<\/p>\n<p style=\"text-align: justify;\">En este contexto, la Unidad de Gesti\u00f3n Cl\u00ednica de Salud P\u00fablica desarrolla una serie de talleres con los y las adolescentes para abordar temas como el amor rom\u00e1ntico o el control emocional. El personal t\u00e9cnico de prevenci\u00f3n y promoci\u00f3n de la salud tambi\u00e9n forma a los y las docentes no s\u00f3lo para detectar posibles casos de violencia de g\u00e9nero en los institutos, sino tambi\u00e9n para que manejen herramientas para trabajar con el alumnado.<\/p>\n<p style=\"text-align: justify;\">En cuanto a la evoluci\u00f3n de las situaciones violentas, Manuel Cenizo explica que, si bien no existen estudios anteriores que permitan realizar an\u00e1lisis comparativos,<span style=\"color: #800080;\"> la incidencia<\/span> de este problema no ha variado en los \u00faltimos a\u00f1os, si bien <span style=\"color: #800080;\">ahora se visualiza m\u00e1s<\/span>. En la lucha contra la violencia de g\u00e9nero, el \u00e1rea de gesti\u00f3n sanitaria Sur de Sevilla desarrolla su nuevo plan de intervenci\u00f3n (2014-2018) aprobado hace apenas 15 d\u00edas para continuar formando a profesionales y desarrollando actividades para promover las relaciones basadas en la igualdad.<\/p>\n<p style=\"text-align: justify;\">AmecoPress 28 abr. 14.<\/p>\n","protected":false},"excerpt":{"rendered":"<p>Un estudio, desarrollado por la Universidad Pablo de Olavide de Sevilla, desvela que 11,6% de las adolescentes se han sentido v\u00edctimas de alg\u00fan tipo de violencia (psicol\u00f3gica, emocional, f\u00edsica, etc\u00e9tera) por parte de sus parejas; mientras que un 6,3% reconocen &hellip; <a href=\"https:\/\/buenostratos-blog.larioja.org\/?p=540\">Sigue leyendo <span class=\"meta-nav\">&rarr;<\/span><\/a><\/p>\n","protected":false},"author":2,"featured_media":0,"comment_status":"open","ping_status":"closed","sticky":false,"template":"","format":"standard","meta":{"footnotes":""},"categories":[13,1,3],"tags":[],"_links":{"self":[{"href":"https:\/\/buenostratos-blog.larioja.org\/index.php?rest_route=\/wp\/v2\/posts\/540"}],"collection":[{"href":"https:\/\/buenostratos-blog.larioja.org\/index.php?rest_route=\/wp\/v2\/posts"}],"about":[{"href":"https:\/\/buenostratos-blog.larioja.org\/index.php?rest_route=\/wp\/v2\/types\/post"}],"author":[{"embeddable":true,"href":"https:\/\/buenostratos-blog.larioja.org\/index.php?rest_route=\/wp\/v2\/users\/2"}],"replies":[{"embeddable":true,"href":"https:\/\/buenostratos-blog.larioja.org\/index.php?rest_route=%2Fwp%2Fv2%2Fcomments&post=540"}],"version-history":[{"count":3,"href":"https:\/\/buenostratos-blog.larioja.org\/index.php?rest_route=\/wp\/v2\/posts\/540\/revisions"}],"predecessor-version":[{"id":544,"href":"https:\/\/buenostratos-blog.larioja.org\/index.php?rest_route=\/wp\/v2\/posts\/540\/revisions\/544"}],"wp:attachment":[{"href":"https:\/\/buenostratos-blog.larioja.org\/index.php?rest_route=%2Fwp%2Fv2%2Fmedia&parent=540"}],"wp:term":[{"taxonomy":"category","embeddable":true,"href":"https:\/\/buenostratos-blog.larioja.org\/index.php?rest_route=%2Fwp%2Fv2%2Fcategories&post=540"},{"taxonomy":"post_tag","embeddable":true,"href":"https:\/\/buenostratos-blog.larioja.org\/index.php?rest_route=%2Fwp%2Fv2%2Ftags&post=540"}],"curies":[{"name":"wp","href":"https:\/\/api.w.org\/{rel}","templated":true}]}}