{"id":521,"date":"2014-04-08T11:18:32","date_gmt":"2014-04-08T11:18:32","guid":{"rendered":"http:\/\/buenostratos-blog.larioja.org\/?p=521"},"modified":"2019-12-17T11:38:41","modified_gmt":"2019-12-17T11:38:41","slug":"encuentro-interministerial","status":"publish","type":"post","link":"https:\/\/buenostratos-blog.larioja.org\/?p=521","title":{"rendered":"Encuentro interministerial"},"content":{"rendered":"<p style=\"text-align: justify;\"><strong><span style=\"color: #993366;\">\u00a0Mejorar la protecci\u00f3n<\/span> <\/strong>de las v\u00edctimas, asegurar la <span style=\"color: #993366;\">formaci\u00f3n de<\/span> todos los<span style=\"color: #993366;\"> agentes implicados<\/span>, aumentar las <span style=\"color: #993366;\">competencias de los juzgados<\/span> de violencia sobre la mujer y mejorar la coordinaci\u00f3n. \u00c9stas son algunas de las medidas que han acordado hoy los ministros de Justicia, Alberto Ruiz-Gallard\u00f3n, de Interior, Jorge Fern\u00e1ndez D\u00edaz y de Sanidad, Servicios Sociales e Igualdad, Ana Mato, en la reuni\u00f3n que han mantenido en este \u00faltimo Ministerio, con el <span style=\"color: #993366;\">objetivo<\/span> de mejorar la respuesta institucional y<span style=\"color: #993366;\"> evitar<\/span> nuevos casos de <span style=\"color: #993366;\">violencia de g\u00e9nero.<\/span><\/p>\n<p style=\"text-align: justify;\">Los ministros han mostrado su m\u00e1s <span style=\"color: #993366;\">en\u00e9rgica condena<\/span> ante los \u00faltimos casos de mujeres asesinadas por sus parejas o ex parejas, ocurridos el pasado fin de semana en Tarragona y Jerez de la Frontera, que elevan a<span style=\"color: #993366;\"> 21 las v\u00edctimas mortales<\/span> de la violencia de g\u00e9nero en lo que va de a\u00f1o. Tambi\u00e9n se ha confirmado el caso ocurrido en Fuenlabrada a finales del pasado mes de de febrero, que se encontraba en investigaci\u00f3n debido a las circunstancias del suceso. Los tres ministros han coincidido en la necesidad de intensificar la lucha contra esta lacra, desde el di\u00e1logo y el consenso con todos los agentes implicados, y con el apoyo de toda la sociedad.<\/p>\n<p style=\"text-align: justify;\">Entre las medidas que se han acordado en el encuentro, destaca <span style=\"color: #993366;\">la revisi\u00f3n del protocolo<\/span> de valoraci\u00f3n del riesgo por parte de las v\u00edctimas de violencia de g\u00e9nero. Se establecer\u00e1 un grupo de trabajo para mejorar la situaci\u00f3n actual, que, en todo caso, incluir\u00e1 <span style=\"color: #993366;\">planes<\/span> <span style=\"color: #993366;\">personalizados<\/span> para la protecci\u00f3n de las v\u00edctimas. En este grupo se integrar\u00e1n miembros de las Fuerzas y Cuerpos de Seguridad del Estado, Consejo General del Poder Judicial, Instituciones Penitenciarias, Delegaci\u00f3n del Gobierno para la Violencia de G\u00e9nero y Ministerio de Justicia.<\/p>\n<p style=\"text-align: justify;\">El objetivo es tener constancia permanente de la situaci\u00f3n en la que se encuentran las v\u00edctimas de mayor vulnerabilidad, y analizar las medidas y recursos que se encuentran a su disposici\u00f3n. Para ello, se <span style=\"color: #993366;\">actualizar\u00e1 el protocolo<\/span> para la valoraci\u00f3n policial del riesgo de violencia contra la Mujer, incluyendo <span style=\"color: #993366;\">un nuevo cuestionario,<\/span> con datos como la situaci\u00f3n laboral de la v\u00edctima y su agresor, factores de vulnerabilidad, como la discapacidad o el hecho de ser menor de edad o tener menores a su cargo, que, en todo caso, tendr\u00e1n el mismo tratamiento que las mujeres, as\u00ed como factores de peligrosidad del maltratador.<\/p>\n<p style=\"text-align: justify;\">En la actualidad, alrededor de 46.000 casos de entre los valorados, no revisten riesgo a tenor de los protocolos establecidos. Por tal raz\u00f3n, y con el objetivo de mejorar el grado de cobertura que reciben estas mujeres, se revisar\u00e1n peri\u00f3dicamente los casos de \u201criesgo no apreciado\u201d. El sistema, que en la actualidad env\u00eda una alerta cada cuatro meses a las unidades, podr\u00eda reducir este tiempo a tres meses para mejorar la vigilancia.<\/p>\n<p style=\"text-align: justify;\">En cuanto a las v\u00edctimas, el objetivo es que est\u00e9n informadas en todo momento de la <span style=\"color: #993366;\">situaci\u00f3n penitenciaria de su agresor<\/span> detenido. Por ello, se introducir\u00e1 un nuevo apartado en el anteproyecto de Ley Org\u00e1nica del Estatuto de la V\u00edctima del delito. De este modo, se les notificar\u00e1n las resoluciones que se refieran a la ejecuci\u00f3n de la pena.<\/p>\n<p style=\"text-align: justify;\">En este sentido, est\u00e1 prevista la<span style=\"color: #993366;\"> interconexi\u00f3n entre los sistemas policiales<\/span> de valoraci\u00f3n del riesgo y la informaci\u00f3n de la Secretar\u00eda General de Instituciones Penitenciarias. El objetivo es informar a la v\u00edctima cuando se produzca un cambio en la situaci\u00f3n penitenciaria del agresor, procedi\u00e9ndose a la correspondiente reevaluaci\u00f3n del riesgo.<\/p>\n<p style=\"text-align: justify;\">En todo caso, la v\u00edctima de violencia de g\u00e9nero estar\u00e1 informada, de oficio, de las resoluciones de los juzgados de vigilancia penitenciaria relacionadas con la ejecuci\u00f3n de la condena de su agresor.<\/p>\n<p style=\"text-align: justify;\"><strong>MEJORA DE LOS PROTOCOLOS Y M\u00c1S COORDINACI\u00d3N<\/strong><\/p>\n<p style=\"text-align: justify;\">Tambi\u00e9n con el objetivo de perfeccionar la valoraci\u00f3n urgente de los casos, los ministros han acordado mejorar los protocolos m\u00e9dico-forenses de valoraci\u00f3n. De este modo, se impulsar\u00e1 la difusi\u00f3n entre las Comunidades Aut\u00f3nomas y los operadores jur\u00eddicos del \u201cProtocolo M\u00e9dico-Forense de valoraci\u00f3n urgente del riesgo de violencia de g\u00e9nero\u201d. Adem\u00e1s, se elaborar\u00e1 e implantar\u00e1 un protocolo de valoraci\u00f3n psicol\u00f3gica del riesgo de violencia de g\u00e9nero en las unidades de valoraci\u00f3n forense integral, dependientes de los institutos de Medicina Legal.<\/p>\n<p style=\"text-align: justify;\">Tambi\u00e9n se promover\u00e1 la progresiva<span style=\"color: #993366;\"> integraci\u00f3n de los equipos psicosociales<\/span> en los institutos de Medicina Legal, dependientes del Ministerio de Justicia, y su formaci\u00f3n. De hecho, otra de las medidas que se ha acordado es garantizar la formaci\u00f3n especializada de estos equipos, a trav\u00e9s del Anteproyecto de Ley Org\u00e1nica del Poder Judicial y del Anteproyecto de Ley de Protecci\u00f3n a la Infancia.<!--nextpage--><\/p>\n<p style=\"text-align: justify;\">Asimismo, se mejorar\u00e1 la conexi\u00f3n entre Instituciones Penitenciarias y el sistema de Seguimiento Integral de los Casos de Violencia de G\u00e9nero VIOGEN. Tambi\u00e9n se adoptar\u00e1n medidas para <span style=\"color: #993366;\">interconectar los sistemas de informaci\u00f3n y bases de datos<\/span> de los Ministerios de Interior, Justicia, Servicios Sociales e Igualdad y de las Comunidades Aut\u00f3nomas. Los convenios con las Comunidades Aut\u00f3nomas de Andaluc\u00eda y Castilla y Le\u00f3n se firmar\u00e1n en las pr\u00f3ximas semanas.<\/p>\n<p style=\"text-align: justify;\"><strong>M\u00c1S COMPETENCIAS PARA LOS JUZGADOS<\/strong><\/p>\n<p style=\"text-align: justify;\">Los juzgados de violencia sobre la mujer ampliar\u00e1n, a trav\u00e9s del Anteproyecto de Ley Org\u00e1nica del Poder Judicial, su \u00e1mbito de competencia y conocer\u00e1n delitos que corresponden actualmente a los juzgados de instrucci\u00f3n, de modo que, adem\u00e1s de instruir delitos relativos a homicidio, lesiones o contra la libertad sexual y la integridad moral, conocer\u00e1n los delitos contra la intimidad y el derecho a la propia imagen y contra el honor de la mujer, siempre que la v\u00edctima sea la pareja o expareja del presunto agresor. Por tanto, el nuevo delito incluido en la reforma del C\u00f3digo Penal, el ciberacoso (si se usa como violencia contra la mujer), y otros como injurias o revelaci\u00f3n de secretos pasar\u00e1n a formar parte del \u00e1mbito de actuaci\u00f3n de los juzgados de violencia sobre la mujer.<\/p>\n<p style=\"text-align: justify;\">Asimismo, estas instancias judiciales podr\u00e1n instruir procesos para exigir la responsabilidad penal por el delito de quebrantamiento de medida cautelar o condena (incumplimiento de la orden de alejamiento) cuando la v\u00edctima sea la pareja o ex pareja del presunto autor o del condenado.<\/p>\n<p style=\"text-align: justify;\">Por otra parte, se establece<span style=\"color: #993366;\"> la obligaci\u00f3n del juez de pronunciarse de oficio<\/span> en la comparecencia de la orden de protecci\u00f3n sobre la adopci\u00f3n de medidas civiles cuando existan hijos menores, o hijos con la capacidad judicialmente complementada dependientes de mujeres v\u00edctimas de violencia de g\u00e9nero, con el objetivo de procurarles una mejor protecci\u00f3n. Se trata de un avance respecto a la situaci\u00f3n actual por cuanto los jueces asum\u00edan tal obligaci\u00f3n si lo ped\u00edan las partes o el Ministerio Fiscal. Se llevar\u00e1 a cabo a trav\u00e9s del Anteproyecto de Ley de Protecci\u00f3n a la Infancia y del Estatuto Jur\u00eddico de la V\u00edctima.<\/p>\n<p style=\"text-align: justify;\">Del mismo modo, se estudiar\u00e1, tambi\u00e9n en el marco del Estatuto de la V\u00edctima, medidas para evitar la victimizaci\u00f3n secundaria de las mujeres que sufren violencia de g\u00e9nero, en el seno del proceso judicial.<\/p>\n<p style=\"text-align: justify;\"><strong>MEJORA DE FORMACI\u00d3N E INSTRUMENTOS LEGALES<\/strong><\/p>\n<p style=\"text-align: justify;\">Los tres ministros han estado de acuerdo en la necesidad de trabajar en la<span style=\"color: #993366;\"> formaci\u00f3n de todos los agentes implicados.<\/span> De este modo, se adoptar\u00e1n las medidas para mejorar la formaci\u00f3n de los agentes del Cuerpo Nacional de Polic\u00eda y la Guardia Civil en violencia de g\u00e9nero.<\/p>\n<p style=\"text-align: justify;\">En cuanto a los agentes de Polic\u00edas Locales, se impulsar\u00e1 definitivamente la integraci\u00f3n de los agentes de Polic\u00eda Local en VIOGEN a trav\u00e9s de la suscripci\u00f3n de los correspondientes protocolos de integraci\u00f3n. Para ello se prev\u00e9 una reuni\u00f3n espec\u00edfica con la Federaci\u00f3n Espa\u00f1ola de Municipios y Provincias.<\/p>\n<p style=\"text-align: justify;\">La mejora de la formaci\u00f3n de los jueces tambi\u00e9n est\u00e1 contemplada en el Anteproyecto de Ley Org\u00e1nica del Poder Judicial, en una triple vertiente: primero, en las pruebas selectivas para el ingreso y promoci\u00f3n en la carrera judicial; segundo, en el plan de formaci\u00f3n continua, por \u00faltimo, la realizaci\u00f3n de un curso espec\u00edfico ser\u00e1 un requisito indispensable para acceder a una plaza como juez de violencia contra la mujer.<\/p>\n<p style=\"text-align: justify;\"><strong>EMPLEO Y SENSIBILIZACI\u00d3N<\/strong><\/p>\n<p style=\"text-align: justify;\">En cuanto a las medidas para buscar el apoyo de la sociedad y para ofrecer una salida a las v\u00edctimas que han conseguido dejar atr\u00e1s su situaci\u00f3n de maltrato, destacan las relativas al empleo y las<span style=\"color: #993366;\"> campa\u00f1as dirigidas a j\u00f3venes.<\/span><\/p>\n<p style=\"text-align: justify;\">Una de las medidas que se adoptar\u00e1 pr\u00f3ximamente es la incorporaci\u00f3n de las principales empresas p\u00fablicas a la iniciativa <span style=\"color: #993366;\">\u201cempresas por una sociedad libre de violencia de g\u00e9nero\u201d.<\/span><\/p>\n<p style=\"text-align: justify;\">Asimismo, se impulsar\u00e1 el programa de inserci\u00f3n sociolaboral a mujeres v\u00edctimas de la violencia de g\u00e9nero, fomentando la contrataci\u00f3n de mujeres mediante la suscripci\u00f3n de convenios con empresas.<\/p>\n<p style=\"text-align: justify;\">El Ministerio de Sanidad, Servicios Sociales e Igualdad, asimismo, realizar\u00e1 este a\u00f1o la <span style=\"color: #993366;\">campa\u00f1a de sensibilizaci\u00f3n<\/span>. <strong><span style=\"color: #993366;\">Hay Salida<\/span> <\/strong>en prensa, radio televisi\u00f3n e internet dirigida especialmente a los j\u00f3venes. En especial, se orientar\u00e1 a la detecci\u00f3n de las primeras se\u00f1ales del maltrato y el uso responsable de las nuevas tecnolog\u00edas.<\/p>\n<p style=\"text-align: justify;\">Asimismo, se negociar\u00e1 con el Ministerio de Educaci\u00f3n, Cultura y Deporte <span style=\"color: #993366;\">la inclusi\u00f3n en el desarrollo curricular<\/span> de Educaci\u00f3n Secundaria de <span style=\"color: #993366;\">contenidos espec\u00edficos<\/span> sobre la prevenci\u00f3n de la violencia de g\u00e9nero. Asimismo, el Ministerio de Sanidad, Servicios Sociales e Igualdad propondr\u00e1 a Educaci\u00f3n promover los instrumentos para<span style=\"color: #993366;\"> la detecci\u00f3n temprana<\/span> de casos de violencia de g\u00e9nero en los centros escolares.<\/p>\n","protected":false},"excerpt":{"rendered":"<p>\u00a0Mejorar la protecci\u00f3n de las v\u00edctimas, asegurar la formaci\u00f3n de todos los agentes implicados, aumentar las competencias de los juzgados de violencia sobre la mujer y mejorar la coordinaci\u00f3n. \u00c9stas son algunas de las medidas que han acordado hoy los &hellip; <a href=\"https:\/\/buenostratos-blog.larioja.org\/?p=521\">Sigue leyendo <span class=\"meta-nav\">&rarr;<\/span><\/a><\/p>\n","protected":false},"author":2,"featured_media":0,"comment_status":"open","ping_status":"closed","sticky":false,"template":"","format":"standard","meta":{"footnotes":""},"categories":[13,1],"tags":[],"_links":{"self":[{"href":"https:\/\/buenostratos-blog.larioja.org\/index.php?rest_route=\/wp\/v2\/posts\/521"}],"collection":[{"href":"https:\/\/buenostratos-blog.larioja.org\/index.php?rest_route=\/wp\/v2\/posts"}],"about":[{"href":"https:\/\/buenostratos-blog.larioja.org\/index.php?rest_route=\/wp\/v2\/types\/post"}],"author":[{"embeddable":true,"href":"https:\/\/buenostratos-blog.larioja.org\/index.php?rest_route=\/wp\/v2\/users\/2"}],"replies":[{"embeddable":true,"href":"https:\/\/buenostratos-blog.larioja.org\/index.php?rest_route=%2Fwp%2Fv2%2Fcomments&post=521"}],"version-history":[{"count":5,"href":"https:\/\/buenostratos-blog.larioja.org\/index.php?rest_route=\/wp\/v2\/posts\/521\/revisions"}],"predecessor-version":[{"id":526,"href":"https:\/\/buenostratos-blog.larioja.org\/index.php?rest_route=\/wp\/v2\/posts\/521\/revisions\/526"}],"wp:attachment":[{"href":"https:\/\/buenostratos-blog.larioja.org\/index.php?rest_route=%2Fwp%2Fv2%2Fmedia&parent=521"}],"wp:term":[{"taxonomy":"category","embeddable":true,"href":"https:\/\/buenostratos-blog.larioja.org\/index.php?rest_route=%2Fwp%2Fv2%2Fcategories&post=521"},{"taxonomy":"post_tag","embeddable":true,"href":"https:\/\/buenostratos-blog.larioja.org\/index.php?rest_route=%2Fwp%2Fv2%2Ftags&post=521"}],"curies":[{"name":"wp","href":"https:\/\/api.w.org\/{rel}","templated":true}]}}