{"id":516,"date":"2014-04-01T12:08:37","date_gmt":"2014-04-01T12:08:37","guid":{"rendered":"http:\/\/buenostratos-blog.larioja.org\/?p=516"},"modified":"2019-12-17T11:38:59","modified_gmt":"2019-12-17T11:38:59","slug":"dia-mundial-de-la-educacion","status":"publish","type":"post","link":"https:\/\/buenostratos-blog.larioja.org\/?p=516","title":{"rendered":"D\u00eda Mundial de la Educaci\u00f3n"},"content":{"rendered":"<p style=\"text-align: justify;\">Mediante los acuerdos llevados entre la ONU y la UNESCO, cada <strong><span style=\"color: #993366;\">1 de abril<\/span><\/strong> se conmem<a href=\"http:\/\/buenostratos-blog.larioja.org\/wp-content\/uploads\/2014\/04\/educ.jpg\"><img loading=\"lazy\" decoding=\"async\" class=\"size-medium wp-image-517 alignright\" alt=\"educ\" src=\"http:\/\/buenostratos-blog.larioja.org\/wp-content\/uploads\/2014\/04\/educ-300x242.jpg\" width=\"300\" height=\"242\" srcset=\"https:\/\/buenostratos-blog.larioja.org\/wp-content\/uploads\/2014\/04\/educ-300x242.jpg 300w, https:\/\/buenostratos-blog.larioja.org\/wp-content\/uploads\/2014\/04\/educ.jpg 320w\" sizes=\"(max-width: 300px) 100vw, 300px\" \/><\/a>ora y recuerda el D\u00eda Mundial de la Educaci\u00f3n, en el cual se considera a la educaci\u00f3n como uno de los aspectos m\u00e1s relevantes para el Estado. As\u00edmismo, desde el a\u00f1o 2003 hasta el 2012, se conmemora la \u00abD\u00e9cada de la <span style=\"color: #993366;\">Educaci\u00f3n Inclusiva<\/span>\u00ab.<\/p>\n<p>Dentro de la educaci\u00f3n, el profesorado y la familia cumplen una funci\u00f3n muy importante,<br \/>\nambos contribuyen en la formaci\u00f3n de la integridad f\u00edsica, mental, intelectual y psicol\u00f3gica de los educandos.<\/p>\n<p style=\"text-align: justify;\">Este d\u00eda sirve para el fortalecimiento de la relaci\u00f3n entre los educadores y el alumnado, y entre la familia y la escuela, forjando una alianza estrat\u00e9gica en favor del desarrollo progresivo&#8230;<\/p>\n<p style=\"text-align: justify;\">La verdadera educaci\u00f3n permite formar hombres y mujeres \u00fatiles para el futuro, prepar\u00e1ndolos para la vida, siendo dignos profesionales de \u00e9xito, con derechos e igualdad, sin discriminaciones de ninguna clase.<\/p>\n<p style=\"text-align: justify;\"><span style=\"font-size: large; color: #993366;\"><strong>FELICIDADES A TOD@S<\/strong><\/span><\/p>\n","protected":false},"excerpt":{"rendered":"<p>Mediante los acuerdos llevados entre la ONU y la UNESCO, cada 1 de abril se conmemora y recuerda el D\u00eda Mundial de la Educaci\u00f3n, en el cual se considera a la educaci\u00f3n como uno de los aspectos m\u00e1s relevantes para &hellip; <a href=\"https:\/\/buenostratos-blog.larioja.org\/?p=516\">Sigue leyendo <span class=\"meta-nav\">&rarr;<\/span><\/a><\/p>\n","protected":false},"author":2,"featured_media":0,"comment_status":"open","ping_status":"closed","sticky":false,"template":"","format":"standard","meta":{"footnotes":""},"categories":[13],"tags":[],"_links":{"self":[{"href":"https:\/\/buenostratos-blog.larioja.org\/index.php?rest_route=\/wp\/v2\/posts\/516"}],"collection":[{"href":"https:\/\/buenostratos-blog.larioja.org\/index.php?rest_route=\/wp\/v2\/posts"}],"about":[{"href":"https:\/\/buenostratos-blog.larioja.org\/index.php?rest_route=\/wp\/v2\/types\/post"}],"author":[{"embeddable":true,"href":"https:\/\/buenostratos-blog.larioja.org\/index.php?rest_route=\/wp\/v2\/users\/2"}],"replies":[{"embeddable":true,"href":"https:\/\/buenostratos-blog.larioja.org\/index.php?rest_route=%2Fwp%2Fv2%2Fcomments&post=516"}],"version-history":[{"count":3,"href":"https:\/\/buenostratos-blog.larioja.org\/index.php?rest_route=\/wp\/v2\/posts\/516\/revisions"}],"predecessor-version":[{"id":520,"href":"https:\/\/buenostratos-blog.larioja.org\/index.php?rest_route=\/wp\/v2\/posts\/516\/revisions\/520"}],"wp:attachment":[{"href":"https:\/\/buenostratos-blog.larioja.org\/index.php?rest_route=%2Fwp%2Fv2%2Fmedia&parent=516"}],"wp:term":[{"taxonomy":"category","embeddable":true,"href":"https:\/\/buenostratos-blog.larioja.org\/index.php?rest_route=%2Fwp%2Fv2%2Fcategories&post=516"},{"taxonomy":"post_tag","embeddable":true,"href":"https:\/\/buenostratos-blog.larioja.org\/index.php?rest_route=%2Fwp%2Fv2%2Ftags&post=516"}],"curies":[{"name":"wp","href":"https:\/\/api.w.org\/{rel}","templated":true}]}}