{"id":512,"date":"2014-03-28T13:43:54","date_gmt":"2014-03-28T13:43:54","guid":{"rendered":"http:\/\/buenostratos-blog.larioja.org\/?p=512"},"modified":"2019-12-17T11:38:59","modified_gmt":"2019-12-17T11:38:59","slug":"talleres-de-familias","status":"publish","type":"post","link":"https:\/\/buenostratos-blog.larioja.org\/?p=512","title":{"rendered":"Talleres de Familias"},"content":{"rendered":"<p>Estamos realizando <span style=\"color: #993366;\"><strong>Talleres de Familias<\/strong> <\/span>en diversos colegios de nuestra Comunidad.<\/p>\n<p style=\"text-align: justify;\">Nuestro objetivo es la <strong>Educaci\u00f3n en<\/strong> <strong>Igualdad<\/strong> y la<strong> prevenci\u00f3n de conductas<\/strong> <strong>violentas<\/strong>, de<strong> <\/strong>tal manera, que las familias puedan entender cada vez mejor las reacciones de sus hijos e hijas en las diferentes etapas de su formaci\u00f3n.<\/p>\n<p style=\"text-align: justify;\">Se trata de sensibilizar y formar a los padres y madres sobre el papel que desempe\u00f1a la familia en materia de coeducaci\u00f3n y\u00a0 en la prevenci\u00f3n de conductas violentas. Facilitar a los padres y madres herramientas adecuadas para relacionarse con sus hij@s de forma preventiva, sin limitarse a informar, sino a formarlos en conocimientos, destrezas y pautas educativas pr\u00e1cticas y concretas de f\u00e1cil aplicaci\u00f3n en casa que apoyen y optimicen su tarea educativa.<\/p>\n<p style=\"text-align: justify;\">Los talleres son un espacio de reflexi\u00f3n, intercambio de experiencias, informaci\u00f3n y formaci\u00f3n sobre los tres bloques de contenido del <strong><span style=\"color: #993366;\">Programa de Buenos Tratos<\/span><\/strong>: Autoestima, Coeducaci\u00f3n y Resoluci\u00f3n de conflictos de forma no violenta; y donde ese intercambio de experiencias y la reflexi\u00f3n colectiva se conviertan en herramientas que permitan mejorar los recursos educadores de padres y madres.<\/p>\n<p style=\"text-align: justify;\">La familia posee un potencial preventivo insustituible. En los \u00faltimos a\u00f1os se ha notado un incremento de la sensibilizaci\u00f3n\u00a0 de los padres y madres conscientes de la importancia de su papel como mediadores-potenciadores del desarollo integral de sus hijos e hijas.<\/p>\n<p style=\"text-align: justify;\">A su vez, los talleres son un espacio de comunicaci\u00f3n, reflexi\u00f3n, debate y formaci\u00f3n sobre la educaci\u00f3n de los hij@s, a partir de un m\u00e9todo din\u00e1mico y participativo en el que se favorece la convivencia y el conocimiento entre los participantes.<\/p>\n<p style=\"text-align: justify;\">La formaci\u00f3n se orienta al desarrollo de competencias como la comunicaci\u00f3n, la autoestima, la reducci\u00f3n de conflictos, la mejora de las relaciones intrafamiliares y el establecimiento de normas y l\u00edmites.<\/p>\n<p style=\"text-align: justify;\">La participaci\u00f3n de padres y madres en el entorno educativo se\u00f1ala que una implicaci\u00f3n activa se materializa en una mayor autoestima del alumnado, una mejor coeducaci\u00f3n, y una mejora de las relaciones interpersonales. En la medida en que las familias comparten, el trabajo en la instauraci\u00f3n de <strong>valores,<\/strong> se piensa que se a\u00fanan esfuerzos para alcanzar el fin com\u00fan, que se traduce en la formaci\u00f3n\u00a0 en convivencia de ni\u00f1os y ni\u00f1as.<br \/>\nLos talleres son sesiones semanales de 90 minutos lo que permite profundizar en los temas abordados.<\/p>\n<p style=\"text-align: justify;\">Las conclusiones son muy postivas y la\u00a0 experiencia est\u00e1 siendo muy gratificante.<\/p>\n<p style=\"text-align: justify;\">!Os esperamos!<\/p>\n<p style=\"text-align: justify;\">\n","protected":false},"excerpt":{"rendered":"<p>Estamos realizando Talleres de Familias en diversos colegios de nuestra Comunidad. Nuestro objetivo es la Educaci\u00f3n en Igualdad y la prevenci\u00f3n de conductas violentas, de tal manera, que las familias puedan entender cada vez mejor las reacciones de sus hijos &hellip; <a href=\"https:\/\/buenostratos-blog.larioja.org\/?p=512\">Sigue leyendo <span class=\"meta-nav\">&rarr;<\/span><\/a><\/p>\n","protected":false},"author":2,"featured_media":0,"comment_status":"open","ping_status":"closed","sticky":false,"template":"","format":"standard","meta":{"footnotes":""},"categories":[13,4],"tags":[],"_links":{"self":[{"href":"https:\/\/buenostratos-blog.larioja.org\/index.php?rest_route=\/wp\/v2\/posts\/512"}],"collection":[{"href":"https:\/\/buenostratos-blog.larioja.org\/index.php?rest_route=\/wp\/v2\/posts"}],"about":[{"href":"https:\/\/buenostratos-blog.larioja.org\/index.php?rest_route=\/wp\/v2\/types\/post"}],"author":[{"embeddable":true,"href":"https:\/\/buenostratos-blog.larioja.org\/index.php?rest_route=\/wp\/v2\/users\/2"}],"replies":[{"embeddable":true,"href":"https:\/\/buenostratos-blog.larioja.org\/index.php?rest_route=%2Fwp%2Fv2%2Fcomments&post=512"}],"version-history":[{"count":3,"href":"https:\/\/buenostratos-blog.larioja.org\/index.php?rest_route=\/wp\/v2\/posts\/512\/revisions"}],"predecessor-version":[{"id":515,"href":"https:\/\/buenostratos-blog.larioja.org\/index.php?rest_route=\/wp\/v2\/posts\/512\/revisions\/515"}],"wp:attachment":[{"href":"https:\/\/buenostratos-blog.larioja.org\/index.php?rest_route=%2Fwp%2Fv2%2Fmedia&parent=512"}],"wp:term":[{"taxonomy":"category","embeddable":true,"href":"https:\/\/buenostratos-blog.larioja.org\/index.php?rest_route=%2Fwp%2Fv2%2Fcategories&post=512"},{"taxonomy":"post_tag","embeddable":true,"href":"https:\/\/buenostratos-blog.larioja.org\/index.php?rest_route=%2Fwp%2Fv2%2Ftags&post=512"}],"curies":[{"name":"wp","href":"https:\/\/api.w.org\/{rel}","templated":true}]}}