{"id":505,"date":"2014-03-21T12:38:32","date_gmt":"2014-03-21T12:38:32","guid":{"rendered":"http:\/\/buenostratos-blog.larioja.org\/?p=505"},"modified":"2019-12-17T11:38:59","modified_gmt":"2019-12-17T11:38:59","slug":"volvemos-a-hablar-de-violencia-machista","status":"publish","type":"post","link":"https:\/\/buenostratos-blog.larioja.org\/?p=505","title":{"rendered":"Volvemos a hablar de violencia machista"},"content":{"rendered":"<p style=\"text-align: justify;\">M\u00e1s de 19 mujeres han sido asesinadas por sus parejas o ex parejas en lo que llevamos de a\u00f1o, con algunos casos a\u00fan por aclarar. Son, aseguran, las cifras m\u00e1s alarmantes que se han producido en Espa\u00f1a desde que se empezaron a contabilizar las mujeres muertas por violencia de g\u00e9nero. As\u00ed que los medios de comunicaci\u00f3n colocan noticias del fen\u00f3meno en sus portadas y cabeceras. Los partidos parecen reaccionar de nuevo. Las organizaciones reanudan las movilizaciones contra esta lacra. Volvemos a hablar de violencia machista.<\/p>\n<p style=\"text-align: justify;\">Casi diez a\u00f1os despu\u00e9s de que entrara en vigor la ley de medidas de protecci\u00f3n integral de violencia de g\u00e9nero hay mujeres asesinadas por ser mujeres. Expertas y organizaciones denuncian la normalizaci\u00f3n de la <a href=\"http:\/\/buenostratos-blog.larioja.org\/wp-content\/uploads\/2014\/03\/arton108682.jpg\"><img loading=\"lazy\" decoding=\"async\" class=\"size-full wp-image-508 alignright\" alt=\"arton10868\" src=\"http:\/\/buenostratos-blog.larioja.org\/wp-content\/uploads\/2014\/03\/arton108682.jpg\" width=\"203\" height=\"116\" \/><\/a>violencia, la consolidaci\u00f3n del machismo \u2013desde las propias instituciones y legislaciones que se imponen-, y tambi\u00e9n, los efectos de la crisis econ\u00f3mica.<\/p>\n<p style=\"text-align: justify;\">Una <strong>crisis<\/strong> que, seg\u00fan algunas instituciones como el Observatorio contra la Violencia Dom\u00e9stica y de G\u00e9nero del Consejo General del Poder Judicial, puede ser <strong>responsable<\/strong> del <strong>descenso en las denuncias<\/strong>. Muchas mujeres sufren una fuerte <strong>dependencia<\/strong> <strong>econ\u00f3mica<\/strong>, que se ve agravada y que les dificulta tomar la decisi\u00f3n de denunciar. Susana Mart\u00ednez, presidenta de la Comisi\u00f3n de Estudio de Malos Tratos a Mujeres, insiste en la necesidad de establecer pol\u00edticas p\u00fablicas de inserci\u00f3n laboral de mujeres maltratadas. \u201cCada d\u00eda nos encontramos con casos de mujeres que no se separan por la situaci\u00f3n de dependencia econ\u00f3mica\u201d, asegura.<\/p>\n<p style=\"text-align: justify;\">Seg\u00fan la primera encuesta europea sobre violencia de g\u00e9nero publicada recientemente, un 22 por ciento de las espa\u00f1olas ha sufrido violencia de g\u00e9nero alguna vez, pero las denuncias por estos delitos no suben de algo m\u00e1s de 130.000 anuales. Los datos que el Observatorio ofrece trimestralmente advierten que las denuncias han bajado m\u00e1s de un 9 por ciento. De las mujeres asesinadas en lo que va de a\u00f1o, solo cinco lo hab\u00edan hecho.<\/p>\n<p style=\"text-align: justify;\"><strong><span style=\"color: #800080;\">Acabar con la sensaci\u00f3n de \u201cimpunidad\u201d<\/span><\/strong><\/p>\n<p style=\"text-align: justify;\">Pero no se trata simplemente de \u201canimar\u201d a las mujeres maltratadas a denunciar. Hay que acabar con la impunidad de los maltratadores, hay que facilitar el camino y proteger a las mujeres que toman la decisi\u00f3n de ponerse en contacto con las autoridades y, de manera especial, hay que hurgar en la conciencia colectiva, para que la sociedad plante cara a este tipo de violencia, se implique en la lucha y se comprometa en desterrar aquellas conductas, valores y pilares que la sostienen &#8211; solo el 2 por ciento de las denuncias proceden de familiares o amigos de las maltratadas-.<\/p>\n<p style=\"text-align: justify;\">\u201cEs imprescindible impulsar <strong>campa\u00f1as de sensibilizaci\u00f3n<\/strong> no solo dirigidas a la v\u00edctima y su entorno, sino poner el foco en los maltratadores y dejar de alimentar su impunidad\u201d, enfatiza Susana. Para esta abogada el que no se hable de los maltratadores y de las consecuencias de sus actos, el no saber qui\u00e9nes son y qu\u00e9 pasa con ellos, les da poder y transmite una sensaci\u00f3n de impunidad que dificulta detener la violencia.<\/p>\n<p style=\"text-align: justify;\"><strong><span style=\"color: #800080;\">Especial vulnerabilidad<\/span> <\/strong><\/p>\n<p style=\"text-align: justify;\">Otra de las medidas que tambi\u00e9n ayudar\u00eda a paliar de alg\u00fan modo la situaci\u00f3n es reforzar los mensajes y la alerta ante los colectivos m\u00e1s vulnerables: las mujeres mayores que, como la asesinada en Melilla, pueden tener m\u00e1s obst\u00e1culos sociales o incluso de mentalidad para dar el paso y denunciar; las mujeres inmigrantes carecen en muchos casos de una red familiar de apoyo o cuentan con barreras de lenguaje, como la brasile\u00f1a asesinada el lunes en el Pa\u00eds Vasco, que estaba sola en Espa\u00f1a con sus dos hijos, tambi\u00e9n las mujeres que viven en el entorno rural se encuentran con mayores dificultades, especialmente desde la aprobaci\u00f3n en enero de la Ley que regula el R\u00e9gimen Local.<\/p>\n<p style=\"text-align: justify;\">Ameco<\/p>\n","protected":false},"excerpt":{"rendered":"<p>M\u00e1s de 19 mujeres han sido asesinadas por sus parejas o ex parejas en lo que llevamos de a\u00f1o, con algunos casos a\u00fan por aclarar. Son, aseguran, las cifras m\u00e1s alarmantes que se han producido en Espa\u00f1a desde que se &hellip; <a href=\"https:\/\/buenostratos-blog.larioja.org\/?p=505\">Sigue leyendo <span class=\"meta-nav\">&rarr;<\/span><\/a><\/p>\n","protected":false},"author":2,"featured_media":0,"comment_status":"open","ping_status":"closed","sticky":false,"template":"","format":"standard","meta":{"footnotes":""},"categories":[13,1],"tags":[],"_links":{"self":[{"href":"https:\/\/buenostratos-blog.larioja.org\/index.php?rest_route=\/wp\/v2\/posts\/505"}],"collection":[{"href":"https:\/\/buenostratos-blog.larioja.org\/index.php?rest_route=\/wp\/v2\/posts"}],"about":[{"href":"https:\/\/buenostratos-blog.larioja.org\/index.php?rest_route=\/wp\/v2\/types\/post"}],"author":[{"embeddable":true,"href":"https:\/\/buenostratos-blog.larioja.org\/index.php?rest_route=\/wp\/v2\/users\/2"}],"replies":[{"embeddable":true,"href":"https:\/\/buenostratos-blog.larioja.org\/index.php?rest_route=%2Fwp%2Fv2%2Fcomments&post=505"}],"version-history":[{"count":3,"href":"https:\/\/buenostratos-blog.larioja.org\/index.php?rest_route=\/wp\/v2\/posts\/505\/revisions"}],"predecessor-version":[{"id":511,"href":"https:\/\/buenostratos-blog.larioja.org\/index.php?rest_route=\/wp\/v2\/posts\/505\/revisions\/511"}],"wp:attachment":[{"href":"https:\/\/buenostratos-blog.larioja.org\/index.php?rest_route=%2Fwp%2Fv2%2Fmedia&parent=505"}],"wp:term":[{"taxonomy":"category","embeddable":true,"href":"https:\/\/buenostratos-blog.larioja.org\/index.php?rest_route=%2Fwp%2Fv2%2Fcategories&post=505"},{"taxonomy":"post_tag","embeddable":true,"href":"https:\/\/buenostratos-blog.larioja.org\/index.php?rest_route=%2Fwp%2Fv2%2Ftags&post=505"}],"curies":[{"name":"wp","href":"https:\/\/api.w.org\/{rel}","templated":true}]}}