{"id":501,"date":"2014-03-14T10:51:17","date_gmt":"2014-03-14T10:51:17","guid":{"rendered":"http:\/\/buenostratos-blog.larioja.org\/?p=501"},"modified":"2019-12-17T11:38:59","modified_gmt":"2019-12-17T11:38:59","slug":"promover-la-igualdad-y-prevenir-la-violencia","status":"publish","type":"post","link":"https:\/\/buenostratos-blog.larioja.org\/?p=501","title":{"rendered":"Promover la Igualdad y prevenir la violencia"},"content":{"rendered":"<p style=\"text-align: justify;\">La consejera de Igualdad, Salud y pol\u00edticas Sociales, Mar\u00eda Jos\u00e9 S\u00e1nchez Rubio, ha presidido la firma de un convenio de colaboraci\u00f3n entre el Instituto Andaluz de la Mujer (IAM) y la Agencia P\u00fablica Empresarial de la Radio y Televisi\u00f3n de Andaluc\u00eda (RTVA) para la realizaci\u00f3n conjunta de acciones de promoci\u00f3n de la igualdad de g\u00e9nero en la sociedad andaluza, y en especial en la juventud, a trav\u00e9s de los medios audiovisuales.<\/p>\n<p style=\"text-align: justify;\">En la firma del convenio, S\u00e1nchez Rubio ha destacado la importancia de \u00abcontar con dos pilares tan fuertes como el IAM y la RTVA, que cumplen en este a\u00f1o su 25 aniversario, para defender nuestras libertades y los derechos de la ciudadan\u00eda\u00bb. Por su parte, el subdirector general de RTVA, Joaqu\u00edn Dur\u00e1n, ha subrayado que \u00abcomo medio p\u00fablico audiovisual Canal Sur tiene el mandato legal de contribuir a la formaci\u00f3n de una ciudadan\u00eda libre e igualitaria\u00bb.<\/p>\n<p style=\"text-align: justify;\">Por ello, tal y como subraya Dur\u00e1n, \u00abestamos empe\u00f1\u00e1ndonos en proyectar a la sociedad la idea de igualdad\u00bb. A trav\u00e9s del mismo, la radiotelevisi\u00f3n p\u00fablica andaluza se compromete a <strong>favorecer el tratamiento informativo igualitario<\/strong> en su programaci\u00f3n y a difundir las campa\u00f1as de sensibilizaci\u00f3n y actividades que el IAM desarrolla durante todo el a\u00f1o para promocionar la igualdad, la visibilizaci\u00f3n de la mujer y su promoci\u00f3n en los \u00e1mbitos de decisi\u00f3n, as\u00ed como para prevenir la violencia de g\u00e9nero.<\/p>\n<p style=\"text-align: justify;\">En este sentido, IAM y RTVA trabajar\u00e1n de forma conjunta por una informaci\u00f3n igualitaria y plural, alejada de los estereotipos de g\u00e9nero y de los estigmas vinculados a ellos. Para el subdirector general, \u00abRTVA viene demostrando desde sus inicios, hace 25 a\u00f1os, un inequ\u00edvoco posicionamiento a favor de la igualdad y una decidida lucha para eliminar la violencia que sufre la mujer por el hecho de ser mujer\u00bb. Seg\u00fan Dur\u00e1n, \u00abqueremos crear una Andaluc\u00eda sin discriminaci\u00f3n, donde prime la dignidad de la mujer\u00bb.<\/p>\n<p><span style=\"color: #800080;\"><strong>Formaci\u00f3n de profesionales<\/strong> <\/span><\/p>\n<p style=\"text-align: justify;\">Por su parte, el IAM desarrollar\u00e1<strong> acciones formativas<\/strong> dirigidas a las personas profesionales de la RTVA, con el fin de que su preparaci\u00f3n <strong>en materia de g\u00e9nero<\/strong> repercuta en su trabajo de comunicaci\u00f3n y, como consecuencia, en la promoci\u00f3n de la igualdad en la ciudadan\u00eda.<\/p>\n<p style=\"text-align: justify;\">En este sentido, el IAM pondr\u00e1 el acento en la formaci\u00f3n en materia de<strong> igualdad y juventud<\/strong> para visualizar las nuevas manifestaciones del machismo y fomentar as\u00ed la prevenci\u00f3n de la violencia de g\u00e9nero, especialmente en las redes sociales. Junto a ello, el convenio contempla colaboraci\u00f3n de la RTVA para facilitar contenidos audiovisuales sobre igualdad que puedan ser utilizados en los canales de comunicaci\u00f3n audiovisual del IAM.<\/p>\n<p style=\"text-align: justify;\">De esta forma, la RTVA prestar\u00e1 asesoramiento para la puesta en marcha de un <strong>informativo<\/strong> sobre temas relacionados con <strong>igualdad de g\u00e9nero<\/strong> en los canales de comunicaci\u00f3n audiovisual del IAM y se configurar\u00e1n <strong>dos microespacios sobre violencia de<\/strong> <strong>g\u00e9nero y coeducaci\u00f3n<\/strong>. La consejera ha destacado la <strong>\u00abespecial relevancia\u00bb<\/strong> que tiene la formaci\u00f3n en materia de g\u00e9nero de las personas profesionales del sector de la comunicaci\u00f3n <strong>para<\/strong> poder<strong> evitar los estereotipos sexistas<\/strong> y abordar de manera adecuada la violencia de g\u00e9nero en el contenido y forma de las informaciones que llegan a la ciudadan\u00eda.<\/p>\n<p style=\"text-align: justify;\">S\u00e1nchez Rubio ha recordado que<strong> los medios de comunicaci\u00f3n son<\/strong>, al igual que la publicidad, la industria cultural y del ocio, \u00abuno de los principales <strong>agentes socializadores\u00bb<\/strong> de las personas, por lo que \u00abparticipan de manera muy activa\u00bb en la imagen que la ciudadan\u00eda tenga de la mujer y de su posicionamiento en la sociedad.<\/p>\n<p style=\"text-align: justify;\">Ante ello, la consejera ha animado a los medios a participar en la promoci\u00f3n de una imagen igualitaria y no estereotipada de hombres y mujeres, y en el reconocimiento de la labor de las mujeres en todos los \u00e1mbitos de la sociedad. S\u00e1nchez Rubio ha recordado adem\u00e1s que \u00abcon esta colaboraci\u00f3n dirigiremos nuestros <strong>esfuerzos<\/strong> especialmente <strong>a<\/strong> las personas <strong>j\u00f3venes<\/strong> porque<strong> suponen el motor del cambio social,<\/strong> ya que la coeducaci\u00f3n en esta edad es la clave de una sociedad igualitaria\u00bb<\/p>\n","protected":false},"excerpt":{"rendered":"<p>La consejera de Igualdad, Salud y pol\u00edticas Sociales, Mar\u00eda Jos\u00e9 S\u00e1nchez Rubio, ha presidido la firma de un convenio de colaboraci\u00f3n entre el Instituto Andaluz de la Mujer (IAM) y la Agencia P\u00fablica Empresarial de la Radio y Televisi\u00f3n de &hellip; <a href=\"https:\/\/buenostratos-blog.larioja.org\/?p=501\">Sigue leyendo <span class=\"meta-nav\">&rarr;<\/span><\/a><\/p>\n","protected":false},"author":2,"featured_media":0,"comment_status":"open","ping_status":"closed","sticky":false,"template":"","format":"standard","meta":{"footnotes":""},"categories":[13,1],"tags":[],"_links":{"self":[{"href":"https:\/\/buenostratos-blog.larioja.org\/index.php?rest_route=\/wp\/v2\/posts\/501"}],"collection":[{"href":"https:\/\/buenostratos-blog.larioja.org\/index.php?rest_route=\/wp\/v2\/posts"}],"about":[{"href":"https:\/\/buenostratos-blog.larioja.org\/index.php?rest_route=\/wp\/v2\/types\/post"}],"author":[{"embeddable":true,"href":"https:\/\/buenostratos-blog.larioja.org\/index.php?rest_route=\/wp\/v2\/users\/2"}],"replies":[{"embeddable":true,"href":"https:\/\/buenostratos-blog.larioja.org\/index.php?rest_route=%2Fwp%2Fv2%2Fcomments&post=501"}],"version-history":[{"count":3,"href":"https:\/\/buenostratos-blog.larioja.org\/index.php?rest_route=\/wp\/v2\/posts\/501\/revisions"}],"predecessor-version":[{"id":504,"href":"https:\/\/buenostratos-blog.larioja.org\/index.php?rest_route=\/wp\/v2\/posts\/501\/revisions\/504"}],"wp:attachment":[{"href":"https:\/\/buenostratos-blog.larioja.org\/index.php?rest_route=%2Fwp%2Fv2%2Fmedia&parent=501"}],"wp:term":[{"taxonomy":"category","embeddable":true,"href":"https:\/\/buenostratos-blog.larioja.org\/index.php?rest_route=%2Fwp%2Fv2%2Fcategories&post=501"},{"taxonomy":"post_tag","embeddable":true,"href":"https:\/\/buenostratos-blog.larioja.org\/index.php?rest_route=%2Fwp%2Fv2%2Ftags&post=501"}],"curies":[{"name":"wp","href":"https:\/\/api.w.org\/{rel}","templated":true}]}}