{"id":490,"date":"2014-03-05T10:08:13","date_gmt":"2014-03-05T10:08:13","guid":{"rendered":"http:\/\/buenostratos-blog.larioja.org\/?p=490"},"modified":"2019-12-17T11:38:59","modified_gmt":"2019-12-17T11:38:59","slug":"superlola-una-heroina-de-la-igualdad","status":"publish","type":"post","link":"https:\/\/buenostratos-blog.larioja.org\/?p=490","title":{"rendered":"\u2018Superlola\u2019, una hero\u00edna de la igualdad"},"content":{"rendered":"<p style=\"text-align: justify;\">La iniciativa, consistente en la edici\u00f3n electr\u00f3nica de una gu\u00eda did\u00e1ctica sobre un cuento, pretende llegar a casi 660.000 menores de 3 a 10 a\u00f1os<br \/>\nEl Instituto Andaluz de la Mujer (IAM) ha lanzado el proyecto coeducativo <strong><span style=\"color: #800080;\">\u2019Superlola\u2019<\/span><\/strong>, una <strong>gu\u00eda did\u00e1ctica<\/strong> telem\u00e1tica que, a partir de un cuento, permitir\u00e1 al profesorado de infantil y primaria (primer y segundo ciclo)<strong> trabajar<\/strong> con su alumnado en el <strong>fomento de la igualdad<\/strong> de g\u00e9nero,<strong> la autoestima<\/strong> y el<strong> respeto a la diversidad<\/strong> y a <strong>la libertad<\/strong>. Es Superlola, la superhero\u00edna que m\u00e1s mola.<\/p>\n<p style=\"text-align: justify;\">\u201cNo pens\u00e9is que todas las ni\u00f1as son iguales\u2026 nooooooo; hay ni\u00f1as altas, bajitas, redondas, azules, valientes, artistas, ligeras, nobles, imaginativas, sinceras, pensadoras\u2026 En este cuento habita una ni\u00f1a valiente que quiere cambiar el mundo.<\/p>\n<p style=\"text-align: justify;\">En este cuento tambi\u00e9n habitan los sue\u00f1os y las voces de muchas ni\u00f1as valientes que trazaron con sus manos otros caminos, otros lugares y otros espacios. \u00c9sta, es por tanto, una historia de caminos y de ventanas que se abren\u2026 aqu\u00ed no hay llaves, ni candados\u201d. Eso defiende y crea Superlola.<\/p>\n<p style=\"text-align: justify;\">Creado por la experta en g\u00e9nero Gema Otero y el ilustrador y dise\u00f1ador gr\u00e1fico Juan A. Mu\u00f1oz, \u2018Superlola\u2019 e<a href=\"http:\/\/buenostratos-blog.larioja.org\/wp-content\/uploads\/2014\/03\/Superlola_EDIIMA20140113_0615_13.jpg\"><img loading=\"lazy\" decoding=\"async\" class=\"size-medium wp-image-491 alignleft\" alt=\"Superlola_EDIIMA20140113_0615_13\" src=\"http:\/\/buenostratos-blog.larioja.org\/wp-content\/uploads\/2014\/03\/Superlola_EDIIMA20140113_0615_13-300x169.jpg\" width=\"300\" height=\"169\" srcset=\"https:\/\/buenostratos-blog.larioja.org\/wp-content\/uploads\/2014\/03\/Superlola_EDIIMA20140113_0615_13-300x169.jpg 300w, https:\/\/buenostratos-blog.larioja.org\/wp-content\/uploads\/2014\/03\/Superlola_EDIIMA20140113_0615_13.jpg 465w\" sizes=\"(max-width: 300px) 100vw, 300px\" \/><\/a>s un <strong>cuento coeducativo<\/strong> en el que su protagonista, Lola, es una <strong>ni\u00f1a de cuatro a\u00f1os<\/strong> que <strong>sue\u00f1a<\/strong> con ser una superhero\u00edna para <strong>cambiar el mundo<\/strong> y hacerlo m\u00e1s justo. Seg\u00fan ha detallado la directora del IAM, Lola, \u00abvaliente, inquieta y deportista, <strong><span style=\"color: #800080;\">rompe moldes y estereotipos sexistas\u00bb,<\/span> <\/strong>convirti\u00e9ndose as\u00ed en \u00abreferente ideal para que siga la infancia como modelo de igualdad\u00bb.<\/p>\n<p style=\"text-align: justify;\">A partir del cuento y de un v\u00eddeo animado basado en el mismo, el IAM ha elaborado una gu\u00eda did\u00e1ctica para el profesorado, que ser\u00e1 distribuida en las redes sociales y en el portal de la Consejer\u00eda de Educaci\u00f3n, adem\u00e1s de la web del IAM.<\/p>\n<p style=\"text-align: justify;\">La gu\u00eda <strong>ofrece claves y herramientas<\/strong> para<strong> reflexionar<\/strong> con el alumnado sobre el valor de <strong>la igualdad, el respeto<\/strong> a la diferencia y <strong>la resoluci\u00f3n pac\u00edfica de conflictos<\/strong>, la <strong>libertad,<\/strong> el <strong>compa\u00f1erismo<\/strong>, la <strong>autoestima<\/strong>, la <strong>autonom\u00eda<\/strong> y el <strong>empoderamiento<\/strong>, el gusto por la lectura, la libre expresi\u00f3n de emociones y las relaciones afectivas saludables e igualitarias.<\/p>\n<p style=\"text-align: justify;\">El v\u00eddeo se puede ver en: <a title=\"superlola\" href=\"http:\/\/www.youtube.com\/watch?v=LVAfqiVM9qw\">http:\/\/www.youtube.com\/watch?v=LVAfqiVM9qw#t=20 <\/a><\/p>\n<p style=\"text-align: justify;\">La iniciativa, presentada por la directora del IAM, Silvia O\u00f1ate, y el director de Participaci\u00f3n y Equidad de Educaci\u00f3n, Diego Ramos, constituye la campa\u00f1a que, con motivo del 8 de marzo, D\u00eda Internacional de las Mujeres, desarrolla cada a\u00f1o el IAM en el \u00e1mbito educativo, y que en esta edici\u00f3n se ha querido centrar en la poblaci\u00f3n m\u00e1s peque\u00f1a. El proyecto pretende llegar a los m\u00e1s de 1.800 centros educativos de infantil y primaria de Andaluc\u00eda, con una poblaci\u00f3n objetivo de casi 660.000 ni\u00f1os de entre 3 y 10 a\u00f1os.<\/p>\n<p style=\"text-align: justify;\">La campa\u00f1a da <strong>continuidad<\/strong> a la l\u00ednea de trabajo del IAM del pasado a\u00f1o, en el que se abord\u00f3 <strong>la coeducaci\u00f3n en los cuentos<\/strong>, a trav\u00e9s del material did\u00e1ctico <strong>\u2019El alma de los cuentos\u2019<\/strong>, una gu\u00eda para el profesorado dirigida a analizar, seleccionar y trabajar con cuentos infantiles desde la perspectiva de g\u00e9nero.<\/p>\n<p align=\"justify\"><span style=\"font-family: Times New Roman; font-size: medium;\">AmecoPress.<br \/>\n<strong> <\/strong><\/span><\/p>\n<p>&nbsp;<\/p>\n","protected":false},"excerpt":{"rendered":"<p>La iniciativa, consistente en la edici\u00f3n electr\u00f3nica de una gu\u00eda did\u00e1ctica sobre un cuento, pretende llegar a casi 660.000 menores de 3 a 10 a\u00f1os El Instituto Andaluz de la Mujer (IAM) ha lanzado el proyecto coeducativo \u2019Superlola\u2019, una gu\u00eda &hellip; <a href=\"https:\/\/buenostratos-blog.larioja.org\/?p=490\">Sigue leyendo <span class=\"meta-nav\">&rarr;<\/span><\/a><\/p>\n","protected":false},"author":2,"featured_media":0,"comment_status":"open","ping_status":"closed","sticky":false,"template":"","format":"standard","meta":{"footnotes":""},"categories":[13,1,12],"tags":[],"_links":{"self":[{"href":"https:\/\/buenostratos-blog.larioja.org\/index.php?rest_route=\/wp\/v2\/posts\/490"}],"collection":[{"href":"https:\/\/buenostratos-blog.larioja.org\/index.php?rest_route=\/wp\/v2\/posts"}],"about":[{"href":"https:\/\/buenostratos-blog.larioja.org\/index.php?rest_route=\/wp\/v2\/types\/post"}],"author":[{"embeddable":true,"href":"https:\/\/buenostratos-blog.larioja.org\/index.php?rest_route=\/wp\/v2\/users\/2"}],"replies":[{"embeddable":true,"href":"https:\/\/buenostratos-blog.larioja.org\/index.php?rest_route=%2Fwp%2Fv2%2Fcomments&post=490"}],"version-history":[{"count":3,"href":"https:\/\/buenostratos-blog.larioja.org\/index.php?rest_route=\/wp\/v2\/posts\/490\/revisions"}],"predecessor-version":[{"id":494,"href":"https:\/\/buenostratos-blog.larioja.org\/index.php?rest_route=\/wp\/v2\/posts\/490\/revisions\/494"}],"wp:attachment":[{"href":"https:\/\/buenostratos-blog.larioja.org\/index.php?rest_route=%2Fwp%2Fv2%2Fmedia&parent=490"}],"wp:term":[{"taxonomy":"category","embeddable":true,"href":"https:\/\/buenostratos-blog.larioja.org\/index.php?rest_route=%2Fwp%2Fv2%2Fcategories&post=490"},{"taxonomy":"post_tag","embeddable":true,"href":"https:\/\/buenostratos-blog.larioja.org\/index.php?rest_route=%2Fwp%2Fv2%2Ftags&post=490"}],"curies":[{"name":"wp","href":"https:\/\/api.w.org\/{rel}","templated":true}]}}