{"id":486,"date":"2014-02-24T09:31:45","date_gmt":"2014-02-24T09:31:45","guid":{"rendered":"http:\/\/buenostratos-blog.larioja.org\/?p=486"},"modified":"2019-12-17T11:38:59","modified_gmt":"2019-12-17T11:38:59","slug":"nace-super-valentina","status":"publish","type":"post","link":"https:\/\/buenostratos-blog.larioja.org\/?p=486","title":{"rendered":"Nace S\u00faper Valentina"},"content":{"rendered":"<p style=\"text-align: justify;\">Federaci\u00f3n Mujeres J\u00f3venes ha aprovechado las fechas cercanas al 14 de febrero, d\u00eda de San Valent\u00edn, para presentar a S\u00faper Valentina, la hero\u00edna de c\u00f3mic que combate las trampas del amor rom\u00e1ntico. Lo hace dentro de la campa\u00f1a \u2018Gr\u00e1batelo\u2019 para la prevenci\u00f3n de violencia de g\u00e9nero en la juventud.<\/p>\n<p style=\"text-align: justify;\">El haber elegido esta fecha se debe a que, seg\u00fan la organizaci\u00f3n, en el d\u00eda de San Valent\u00edn se produce una exaltaci\u00f3n del amor en la pareja y se difunden mensajes como \u201c<strong>el amor lo puede todo<\/strong>\u201d, \u201c<strong>quien bien te quiere te har\u00e1 sufrir<\/strong>\u201d o conceptos como \u201c<strong>la media naranja<\/strong>\u201d. Todos ellos son caracter\u00edsticos de un tipo de amor, el denominado \u201c<strong><span style=\"color: #800080;\">amor rom\u00e1ntico<\/span><\/strong>\u201d. Este tipo de amor encierra una serie de trampas que pueden llevar a conductas abusivas, de control y posesi\u00f3n, a la normalizaci\u00f3n del conflicto en las parejas y a la violencia de g\u00e9nero.<br \/>\n<a href=\"http:\/\/buenostratos-blog.larioja.org\/wp-content\/uploads\/2014\/02\/FMJ-SuperValentina_foto-6e771.jpg\"><img loading=\"lazy\" decoding=\"async\" class=\"size-medium wp-image-487 alignright\" alt=\"FMJ-SuperValentina_foto-6e771\" src=\"http:\/\/buenostratos-blog.larioja.org\/wp-content\/uploads\/2014\/02\/FMJ-SuperValentina_foto-6e771-259x300.jpg\" width=\"259\" height=\"300\" srcset=\"https:\/\/buenostratos-blog.larioja.org\/wp-content\/uploads\/2014\/02\/FMJ-SuperValentina_foto-6e771-259x300.jpg 259w, https:\/\/buenostratos-blog.larioja.org\/wp-content\/uploads\/2014\/02\/FMJ-SuperValentina_foto-6e771.jpg 355w\" sizes=\"(max-width: 259px) 100vw, 259px\" \/><\/a><br \/>\n\u201cPor ello, en el marco de nuestra labor profesional de prevenci\u00f3n de la violencia de g\u00e9nero en la juventud, queremos contrarrestar estos mensajes que llevan a relaciones de pareja no sanas y con violencia de g\u00e9nero y pretendemos no s\u00f3lo combatir estas \u201ctrampas del amor rom\u00e1ntico\u201d, sino difundir entre las personas j\u00f3venes ideas de amor m\u00e1s sanas e igualitarias\u201d, explica la Federaci\u00f3n.<\/p>\n<p style=\"text-align: justify;\">Nace as\u00ed S\u00faper Valentina, una figura que conecta con las personas j\u00f3venes a trav\u00e9s de su est\u00e9tica de c\u00f3mic, y que se encargar\u00e1 de <strong>reforzar los mensajes<\/strong> ya presentes en la campa\u00f1a Gr\u00e1batelo: \u201c<strong>Si te sientes mal, es que algo va mal<\/strong>\u201d y \u201c<strong>Los celo<\/strong><strong>s no son amor, son celos<\/strong>\u201d. Asimismo, se transforma la imagen de este d\u00eda a trav\u00e9s de una chica joven, empoderada y fuerte, animando e invitando no s\u00f3lo a las chicas, sino tambi\u00e9n a los chicos, a que se impliquen activamente en la erradicaci\u00f3n de la violencia de g\u00e9nero en la juventud.<\/p>\n<p>S\u00faper Valentina estar\u00e1 presente tambi\u00e9n en el blog de la campa\u00f1a http:\/\/grabatelo.wordpress.com<\/p>\n<p>Amecopress<\/p>\n","protected":false},"excerpt":{"rendered":"<p>Federaci\u00f3n Mujeres J\u00f3venes ha aprovechado las fechas cercanas al 14 de febrero, d\u00eda de San Valent\u00edn, para presentar a S\u00faper Valentina, la hero\u00edna de c\u00f3mic que combate las trampas del amor rom\u00e1ntico. Lo hace dentro de la campa\u00f1a \u2018Gr\u00e1batelo\u2019 para &hellip; <a href=\"https:\/\/buenostratos-blog.larioja.org\/?p=486\">Sigue leyendo <span class=\"meta-nav\">&rarr;<\/span><\/a><\/p>\n","protected":false},"author":2,"featured_media":0,"comment_status":"open","ping_status":"closed","sticky":false,"template":"","format":"standard","meta":{"footnotes":""},"categories":[13,1,12],"tags":[],"_links":{"self":[{"href":"https:\/\/buenostratos-blog.larioja.org\/index.php?rest_route=\/wp\/v2\/posts\/486"}],"collection":[{"href":"https:\/\/buenostratos-blog.larioja.org\/index.php?rest_route=\/wp\/v2\/posts"}],"about":[{"href":"https:\/\/buenostratos-blog.larioja.org\/index.php?rest_route=\/wp\/v2\/types\/post"}],"author":[{"embeddable":true,"href":"https:\/\/buenostratos-blog.larioja.org\/index.php?rest_route=\/wp\/v2\/users\/2"}],"replies":[{"embeddable":true,"href":"https:\/\/buenostratos-blog.larioja.org\/index.php?rest_route=%2Fwp%2Fv2%2Fcomments&post=486"}],"version-history":[{"count":2,"href":"https:\/\/buenostratos-blog.larioja.org\/index.php?rest_route=\/wp\/v2\/posts\/486\/revisions"}],"predecessor-version":[{"id":489,"href":"https:\/\/buenostratos-blog.larioja.org\/index.php?rest_route=\/wp\/v2\/posts\/486\/revisions\/489"}],"wp:attachment":[{"href":"https:\/\/buenostratos-blog.larioja.org\/index.php?rest_route=%2Fwp%2Fv2%2Fmedia&parent=486"}],"wp:term":[{"taxonomy":"category","embeddable":true,"href":"https:\/\/buenostratos-blog.larioja.org\/index.php?rest_route=%2Fwp%2Fv2%2Fcategories&post=486"},{"taxonomy":"post_tag","embeddable":true,"href":"https:\/\/buenostratos-blog.larioja.org\/index.php?rest_route=%2Fwp%2Fv2%2Ftags&post=486"}],"curies":[{"name":"wp","href":"https:\/\/api.w.org\/{rel}","templated":true}]}}