{"id":470,"date":"2014-01-30T11:19:29","date_gmt":"2014-01-30T11:19:29","guid":{"rendered":"http:\/\/buenostratos-blog.larioja.org\/?p=470"},"modified":"2019-12-17T11:38:59","modified_gmt":"2019-12-17T11:38:59","slug":"feliz-dia-de-la-paz","status":"publish","type":"post","link":"https:\/\/buenostratos-blog.larioja.org\/?p=470","title":{"rendered":"Feliz d\u00eda de la Paz"},"content":{"rendered":"<p style=\"text-align: justify;\"><a href=\"http:\/\/buenostratos-blog.larioja.org\/wp-content\/uploads\/2014\/01\/dia-de-la-paz.jpg\"><img loading=\"lazy\" decoding=\"async\" class=\"size-medium wp-image-471 alignright\" alt=\"dia de la paz\" src=\"http:\/\/buenostratos-blog.larioja.org\/wp-content\/uploads\/2014\/01\/dia-de-la-paz-300x189.jpg\" width=\"300\" height=\"189\" srcset=\"https:\/\/buenostratos-blog.larioja.org\/wp-content\/uploads\/2014\/01\/dia-de-la-paz-300x189.jpg 300w, https:\/\/buenostratos-blog.larioja.org\/wp-content\/uploads\/2014\/01\/dia-de-la-paz-475x300.jpg 475w, https:\/\/buenostratos-blog.larioja.org\/wp-content\/uploads\/2014\/01\/dia-de-la-paz.jpg 646w\" sizes=\"(max-width: 300px) 100vw, 300px\" \/><\/a>El <strong>D\u00eda Escolar de la No-violencia y la Paz (DENIP)<\/strong> fue declarado por primera vez en 1964. Surge de una iniciativa pionera, no gubernamental, independiente, y voluntaria de Educaci\u00f3n No-violenta y Pacificadora del profesor espa\u00f1ol Lloren\u00e7 Vidal. Su objetivo es la educaci\u00f3n en y para la tolerancia, la solidaridad, la concordia, el respeto a los Derechos Humanos, la no-violencia y la paz. En este d\u00eda, los colegios y centros se convierten en instrumentos de paz y entendimiento entre personas de distinta formaci\u00f3n, raza, cultura y religi\u00f3n. Desde el<strong><span style=\"color: #800080;\"> Programa de Buenos Tratos<\/span><\/strong> os deseamos Feliz d\u00eda de la Paz y os adjuntamos una selecci\u00f3n de contenidos educativos publicados en <a href=\"http:\/\/didactalia.net\/\" target=\"_blank\" rel=\"noopener noreferrer\">Didactalia<\/a>\u00a0 para conmemorar su celebraci\u00f3n.<\/p>\n<p style=\"text-align: justify;\"><a title=\"recursos d\u00eda de la Paz\" href=\"http:\/\/didactalia.net\/comunidad\/materialeducativo\/recurso\/Recursos-educativos-para-el-dia-escolar-de-la-Paz\/f64ae025-13a9-4fad-8c1c-61dd919a46df\">Recursos para d\u00eda de la Paz.<\/a><\/p>\n<p>&nbsp;<\/p>\n","protected":false},"excerpt":{"rendered":"<p>El D\u00eda Escolar de la No-violencia y la Paz (DENIP) fue declarado por primera vez en 1964. Surge de una iniciativa pionera, no gubernamental, independiente, y voluntaria de Educaci\u00f3n No-violenta y Pacificadora del profesor espa\u00f1ol Lloren\u00e7 Vidal. Su objetivo es &hellip; <a href=\"https:\/\/buenostratos-blog.larioja.org\/?p=470\">Sigue leyendo <span class=\"meta-nav\">&rarr;<\/span><\/a><\/p>\n","protected":false},"author":2,"featured_media":0,"comment_status":"open","ping_status":"closed","sticky":false,"template":"","format":"standard","meta":{"footnotes":""},"categories":[13,1],"tags":[],"_links":{"self":[{"href":"https:\/\/buenostratos-blog.larioja.org\/index.php?rest_route=\/wp\/v2\/posts\/470"}],"collection":[{"href":"https:\/\/buenostratos-blog.larioja.org\/index.php?rest_route=\/wp\/v2\/posts"}],"about":[{"href":"https:\/\/buenostratos-blog.larioja.org\/index.php?rest_route=\/wp\/v2\/types\/post"}],"author":[{"embeddable":true,"href":"https:\/\/buenostratos-blog.larioja.org\/index.php?rest_route=\/wp\/v2\/users\/2"}],"replies":[{"embeddable":true,"href":"https:\/\/buenostratos-blog.larioja.org\/index.php?rest_route=%2Fwp%2Fv2%2Fcomments&post=470"}],"version-history":[{"count":6,"href":"https:\/\/buenostratos-blog.larioja.org\/index.php?rest_route=\/wp\/v2\/posts\/470\/revisions"}],"predecessor-version":[{"id":2519,"href":"https:\/\/buenostratos-blog.larioja.org\/index.php?rest_route=\/wp\/v2\/posts\/470\/revisions\/2519"}],"wp:attachment":[{"href":"https:\/\/buenostratos-blog.larioja.org\/index.php?rest_route=%2Fwp%2Fv2%2Fmedia&parent=470"}],"wp:term":[{"taxonomy":"category","embeddable":true,"href":"https:\/\/buenostratos-blog.larioja.org\/index.php?rest_route=%2Fwp%2Fv2%2Fcategories&post=470"},{"taxonomy":"post_tag","embeddable":true,"href":"https:\/\/buenostratos-blog.larioja.org\/index.php?rest_route=%2Fwp%2Fv2%2Ftags&post=470"}],"curies":[{"name":"wp","href":"https:\/\/api.w.org\/{rel}","templated":true}]}}