{"id":463,"date":"2014-01-27T13:15:39","date_gmt":"2014-01-27T13:15:39","guid":{"rendered":"http:\/\/buenostratos-blog.larioja.org\/?p=463"},"modified":"2019-12-17T11:38:59","modified_gmt":"2019-12-17T11:38:59","slug":"exposicion-de-carteles","status":"publish","type":"post","link":"https:\/\/buenostratos-blog.larioja.org\/?p=463","title":{"rendered":"Exposici\u00f3n de carteles"},"content":{"rendered":"<p style=\"text-align: justify;\"><span style=\"color: #800080;\"><strong>Biblioteca de La Rioja del 20 al 31 de enero de 2014<\/strong><\/span><\/p>\n<p style=\"text-align: justify;\">El objetivo fundamental de la iniciativa del concurso de carteles del D\u00eda de la Infancia, el 20 de noviembre promovida por el Gobierno de La Rioja desde 2008, cumple con lo establecido dentro del Plan Integral de Infancia, que procura proporcionar a los menores un mayor conocimiento de sus derechos en cuanto a su contenido y alcance.<\/p>\n<p style=\"text-align: justify;\">La exposici\u00f3n pretende mostrar a sus autores (ni\u00f1os y ni\u00f1as de los colegios participantes), familias y resto de la sociedad riojana el trabajo realizado por los mismos.<\/p>\n<p>En 2013 se trabaj\u00f3 el <span style=\"color: #800080;\"><strong>DERECHO AL AMOR.<\/strong><\/span><br \/>\n<strong>Los colegios pa<a href=\"http:\/\/buenostratos-blog.larioja.org\/wp-content\/uploads\/2014\/01\/concurso-de-carteles.jpg\"><img loading=\"lazy\" decoding=\"async\" class=\"size-medium wp-image-464 alignleft\" alt=\"concurso de carteles\" src=\"http:\/\/buenostratos-blog.larioja.org\/wp-content\/uploads\/2014\/01\/concurso-de-carteles-300x245.jpg\" width=\"300\" height=\"245\" srcset=\"https:\/\/buenostratos-blog.larioja.org\/wp-content\/uploads\/2014\/01\/concurso-de-carteles-300x245.jpg 300w, https:\/\/buenostratos-blog.larioja.org\/wp-content\/uploads\/2014\/01\/concurso-de-carteles-366x300.jpg 366w, https:\/\/buenostratos-blog.larioja.org\/wp-content\/uploads\/2014\/01\/concurso-de-carteles.jpg 380w\" sizes=\"(max-width: 300px) 100vw, 300px\" \/><\/a>rticipantes en 2013<\/strong><\/p>\n<p style=\"text-align: justify;\">Al concurso de carteles se presentaron 40 trabajos realizados por alumnos de 5\u00ba de primaria de 7 colegios de la Comunidad Aut\u00f3noma de La Rioja. El cartel ganador correspondi\u00f3 al C.P.C. Sagrado Coraz\u00f3n de Arnedo.<\/p>\n<p>&nbsp;<\/p>\n<p>El resto de los colegios participantes:<\/p>\n<p>C.P.C. Sagrado Coraz\u00f3n. Jesuitas. Logro\u00f1o.<br \/>\nC.P.C. La Salle-El Pilar. Alfaro.<br \/>\nCRA Alto Cidacos. Arnedillo.<br \/>\nCEIP Varia. Logro\u00f1o.<br \/>\nCPC Los Boscos. Logro\u00f1o.<br \/>\nCEIP \u201cEduardo Gonz\u00e1lez Gallarza\u201d. Rinc\u00f3n de Soto<\/p>\n<p>Estos carteles estar\u00e1n por tanto expuestos en la Biblioteca de La Rioja del 20 al 31 de enero en los siguientes horarios:<\/p>\n<p>De lunes a viernes desde las 18 horas a las 21 horas.<\/p>\n<p style=\"text-align: justify;\">Fines de semana, por la ma\u00f1ana desde las 10 horas a las 14 horas y por la tarde desde las 17 horas a las 20 horas.<\/p>\n","protected":false},"excerpt":{"rendered":"<p>Biblioteca de La Rioja del 20 al 31 de enero de 2014 El objetivo fundamental de la iniciativa del concurso de carteles del D\u00eda de la Infancia, el 20 de noviembre promovida por el Gobierno de La Rioja desde 2008, &hellip; <a href=\"https:\/\/buenostratos-blog.larioja.org\/?p=463\">Sigue leyendo <span class=\"meta-nav\">&rarr;<\/span><\/a><\/p>\n","protected":false},"author":2,"featured_media":0,"comment_status":"open","ping_status":"closed","sticky":false,"template":"","format":"standard","meta":{"footnotes":""},"categories":[1,5,12],"tags":[],"_links":{"self":[{"href":"https:\/\/buenostratos-blog.larioja.org\/index.php?rest_route=\/wp\/v2\/posts\/463"}],"collection":[{"href":"https:\/\/buenostratos-blog.larioja.org\/index.php?rest_route=\/wp\/v2\/posts"}],"about":[{"href":"https:\/\/buenostratos-blog.larioja.org\/index.php?rest_route=\/wp\/v2\/types\/post"}],"author":[{"embeddable":true,"href":"https:\/\/buenostratos-blog.larioja.org\/index.php?rest_route=\/wp\/v2\/users\/2"}],"replies":[{"embeddable":true,"href":"https:\/\/buenostratos-blog.larioja.org\/index.php?rest_route=%2Fwp%2Fv2%2Fcomments&post=463"}],"version-history":[{"count":4,"href":"https:\/\/buenostratos-blog.larioja.org\/index.php?rest_route=\/wp\/v2\/posts\/463\/revisions"}],"predecessor-version":[{"id":468,"href":"https:\/\/buenostratos-blog.larioja.org\/index.php?rest_route=\/wp\/v2\/posts\/463\/revisions\/468"}],"wp:attachment":[{"href":"https:\/\/buenostratos-blog.larioja.org\/index.php?rest_route=%2Fwp%2Fv2%2Fmedia&parent=463"}],"wp:term":[{"taxonomy":"category","embeddable":true,"href":"https:\/\/buenostratos-blog.larioja.org\/index.php?rest_route=%2Fwp%2Fv2%2Fcategories&post=463"},{"taxonomy":"post_tag","embeddable":true,"href":"https:\/\/buenostratos-blog.larioja.org\/index.php?rest_route=%2Fwp%2Fv2%2Ftags&post=463"}],"curies":[{"name":"wp","href":"https:\/\/api.w.org\/{rel}","templated":true}]}}