{"id":454,"date":"2014-01-24T10:22:04","date_gmt":"2014-01-24T10:22:04","guid":{"rendered":"http:\/\/buenostratos-blog.larioja.org\/?p=454"},"modified":"2019-12-17T11:38:59","modified_gmt":"2019-12-17T11:38:59","slug":"mujer-mariposa","status":"publish","type":"post","link":"https:\/\/buenostratos-blog.larioja.org\/?p=454","title":{"rendered":"\u00abMujer Mariposa\u00bb"},"content":{"rendered":"<p><strong><span style=\"color: #800080;\">Una exposici\u00f3n a favor de la lucha contra la violencia de g\u00e9nero<\/span><\/strong><\/p>\n<p style=\"text-align: justify;\">La Posada del Drag\u00f3n, situada en el madrile\u00f1o barrio de La Latina, acoge desde el d\u00eda 9 de enero un proyecto fotogr\u00e1fico llevado a cabo por cuatro mujeres, que se origin\u00f3 como una iniciativa en contra de la violencia de g\u00e9nero y los malos tratos. \u2018Mujer Mariposa\u2019 representa, a trav\u00e9s de 55 instant\u00e1neas, las alas de la libertad. Se podr\u00e1 visitar hasta el 9 de marzo.<\/p>\n<p style=\"text-align: justify;\">La idea surge a ra\u00edz de un proyecto de la Caravana, una asociaci\u00f3n que \u201cimpulsa un rinc\u00f3n de creaci\u00f3n\u201d y que dirigen cuatro mujeres: Elisa Bartolom\u00e9, Carmen Hache, Mela Revuelta y Rosa Mart\u00ednez. A trav\u00e9s de las redes sociales, invitaron a sus conocidos a que enviasen sus proyectos sobre violencia de g\u00e9nero \u201cdesde<a href=\"http:\/\/buenostratos-blog.larioja.org\/wp-content\/uploads\/2014\/01\/mariposas-1.jpg\"><img loading=\"lazy\" decoding=\"async\" class=\"size-medium wp-image-455 alignright\" alt=\"mariposas 1\" src=\"http:\/\/buenostratos-blog.larioja.org\/wp-content\/uploads\/2014\/01\/mariposas-1-300x194.jpg\" width=\"300\" height=\"194\" srcset=\"https:\/\/buenostratos-blog.larioja.org\/wp-content\/uploads\/2014\/01\/mariposas-1-300x194.jpg 300w, https:\/\/buenostratos-blog.larioja.org\/wp-content\/uploads\/2014\/01\/mariposas-1-463x300.jpg 463w, https:\/\/buenostratos-blog.larioja.org\/wp-content\/uploads\/2014\/01\/mariposas-1.jpg 480w\" sizes=\"(max-width: 300px) 100vw, 300px\" \/><\/a> un punto de vista positivo\u201d. En tres d\u00edas 30 personas (27 mujeres y dos hombres) mandaron 55 fotograf\u00edas y sin pretenderlo, organizaron esta muestra. Pero lo que surgi\u00f3 como algo puntual, para un evento organizado en la sala Reciclaje de Guadarrama, est\u00e1 teniendo una repercusi\u00f3n inesperada. Hasta marzo, las fotograf\u00edas cuelgan de unas cuerdas a lo largo de tres plantas del edificio madrile\u00f1o.<\/p>\n<p style=\"text-align: justify;\"><strong>\u00abMujer Mariposa\u00bb<\/strong>, inspirada en una canci\u00f3n de Mario San Miguel, un cantautor c\u00e1ntabro, denuncia las situaciones de violencia de g\u00e9nero y <strong>anima a dejar de sentirse \u00abgusano\u00bb para convertirse en \u00abmariposa\u00bb.<\/strong> Uno de sus versos sirve de lema. Dice as\u00ed: \u201cDesplegar las alas va a doler pero es el precio que pagas para crecer\u201d.<\/p>\n<p style=\"text-align: justify;\">Las responsables de la exposici\u00f3n creen en la fuerza de la fotograf\u00eda para dejar constancia de este problema. \u201cQuer\u00edamos tocar el tema del maltrato, pero desde un punto de vista diferente al habitual\u201d, explica Rosa Mart\u00ednez en una entrevista con AmecoPress, \u201cqueremos expresar qu<a href=\"http:\/\/buenostratos-blog.larioja.org\/wp-content\/uploads\/2014\/01\/Mariposas.jpg\"><img loading=\"lazy\" decoding=\"async\" class=\"size-medium wp-image-456 alignleft\" alt=\"Mariposas\" src=\"http:\/\/buenostratos-blog.larioja.org\/wp-content\/uploads\/2014\/01\/Mariposas-300x191.jpg\" width=\"300\" height=\"191\" srcset=\"https:\/\/buenostratos-blog.larioja.org\/wp-content\/uploads\/2014\/01\/Mariposas-300x191.jpg 300w, https:\/\/buenostratos-blog.larioja.org\/wp-content\/uploads\/2014\/01\/Mariposas-468x300.jpg 468w, https:\/\/buenostratos-blog.larioja.org\/wp-content\/uploads\/2014\/01\/Mariposas.jpg 486w\" sizes=\"(max-width: 300px) 100vw, 300px\" \/><\/a>e es posible salir de la situaci\u00f3n de violencia, que es posible cambiar\u201d.<\/p>\n<p style=\"text-align: justify;\">Pero no solo persiguen denunciar esta lacra, sino aportar una visi\u00f3n reflexiva y un mensaje de \u00e1nimo a quien contemple las im\u00e1genes y que las fotograf\u00edas ayuden. \u201cMucha gente nos agradece las sensaciones de tranquilidad que ha experimentado al ver las fotograf\u00edas\u201d, comparte Rosa, y a\u00f1ade \u201csolo con que la exposici\u00f3n ayude a alguien a salir del maltrato, ser\u00e1 un \u00e9xito\u201d.<\/p>\n<p style=\"text-align: justify;\">Muchas de las fotograf\u00edas son autorretratos, que expresan lo que las autoras sienten ante el maltrato. Otras recogen la imagen de mujeres en distintos contextos: rodeadas de naturaleza, escondidas tras una ventana o ante una m\u00e1quina de escribir. Todas con algo en com\u00fan: mariposas. Con ganas de volar.<\/p>\n<p>Las im\u00e1genes pueden verse en:<br \/>\n<a title=\"Mujer Mariposa\" href=\" http:\/\/www.youtube.com\/watch?feature=player_embedded&amp;v=7aN8sH_F70U \">Mujer mariposa<\/a><br \/>\nAmecopress<\/p>\n","protected":false},"excerpt":{"rendered":"<p>Una exposici\u00f3n a favor de la lucha contra la violencia de g\u00e9nero La Posada del Drag\u00f3n, situada en el madrile\u00f1o barrio de La Latina, acoge desde el d\u00eda 9 de enero un proyecto fotogr\u00e1fico llevado a cabo por cuatro mujeres, &hellip; <a href=\"https:\/\/buenostratos-blog.larioja.org\/?p=454\">Sigue leyendo <span class=\"meta-nav\">&rarr;<\/span><\/a><\/p>\n","protected":false},"author":2,"featured_media":0,"comment_status":"open","ping_status":"closed","sticky":false,"template":"","format":"standard","meta":{"footnotes":""},"categories":[13,1,5],"tags":[],"_links":{"self":[{"href":"https:\/\/buenostratos-blog.larioja.org\/index.php?rest_route=\/wp\/v2\/posts\/454"}],"collection":[{"href":"https:\/\/buenostratos-blog.larioja.org\/index.php?rest_route=\/wp\/v2\/posts"}],"about":[{"href":"https:\/\/buenostratos-blog.larioja.org\/index.php?rest_route=\/wp\/v2\/types\/post"}],"author":[{"embeddable":true,"href":"https:\/\/buenostratos-blog.larioja.org\/index.php?rest_route=\/wp\/v2\/users\/2"}],"replies":[{"embeddable":true,"href":"https:\/\/buenostratos-blog.larioja.org\/index.php?rest_route=%2Fwp%2Fv2%2Fcomments&post=454"}],"version-history":[{"count":5,"href":"https:\/\/buenostratos-blog.larioja.org\/index.php?rest_route=\/wp\/v2\/posts\/454\/revisions"}],"predecessor-version":[{"id":461,"href":"https:\/\/buenostratos-blog.larioja.org\/index.php?rest_route=\/wp\/v2\/posts\/454\/revisions\/461"}],"wp:attachment":[{"href":"https:\/\/buenostratos-blog.larioja.org\/index.php?rest_route=%2Fwp%2Fv2%2Fmedia&parent=454"}],"wp:term":[{"taxonomy":"category","embeddable":true,"href":"https:\/\/buenostratos-blog.larioja.org\/index.php?rest_route=%2Fwp%2Fv2%2Fcategories&post=454"},{"taxonomy":"post_tag","embeddable":true,"href":"https:\/\/buenostratos-blog.larioja.org\/index.php?rest_route=%2Fwp%2Fv2%2Ftags&post=454"}],"curies":[{"name":"wp","href":"https:\/\/api.w.org\/{rel}","templated":true}]}}