{"id":424,"date":"2014-01-03T10:52:13","date_gmt":"2014-01-03T10:52:13","guid":{"rendered":"http:\/\/buenostratos-blog.larioja.org\/?p=424"},"modified":"2019-12-17T11:38:59","modified_gmt":"2019-12-17T11:38:59","slug":"la-violencia-machista","status":"publish","type":"post","link":"https:\/\/buenostratos-blog.larioja.org\/?p=424","title":{"rendered":"La violencia machista"},"content":{"rendered":"<p style=\"text-align: justify;\"><strong><span style=\"color: #800080;\">La violencia machista persigue cada vez m\u00e1s a las j\u00f3venes<\/span> <\/strong><\/p>\n<p style=\"text-align: justify;\">\u00abLlevo tiempo con mi pareja. Me trata de una forma que me hace sentir muy mal\u00bb. Con estas palabras u otras parecidas, este es el mensaje m\u00e1s com\u00fan que recibe al otro lado del tel\u00e9fono Julia Yag\u00fce, profesional de un servicio municipal de emergencia para la atenci\u00f3n de v\u00edctimas de violencia de g\u00e9nero. \u00abQuiero separarme pero no tengo recursos para vivir sola\u00bb es tambi\u00e9n el motivo de muchas llamadas.<\/p>\n<p style=\"text-align: justify;\">Todas acuden al servicio desorientadas. No saben qu\u00e9 hacer, aunque la mayor\u00eda ya ha recurrido al m\u00e9dico de cabecera como primera v\u00eda para recibir apoyo profesional. Las mujeres, explica Yag\u00fce, \u00abllegan cargando a la espalda maltrato institucional, incomprensi\u00f3n, aislamiento y mucho miedo\u00bb.<\/p>\n<p style=\"text-align: justify;\">\u00abRecibimos llamadas de chicas j\u00f3venes y tambi\u00e9n de menores de edad. En muchos casos no son ellas quienes acuden, sino sus familiares o amigos, que no saben c\u00f3mo ayudar a que salgan de la espiral de violencia en la que est\u00e1n atrapadas\u00bb, comenta la profesional.<\/p>\n<p style=\"text-align: justify;\">Seg\u00fan datos del informe de la Comisi\u00f3n de Violencia de G\u00e9nero del Consejo Interterritorial de Salud, los servicios sanitarios de las comunidades aut\u00f3nomas detectaron el a\u00f1o pasado 11.995 casos de malos tratos, f\u00edsicos o psicol\u00f3gicos. Un 65% de las atenciones se dieron a mujeres espa\u00f1olas menores de 30 a\u00f1os agredidas por sus parejas; un perfil que confirma el Instituto Nacional de Estad\u00edstica: de las 29.146 mujeres v\u00edctimas de violencia de g\u00e9nero inscritas en el Registro General para la Protecci\u00f3n de las V\u00edctimas de Violencia Dom\u00e9stica, casi un 28% ten\u00eda entre 20 y 29 a\u00f1os.<\/p>\n<p style=\"text-align: justify;\">Entre las mujeres muertas a manos de sus parejas, el porcentaje es similar: de las 48 fallecidas en 2013 (los datos a\u00fan no son definitivos, ya que hay cuatro investigaciones en marcha), 13 ten\u00edan menos de 30 a\u00f1os. De \u00e9stas, dos ten\u00edan entre 17 y 18 a\u00f1os y una, apenas 16.<\/p>\n<p style=\"text-align: justify;\">Todas son cifras que explican la alerta que desde hace meses lanzan asociaciones y expertas en violencia machista: cada vez son m\u00e1s los casos de mujeres j\u00f3venes que sufren control, insultos, amenazas e incluso agresiones por parte de su pareja o expareja.<\/p>\n<p style=\"text-align: justify;\">Entre j\u00f3venes, se\u00f1ala Julia, \u00abhay una gran normalizaci\u00f3n del control a<a href=\"http:\/\/buenostratos-blog.larioja.org\/wp-content\/uploads\/2014\/01\/MENORES-Y-RED.jpg\"><img loading=\"lazy\" decoding=\"async\" class=\"size-medium wp-image-425 alignright\" alt=\"MENORES Y RED\" src=\"http:\/\/buenostratos-blog.larioja.org\/wp-content\/uploads\/2014\/01\/MENORES-Y-RED-300x168.jpg\" width=\"300\" height=\"168\" srcset=\"https:\/\/buenostratos-blog.larioja.org\/wp-content\/uploads\/2014\/01\/MENORES-Y-RED-300x168.jpg 300w, https:\/\/buenostratos-blog.larioja.org\/wp-content\/uploads\/2014\/01\/MENORES-Y-RED-500x281.jpg 500w, https:\/\/buenostratos-blog.larioja.org\/wp-content\/uploads\/2014\/01\/MENORES-Y-RED.jpg 643w\" sizes=\"(max-width: 300px) 100vw, 300px\" \/><\/a> trav\u00e9s de la redes sociales\u00bb. Estos mecanismos \u00abpermiten saber qu\u00e9 hace una persona en cada momento\u00bb y son \u00abun arma muy potente en manos de un maltratador\u00bb. La profesional tambi\u00e9n reconoce que las herramientas para apoyar y ayudar a las mujeres sometidas a estos nuevos patrones de violencia son a\u00fan muy d\u00e9biles porque son conductas que han surgido hace pocos a\u00f1os. \u00abTenemos que ponernos las pilas y prepararnos porque desde hace un tiempo estos casos se multiplican. Las conductas de violencia no han desaparecido, sino que se han transformado\u00bb.<br \/>\n<!--nextpage--><br \/>\nPara erradicar la violencia de g\u00e9nero en j\u00f3venes, lo primero es \u00ab<span style=\"color: #800080;\">centrarse<\/span> en los agentes socializadores\u00bb, es decir, en la <span style=\"color: #800080;\">familia,<\/span> los <span style=\"color: #800080;\">centros educativos<\/span> y los <span style=\"color: #800080;\">medios de<\/span> <span style=\"color: #800080;\">comunicaci\u00f3n<\/span>. As\u00ed lo explica Eva L\u00f3pez, responsable del proyecto Igualmente, desarrollado por la Federaci\u00f3n de Mujeres Progresistas. \u00abEn los colegios e institutos hemos detectado que, al igual que ocurre en la sociedad, <span style=\"color: #800080;\">los adolescentes tienen un discurso pol\u00edticamente correcto e igualitario, pero sus actos no lo son\u00bb<\/span>. En los pasillos, dice, es frecuente observar escenas de posesi\u00f3n entre parejas de menores de 15 a\u00f1os.<\/p>\n<p style=\"text-align: justify;\">Para romper con estos comportamientos, este proyecto ha creado con la participaci\u00f3n activa de chicos y chicas un blog ( Lo digo yo), un documental ( Lo miro yo) y ahora un c\u00f3mic ( \u00bfY t\u00fa qu\u00e9 pintas?). \u00abEstas actividades no pretenden ser dogm\u00e1ticas, sino educar la mirada y permitir a los adolescentes que transmitan en su propio c\u00f3digo y lenguaje qu\u00e9 es lo que les preocupa\u00bb, apunta L\u00f3pez.<\/p>\n<p style=\"text-align: justify;\"><strong><span style=\"color: #800080;\">El mito del amor rom\u00e1ntico<\/span><\/strong><br \/>\nEl mito del amor rom\u00e1ntico sigue muy interiorizado en las chicas m\u00e1s jovenes y cuestiones que se cre\u00edan superadas vuelven a aparecer. El sentimiento de \u00absin ti no soy nada\u00bb subyace en casi todos los casos. Es la propia cultura que consumen, como apunta Julia Yag\u00fce, \u00abla que les manda constantemente ese tipo de mensajes, y no que una relaci\u00f3n de amor y afecto siempre se construye sobre la libertad, el respeto y el apoyo mutuo\u00bb.<\/p>\n<p style=\"text-align: justify;\">Las cifras del INE revelan que en la franja de edad de 25 a 29 a\u00f1os se da la m\u00e1xima tasa, es decir, el pico m\u00e1s alto de v\u00edctimas por cada 100.000 mujeres: 307,8. Muy de cerca en cifras le sigue el tramo anterior de edad (20-24) con una tasa que est\u00e1 por encima de los 292 casos por cada 100.000 mujeres. A partir de los 55 a\u00f1os, sin embargo, las denuncias caen en picado. El n\u00famero se reduce a la mitad con respecto a la franja anterior: de 1.325 v\u00edctimas de entre 50 y 54 a\u00f1os a 604 entre 55 y 59.<\/p>\n<p style=\"text-align: justify;\">La misma tendencia se refleja en las cifras de denuncias, que descendieron en casi un 10% con respecto a 2011. Inmaculada Montalb\u00e1n, presidenta del Observatorio contra la Violencia de G\u00e9nero, se\u00f1ala que esta ca\u00edda puede deberse al impacto de la crisis, tanto en la v\u00edctima como en su familia; una situaci\u00f3n de insuficiencia econ\u00f3mica que no ayuda a que las mujeres salgan de la espiral del silencio. \u00abMuchas temen por su futuro y deciden aguantar ante la incertidumbre que les espera\u00bb.<\/p>\n<p style=\"text-align: justify;\">Otras mujeres, cuya integridad f\u00edsica est\u00e1 en riesgo, entran en un centro de alojamiento en el que pueden permanecer por un m\u00e1ximo de tres meses. \u00abDejar tu casa, cambiar de barrio o incluso de ciudad supone un desarraigo tremendo. Si el agresor tiene localizado su lugar de trabajo se les obliga a dejar el empleo como requisito para acceder a estos centros de protecci\u00f3n. En la situaci\u00f3n actual, muchas renuncian a hacerlo\u00bb, dice Julia Yag\u00fce.<\/p>\n<p class=\"bkn dateline fl\"><small class=\"byline\"><a class=\"lnk\" title=\"Sof\u00eda P\u00e9rez Mendoza\" href=\"\/autores\/sofia_perez_mendoza\/\">Sof\u00eda P\u00e9rez Mendoza. eldiario.es<\/a> <\/small><\/p>\n","protected":false},"excerpt":{"rendered":"<p>La violencia machista persigue cada vez m\u00e1s a las j\u00f3venes \u00abLlevo tiempo con mi pareja. Me trata de una forma que me hace sentir muy mal\u00bb. Con estas palabras u otras parecidas, este es el mensaje m\u00e1s com\u00fan que recibe &hellip; <a href=\"https:\/\/buenostratos-blog.larioja.org\/?p=424\">Sigue leyendo <span class=\"meta-nav\">&rarr;<\/span><\/a><\/p>\n","protected":false},"author":2,"featured_media":0,"comment_status":"open","ping_status":"closed","sticky":false,"template":"","format":"standard","meta":{"footnotes":""},"categories":[1],"tags":[],"_links":{"self":[{"href":"https:\/\/buenostratos-blog.larioja.org\/index.php?rest_route=\/wp\/v2\/posts\/424"}],"collection":[{"href":"https:\/\/buenostratos-blog.larioja.org\/index.php?rest_route=\/wp\/v2\/posts"}],"about":[{"href":"https:\/\/buenostratos-blog.larioja.org\/index.php?rest_route=\/wp\/v2\/types\/post"}],"author":[{"embeddable":true,"href":"https:\/\/buenostratos-blog.larioja.org\/index.php?rest_route=\/wp\/v2\/users\/2"}],"replies":[{"embeddable":true,"href":"https:\/\/buenostratos-blog.larioja.org\/index.php?rest_route=%2Fwp%2Fv2%2Fcomments&post=424"}],"version-history":[{"count":5,"href":"https:\/\/buenostratos-blog.larioja.org\/index.php?rest_route=\/wp\/v2\/posts\/424\/revisions"}],"predecessor-version":[{"id":430,"href":"https:\/\/buenostratos-blog.larioja.org\/index.php?rest_route=\/wp\/v2\/posts\/424\/revisions\/430"}],"wp:attachment":[{"href":"https:\/\/buenostratos-blog.larioja.org\/index.php?rest_route=%2Fwp%2Fv2%2Fmedia&parent=424"}],"wp:term":[{"taxonomy":"category","embeddable":true,"href":"https:\/\/buenostratos-blog.larioja.org\/index.php?rest_route=%2Fwp%2Fv2%2Fcategories&post=424"},{"taxonomy":"post_tag","embeddable":true,"href":"https:\/\/buenostratos-blog.larioja.org\/index.php?rest_route=%2Fwp%2Fv2%2Ftags&post=424"}],"curies":[{"name":"wp","href":"https:\/\/api.w.org\/{rel}","templated":true}]}}