{"id":2293,"date":"2019-01-11T10:03:23","date_gmt":"2019-01-11T10:03:23","guid":{"rendered":"http:\/\/buenostratos-blog.larioja.org\/?p=2293"},"modified":"2019-12-17T11:38:19","modified_gmt":"2019-12-17T11:38:19","slug":"iv-plan-de-infancia-y-adolescencia","status":"publish","type":"post","link":"https:\/\/buenostratos-blog.larioja.org\/?p=2293","title":{"rendered":"IV Plan de Infancia y Adolescencia."},"content":{"rendered":"\n<p>El Consejo de Gobierno ha aprobado, en su reuni\u00f3n de hoy, el IV Plan de Infancia y Adolescencia de La Rioja con enfoque basado en derechos humanos 2018-2021, que sit\u00faa al menor en el centro de las pol\u00edticas p\u00fablicas, como titular de derechos y sujeto activo.<\/p>\n\n\n\n<p>La portavoz del Gobierno de La Rioja, Bego\u00f1a Mart\u00ednez Arregui, ha explicado que el objetivo de este documento es \u201csituar a este colectivo, al de ni\u00f1as, ni\u00f1os y adolescentes, en el centro de la vida pol\u00edtica de nuestra comunidad\u201d, para lo que cuenta con un presupuesto de 146.389.266,69 euros.<br \/> <\/p>\n\n\n\n<p>\u201cEl IV Plan de Infancia y Adolescencia se encuentra alineado con los Objetivos de Desarrollo Sostenible (ODS)\u201d, ha detallado la portavoz, que como ha explicado \u201cpromueven los derechos de la infancia y suponen una oportunidad para proteger a todos los ni\u00f1os y ni\u00f1as porque garantizar el bienestar de la infancia es una condici\u00f3n esencial para cumplir la Agenda 2030\u201d. Adem\u00e1s, hacer realidad los ODS es una apuesta por un modelo social y pol\u00edtico que pone en el centro a los menores, en especial a los m\u00e1s vulnerables.<\/p>\n\n\n\n<p>Respecto al proceso de elaboraci\u00f3n del plan, ha aclarado que se ha dise\u00f1ado tras la elaboraci\u00f3n de la Estrategia en materia de Infancia y Adolescencia del Gobierno regional y cuya redacci\u00f3n se ha desarrollado de forma paralela a la revisi\u00f3n de la nueva Ley de Protecci\u00f3n de Menores de La Rioja, con el objetivo de conseguir la m\u00e1xima coherencia entre ambos instrumentos.<\/p>\n\n\n\n<p>En la creaci\u00f3n del plan ha participado un grupo de trabajo dirigido por profesores de la C\u00e1tedra Unesco de La Universidad de La Rioja y compuesto por las principales ONG que trabajan con la infancia como son Unicef, Cruz Roja, Ymca, Apir y Pioneros, adem\u00e1s de t\u00e9cnicos de las consejer\u00edas de Pol\u00edticas Sociales, Salud y Educaci\u00f3n.<\/p>\n\n\n\n<p>En esta l\u00ednea, ha resaltado el car\u00e1cter transversal del texto, que ha contado con la implicaci\u00f3n de todo el Gobierno regional, \u201cen concreto, son 17 las direcciones generales que han colaborado en la identificaci\u00f3n de pol\u00edticas de infancia que ya se estaban desarrollando y han marcado objetivos espec\u00edficos y \u00e1reas de actuaci\u00f3n\u201d, ha afirmado.<\/p>\n\n\n\n<p>Asimismo, para la elaboraci\u00f3n del plan se ha llevado a cabo un proceso participativo previo que ha contado con una amplia muestra de ni\u00f1os, ni\u00f1as y adolescentes que, a trav\u00e9s de unos cuestionarios entregados en sus centros educativos y organizaciones a las que pertenecen, han podido expresar sus necesidades y expectativas en relaci\u00f3n a los temas que les afectan. \u201cDe esta forma, se han convertido en sujetos activos de las pol\u00edticas p\u00fablicas, que no s\u00f3lo se ven representados sino que participan en los procesos que les afectan\u201d, ha subrayado la consejera.<\/p>\n\n\n\n<p>Fuente:https:\/\/actualidad.larioja.org<\/p>\n","protected":false},"excerpt":{"rendered":"<p>El Consejo de Gobierno ha aprobado, en su reuni\u00f3n de hoy, el IV Plan de Infancia y Adolescencia de La Rioja con enfoque basado en derechos humanos 2018-2021, que sit\u00faa al menor en el centro de las pol\u00edticas p\u00fablicas, como &hellip; <a href=\"https:\/\/buenostratos-blog.larioja.org\/?p=2293\">Sigue leyendo <span class=\"meta-nav\">&rarr;<\/span><\/a><\/p>\n","protected":false},"author":2,"featured_media":0,"comment_status":"open","ping_status":"closed","sticky":false,"template":"","format":"standard","meta":{"footnotes":""},"categories":[1],"tags":[],"_links":{"self":[{"href":"https:\/\/buenostratos-blog.larioja.org\/index.php?rest_route=\/wp\/v2\/posts\/2293"}],"collection":[{"href":"https:\/\/buenostratos-blog.larioja.org\/index.php?rest_route=\/wp\/v2\/posts"}],"about":[{"href":"https:\/\/buenostratos-blog.larioja.org\/index.php?rest_route=\/wp\/v2\/types\/post"}],"author":[{"embeddable":true,"href":"https:\/\/buenostratos-blog.larioja.org\/index.php?rest_route=\/wp\/v2\/users\/2"}],"replies":[{"embeddable":true,"href":"https:\/\/buenostratos-blog.larioja.org\/index.php?rest_route=%2Fwp%2Fv2%2Fcomments&post=2293"}],"version-history":[{"count":2,"href":"https:\/\/buenostratos-blog.larioja.org\/index.php?rest_route=\/wp\/v2\/posts\/2293\/revisions"}],"predecessor-version":[{"id":2296,"href":"https:\/\/buenostratos-blog.larioja.org\/index.php?rest_route=\/wp\/v2\/posts\/2293\/revisions\/2296"}],"wp:attachment":[{"href":"https:\/\/buenostratos-blog.larioja.org\/index.php?rest_route=%2Fwp%2Fv2%2Fmedia&parent=2293"}],"wp:term":[{"taxonomy":"category","embeddable":true,"href":"https:\/\/buenostratos-blog.larioja.org\/index.php?rest_route=%2Fwp%2Fv2%2Fcategories&post=2293"},{"taxonomy":"post_tag","embeddable":true,"href":"https:\/\/buenostratos-blog.larioja.org\/index.php?rest_route=%2Fwp%2Fv2%2Ftags&post=2293"}],"curies":[{"name":"wp","href":"https:\/\/api.w.org\/{rel}","templated":true}]}}