{"id":2203,"date":"2018-10-17T10:08:16","date_gmt":"2018-10-17T10:08:16","guid":{"rendered":"http:\/\/buenostratos-blog.larioja.org\/?p=2203"},"modified":"2019-12-17T11:38:20","modified_gmt":"2019-12-17T11:38:20","slug":"los-patios-de-los-colegios-se-reinventan","status":"publish","type":"post","link":"https:\/\/buenostratos-blog.larioja.org\/?p=2203","title":{"rendered":"Los patios de los colegios se reinventan."},"content":{"rendered":"<p style=\"text-align: justify;\">Os adjuntamos este art\u00edculo de algunas experiencias realizadas en varios colegios de Logro\u00f1o, por si os puede resultar de inter\u00e9s:<\/p>\n<div class=\"col-xs-12 col-sm-8 text-center\">\n<h2 class=\"intro\" style=\"text-align: justify;\"><span style=\"color: #800080;\">Varios colegios riojanos han comenzado proyectos para conseguir que los ni\u00f1os descubran otros juegos.\u00a0<\/span><\/h2>\n<\/div>\n<div class=\"col-xs-12 col-sm-8\"><img decoding=\"async\" class=\"img-responsive imagen\" title=\"juegos, calder\u00f3n, patio, ni\u00f1os\" src=\"https:\/\/www.rioja2.com\/images\/noticias\/70775\/recortes\/12x5-juegos-calderon-patio-ninos.jpg\" alt=\"juegos, calder\u00f3n, patio, ni\u00f1os\" \/><\/div>\n<div>\n<p style=\"text-align: justify;\">Cuando llega la hora del recreo en la mayor\u00eda de los patios de colegios se repite la misma escena: ni\u00f1os ocupando casi todo el espacio jugando al f\u00fatbol y ni\u00f1as en las orillas en peque\u00f1os corros. Una situaci\u00f3n que ha llevado a varios colegios a reinventar sus patios para hacerlos m\u00e1s cooperativos e inclusivos. En La Rioja, centros como <span style=\"color: #800080;\">Navarrete el Mundo y Caballero de la Rosa en Logro\u00f1o, y Villa Patro, en Lardero,<\/span> ya se han puesto manos a la obra para acabar con esta dictadura.<\/p>\n<p style=\"text-align: justify;\">Y es que las opciones de juego, m\u00e1s all\u00e1 del f\u00fatbol y el baloncesto, brillan por su ausencia. Esta omnipresencia del llamado deporte rey <span style=\"color: #800080;\">potencia las desigualdades<\/span> entre ni\u00f1os y ni\u00f1as, ya que son pocas las que se animan a darle al bal\u00f3n, adem\u00e1s de que <span style=\"color: #800080;\">limita el desarrollo de otras habilidades<\/span>. En el <span style=\"color: #800080;\">CEIP Caballero de la Rosa<\/span> se dieron cuenta de esta desigualdad y desde hace a\u00f1os <span style=\"color: #800080;\">apuestan por los &#8216;recreos cooperativos&#8217;.<\/span> \u00abSe ofrece a los alumnos la posibilidad de participar en juegos tradicionales, zancos, paraca\u00eddas, sillas musicales&#8230; Todos ellos sin puntuaci\u00f3n, no gana ni pierde nadie\u00bb, explica el director, Roberto Mart\u00ednez.<\/p>\n<p><span style=\"color: #800080;\"><strong>El patio del colegio, un espacio de desigualdad entre ni\u00f1os y ni\u00f1as<\/strong><\/span><\/p>\n<p style=\"text-align: justify;\">Adem\u00e1s, una vez al mes organizan el <span style=\"color: #800080;\">concurso &#8216;T\u00fa s\u00ed que vales&#8217;<\/span>, donde los ni\u00f1os pueden realizar actuaciones, bailes&#8230; Todo el colegio asiste y los jueces son profesores. \u00abHay cr\u00edos que tienen habilidades art\u00edsticas y no deportivas y con esta actividad sus compa\u00f1eros ven que el torpe jugando al f\u00fatbol es bueno bailando, por ejemplo\u00bb.<\/p>\n<p style=\"text-align: justify;\">\u00abEl objetivo es intentar que los ni\u00f1os tengan un <span style=\"color: #800080;\">abanico grande de actividades<\/span> para que no se queden s\u00f3lo con el f\u00fatbol\u00bb, subraya Mart\u00ednez, quien tambi\u00e9n pone el foco en el otro entretenimiento por excelencia de los ni\u00f1os de hoy en d\u00eda: las nuevas tecnolog\u00edas. \u00abHay ni\u00f1os que salen a la calle y est\u00e1n todo el rato con el m\u00f3vil\u00bb.<\/p>\n<p><strong><span style=\"color: #800080;\">Tambi\u00e9n en Villa Patro y en Navarrete el Mudo<\/span><\/strong><\/p>\n<p style=\"text-align: justify;\">En la misma l\u00ednea trabaja tambi\u00e9n el <span style=\"color: #800080;\">CEIP Villa Patro,<\/span> en Lardero. Han decidido aprovechar las obras de reforma que realizar\u00e1n pr\u00f3ximamente para <span style=\"color: #800080;\">crear un patio \u00abdiferente, m\u00e1s pedag\u00f3gico e inclusivo\u00bb<\/span>. Su directora, Paula Santo Domingo, detalla que quieren \u00ab<span style=\"color: #800080;\">darle una vuelta a los recretos, para apostar por desarrollo de ni\u00f1os y ni\u00f1as en todos los niveles y evitar la discriminaci\u00f3n<\/span> que se crea con el campo de f\u00fatbol ocupando todo el patio\u00bb.<\/p>\n<p>La idea es que a finales de noviembre o principios de diciembre comiencen las obras, con lo que en el primer trimestre ya esperan poder hacer uso del nuevo recinto.<\/p>\n<p style=\"text-align: justify;\">En el <span style=\"color: #800080;\">Navarrete el Mudo,<\/span> por su parte, han buscado asesoramiento para reinventar su patio. Han contado con los fundadores del <span style=\"color: #800080;\">proyecto &#8216;El Nou Safareig&#8217;,<\/span> quienes han visitado el colegio para <span style=\"color: #800080;\">transformar su espacio exterior en un nuevo espacio educativo<\/span> y crear entornos naturales de salud y bienestar.<\/p>\n<p style=\"text-align: justify;\">Proyectos que se suman a los que ya se est\u00e1n llevando a cabo por todo el pa\u00eds para acabar con la hegemon\u00eda de la pelota.<span style=\"color: #800080;\"><strong> Y es que el patio tambi\u00e9n es un espacio educativo a tener en cuenta.<\/strong><\/span><\/p>\n<p>Fuente:www.rioja2.com<\/p>\n<\/div>\n","protected":false},"excerpt":{"rendered":"<p>Os adjuntamos este art\u00edculo de algunas experiencias realizadas en varios colegios de Logro\u00f1o, por si os puede resultar de inter\u00e9s: Varios colegios riojanos han comenzado proyectos para conseguir que los ni\u00f1os descubran otros juegos.\u00a0 Cuando llega la hora del recreo &hellip; <a href=\"https:\/\/buenostratos-blog.larioja.org\/?p=2203\">Sigue leyendo <span class=\"meta-nav\">&rarr;<\/span><\/a><\/p>\n","protected":false},"author":2,"featured_media":0,"comment_status":"open","ping_status":"closed","sticky":false,"template":"","format":"standard","meta":{"footnotes":""},"categories":[13,1],"tags":[],"_links":{"self":[{"href":"https:\/\/buenostratos-blog.larioja.org\/index.php?rest_route=\/wp\/v2\/posts\/2203"}],"collection":[{"href":"https:\/\/buenostratos-blog.larioja.org\/index.php?rest_route=\/wp\/v2\/posts"}],"about":[{"href":"https:\/\/buenostratos-blog.larioja.org\/index.php?rest_route=\/wp\/v2\/types\/post"}],"author":[{"embeddable":true,"href":"https:\/\/buenostratos-blog.larioja.org\/index.php?rest_route=\/wp\/v2\/users\/2"}],"replies":[{"embeddable":true,"href":"https:\/\/buenostratos-blog.larioja.org\/index.php?rest_route=%2Fwp%2Fv2%2Fcomments&post=2203"}],"version-history":[{"count":1,"href":"https:\/\/buenostratos-blog.larioja.org\/index.php?rest_route=\/wp\/v2\/posts\/2203\/revisions"}],"predecessor-version":[{"id":2204,"href":"https:\/\/buenostratos-blog.larioja.org\/index.php?rest_route=\/wp\/v2\/posts\/2203\/revisions\/2204"}],"wp:attachment":[{"href":"https:\/\/buenostratos-blog.larioja.org\/index.php?rest_route=%2Fwp%2Fv2%2Fmedia&parent=2203"}],"wp:term":[{"taxonomy":"category","embeddable":true,"href":"https:\/\/buenostratos-blog.larioja.org\/index.php?rest_route=%2Fwp%2Fv2%2Fcategories&post=2203"},{"taxonomy":"post_tag","embeddable":true,"href":"https:\/\/buenostratos-blog.larioja.org\/index.php?rest_route=%2Fwp%2Fv2%2Ftags&post=2203"}],"curies":[{"name":"wp","href":"https:\/\/api.w.org\/{rel}","templated":true}]}}