{"id":2188,"date":"2018-09-24T09:49:18","date_gmt":"2018-09-24T09:49:18","guid":{"rendered":"http:\/\/buenostratos-blog.larioja.org\/?p=2188"},"modified":"2019-12-17T11:38:20","modified_gmt":"2019-12-17T11:38:20","slug":"titulo-de-fp-en-promocion-de-la-igualdad-de-genero","status":"publish","type":"post","link":"https:\/\/buenostratos-blog.larioja.org\/?p=2188","title":{"rendered":"T\u00edtulo de FP en Promoci\u00f3n de la Igualdad de G\u00e9nero."},"content":{"rendered":"<p style=\"text-align: justify;\">La Comunidad de Madrid crea por primera vez un<span style=\"color: #800080;\"><strong> t\u00edtulo de Formaci\u00f3n Profesional (FP) de grado superior en Promoci\u00f3n de la Igualdad de G\u00e9nero,<\/strong><\/span> que tendr\u00e1 dos a\u00f1os de duraci\u00f3n y se impartir\u00e1 este mismo curso 2018-19 en el IES Barrio de Bilbao de la capital.<\/p>\n<p style=\"text-align: justify;\">El Consejo de Gobierno regional ha aprobado hoy el plan de estudios de ese t\u00edtulo de T\u00e9cnico Superior, que tendr\u00e1 un total de <span style=\"color: #800080;\">2.000 horas lectivas<\/span> y dotar\u00e1 a los alumnos de <span style=\"color: #800080;\">\u00ablas capacidades para que puedan prestar servicios de igualdad de g\u00e9nero, tanto en el \u00e1mbito p\u00fablico como privado en instituciones y entidades que prestan servicios para hacer efectiva la igualdad entre hombres y mujeres\u00bb.<\/span><\/p>\n<p style=\"text-align: justify;\">El curr\u00edculo contar\u00e1 con <span style=\"color: #800080;\">14 m\u00f3dulos<\/span> que tratar\u00e1n asuntos como \u00abla promoci\u00f3n del empleo femenino, las habilidades sociales, la participaci\u00f3n social de las mujeres, prevenci\u00f3n de la violencia, formaci\u00f3n y promoci\u00f3n laboral o la comunicaci\u00f3n con perspectiva de g\u00e9nero\u00bb.<\/p>\n<p style=\"text-align: justify;\">Adem\u00e1s, la Comunidad de Madrid incorporar\u00e1 a este ciclo una asignatura de lengua extranjera profesional con el objetivo de mejorar las competencias de los estudiantes para facilitar su inserci\u00f3n en el mercado laboral.<\/p>\n<p style=\"text-align: justify;\">\u00abLa Comunidad desarrolla multitud de acciones en los centros docentes con el fin de <span style=\"color: #800080;\">fomentar la educaci\u00f3n en igualdad<\/span> y fomentar que hombres y mujeres tengan las mismas oportunidades\u00bb, ha dicho el el vicepresidente regional y portavoz del gobierno, Pedro Roll\u00e1n, en la rueda de prensa posterior al Consejo.<\/p>\n<p style=\"text-align: justify;\">Con este objetivo, los centros docentes de la regi\u00f3n ofrecen <span style=\"color: #800080;\">dentro de sus curr\u00edculos contenidos transversales que tratan el tema de la igualdad<\/span> de g\u00e9nero en diferentes asignaturas.<\/p>\n<p style=\"text-align: justify;\">Adem\u00e1s, el Gobierno regional ha puesto en marcha durante el pasado curso escolar la asignatura de libre configuraci\u00f3n &#8216;Respeto y Tolerancia&#8217;, que trata entre otros objetivos de concienciar acerca de la igualdad.<\/p>\n<p style=\"text-align: justify;\">En concreto, explica los derechos de las personas y su derecho a no ser discriminados, sea cual sea su lugar de residencia, sexo, origen nacional o \u00e9tnico, color de piel, religi\u00f3n, idioma o cualquier otra condici\u00f3n, como edad, discapacidad, estado de salud, orientaci\u00f3n sexual o identidad de g\u00e9nero.<\/p>\n<p style=\"text-align: justify;\">Fuente: EFE<\/p>\n","protected":false},"excerpt":{"rendered":"<p>La Comunidad de Madrid crea por primera vez un t\u00edtulo de Formaci\u00f3n Profesional (FP) de grado superior en Promoci\u00f3n de la Igualdad de G\u00e9nero, que tendr\u00e1 dos a\u00f1os de duraci\u00f3n y se impartir\u00e1 este mismo curso 2018-19 en el IES &hellip; <a href=\"https:\/\/buenostratos-blog.larioja.org\/?p=2188\">Sigue leyendo <span class=\"meta-nav\">&rarr;<\/span><\/a><\/p>\n","protected":false},"author":2,"featured_media":0,"comment_status":"open","ping_status":"closed","sticky":false,"template":"","format":"standard","meta":{"footnotes":""},"categories":[13,1],"tags":[],"_links":{"self":[{"href":"https:\/\/buenostratos-blog.larioja.org\/index.php?rest_route=\/wp\/v2\/posts\/2188"}],"collection":[{"href":"https:\/\/buenostratos-blog.larioja.org\/index.php?rest_route=\/wp\/v2\/posts"}],"about":[{"href":"https:\/\/buenostratos-blog.larioja.org\/index.php?rest_route=\/wp\/v2\/types\/post"}],"author":[{"embeddable":true,"href":"https:\/\/buenostratos-blog.larioja.org\/index.php?rest_route=\/wp\/v2\/users\/2"}],"replies":[{"embeddable":true,"href":"https:\/\/buenostratos-blog.larioja.org\/index.php?rest_route=%2Fwp%2Fv2%2Fcomments&post=2188"}],"version-history":[{"count":1,"href":"https:\/\/buenostratos-blog.larioja.org\/index.php?rest_route=\/wp\/v2\/posts\/2188\/revisions"}],"predecessor-version":[{"id":2189,"href":"https:\/\/buenostratos-blog.larioja.org\/index.php?rest_route=\/wp\/v2\/posts\/2188\/revisions\/2189"}],"wp:attachment":[{"href":"https:\/\/buenostratos-blog.larioja.org\/index.php?rest_route=%2Fwp%2Fv2%2Fmedia&parent=2188"}],"wp:term":[{"taxonomy":"category","embeddable":true,"href":"https:\/\/buenostratos-blog.larioja.org\/index.php?rest_route=%2Fwp%2Fv2%2Fcategories&post=2188"},{"taxonomy":"post_tag","embeddable":true,"href":"https:\/\/buenostratos-blog.larioja.org\/index.php?rest_route=%2Fwp%2Fv2%2Ftags&post=2188"}],"curies":[{"name":"wp","href":"https:\/\/api.w.org\/{rel}","templated":true}]}}