{"id":2160,"date":"2018-07-26T11:29:25","date_gmt":"2018-07-26T11:29:25","guid":{"rendered":"http:\/\/buenostratos-blog.larioja.org\/?p=2160"},"modified":"2019-12-17T11:38:20","modified_gmt":"2019-12-17T11:38:20","slug":"dia-de-los-abuelos","status":"publish","type":"post","link":"https:\/\/buenostratos-blog.larioja.org\/?p=2160","title":{"rendered":"D\u00eda de los Abuelos"},"content":{"rendered":"<p style=\"text-align: justify;\"><span class=\"capital-letter\">H<\/span>oy, 26 de julio, d\u00eda de san Joaqu\u00edn y santa Ana, padres de la Virgen Mar\u00eda y abuelos de Jes\u00fas, es el <span style=\"color: #800080;\"><strong>D\u00eda de los Abuelos<\/strong><\/span>. Por ello, Google dedica el <strong>Doodle del d\u00eda<\/strong> a esta fecha tan especial.<img decoding=\"async\" class=\"full-image alignleft\" src=\"https:\/\/e00-marca.uecdn.es\/assets\/multimedia\/imagenes\/2018\/07\/26\/15325924123300.jpg\" width=\"660\" \/><\/p>\n<p style=\"text-align: justify;\"><strong>Los abuelos tradicionalmente han sido esos familiares afables y cari\u00f1osos<\/strong> que les consent\u00edan todo tipo de licencias a los ni\u00f1os que los padres les censuraban. En la infancia, el hecho de Ir a la casa de los abuelos, sobre todo los fines de semana y vacaciones era el momento perfecto para disfrutar de su afecto y de que los <strong>ni\u00f1os aprendieran historias \u00abmuy antiguas\u00bb<\/strong>, a veces fascinantes, otras mortalmente aburridas, que los abuelos cuentan a sus nietos.<\/p>\n<p style=\"text-align: justify;\">Uno de esos primeros aprendizajes consisten en asumir que los abuelos, esos se\u00f1ores mayores de pelo cano, <strong>hab\u00edan sido j\u00f3venes<\/strong>, como los ni\u00f1os a los que cuentan las historias. Otro aprendizaje vital que los abuelos ense\u00f1an sin querer a los nietos es algo m\u00e1s triste y tiene que ver con el primer contacto que muchos de estos nietos tienen con la <strong>p\u00e9rdida de un ser querido<\/strong>.<\/p>\n<h3 class=\"list-header\" style=\"text-align: justify;\"><span style=\"color: #800080;\"><strong>Los abuelos, cada vez m\u00e1s relevantes en la sociedad espa\u00f1ola<\/strong><\/span><\/h3>\n<p style=\"text-align: justify;\">Ahora, y sobre todo a partir de la crisis econ\u00f3mica, los abuelos han alcanzado un mayor protagonismo en la sociedad espa\u00f1ola,<strong> echando una mano determinante a los sufridos padres<\/strong>, pr\u00e1cticamente criando a los nietos. Seg\u00fan una reciente encuesta del grupo M\u00e9mora, <strong>casi uno de cada cuatro abuelos en Espa\u00f1a est\u00e1n todos los d\u00edas con sus nietos<\/strong>, ya sea para llevarlos o traerlos del colegio, ya para darles de comer o cenar.<\/p>\n<p style=\"text-align: justify;\">La cifra se incrementa a casi el 40% si no son todos los d\u00edas pero s\u00ed varias jornadas a la semana. Si nos atenemos a esta encuesta, <strong>el 90% de los sufridos abuelos est\u00e1n contentos de poder cuidar a los nietos<\/strong>, ayudando, a su vez, a los hijos. Ahora bien, tambi\u00e9n existe otra figura menos id\u00edlica, la del <strong>abuelo \u00abesclavo\u00bb<\/strong>. Minoritarios, seg\u00fan el informe, pues s\u00f3lo el 3,4% de los mayores se consideran estar en esta situaci\u00f3n, el fen\u00f3meno consiste en que los patriarcas tienen la sensaci\u00f3n de no tener otra alternativa en la vida que cuidar de sus nietos, <strong>abandonando sus relaciones sociales y desarrollando episodios de estr\u00e9s<\/strong>.<\/p>\n<p style=\"text-align: justify;\">Por todo ello, y por la relevancia que han adquirido estas entra\u00f1ables personas en los \u00faltimos a\u00f1os no s\u00f3lo no est\u00e1 de m\u00e1s la efem\u00e9rides sino que <strong>a muchos de ellos habr\u00eda que hacerles un monumento<\/strong>.<\/p>\n<p>Fuente: http:\/\/www.marca.com\/<\/p>\n","protected":false},"excerpt":{"rendered":"<p>Hoy, 26 de julio, d\u00eda de san Joaqu\u00edn y santa Ana, padres de la Virgen Mar\u00eda y abuelos de Jes\u00fas, es el D\u00eda de los Abuelos. Por ello, Google dedica el Doodle del d\u00eda a esta fecha tan especial. Los &hellip; <a href=\"https:\/\/buenostratos-blog.larioja.org\/?p=2160\">Sigue leyendo <span class=\"meta-nav\">&rarr;<\/span><\/a><\/p>\n","protected":false},"author":2,"featured_media":0,"comment_status":"open","ping_status":"closed","sticky":false,"template":"","format":"standard","meta":{"footnotes":""},"categories":[13],"tags":[],"_links":{"self":[{"href":"https:\/\/buenostratos-blog.larioja.org\/index.php?rest_route=\/wp\/v2\/posts\/2160"}],"collection":[{"href":"https:\/\/buenostratos-blog.larioja.org\/index.php?rest_route=\/wp\/v2\/posts"}],"about":[{"href":"https:\/\/buenostratos-blog.larioja.org\/index.php?rest_route=\/wp\/v2\/types\/post"}],"author":[{"embeddable":true,"href":"https:\/\/buenostratos-blog.larioja.org\/index.php?rest_route=\/wp\/v2\/users\/2"}],"replies":[{"embeddable":true,"href":"https:\/\/buenostratos-blog.larioja.org\/index.php?rest_route=%2Fwp%2Fv2%2Fcomments&post=2160"}],"version-history":[{"count":2,"href":"https:\/\/buenostratos-blog.larioja.org\/index.php?rest_route=\/wp\/v2\/posts\/2160\/revisions"}],"predecessor-version":[{"id":2162,"href":"https:\/\/buenostratos-blog.larioja.org\/index.php?rest_route=\/wp\/v2\/posts\/2160\/revisions\/2162"}],"wp:attachment":[{"href":"https:\/\/buenostratos-blog.larioja.org\/index.php?rest_route=%2Fwp%2Fv2%2Fmedia&parent=2160"}],"wp:term":[{"taxonomy":"category","embeddable":true,"href":"https:\/\/buenostratos-blog.larioja.org\/index.php?rest_route=%2Fwp%2Fv2%2Fcategories&post=2160"},{"taxonomy":"post_tag","embeddable":true,"href":"https:\/\/buenostratos-blog.larioja.org\/index.php?rest_route=%2Fwp%2Fv2%2Ftags&post=2160"}],"curies":[{"name":"wp","href":"https:\/\/api.w.org\/{rel}","templated":true}]}}