{"id":2150,"date":"2018-07-23T09:37:07","date_gmt":"2018-07-23T09:37:07","guid":{"rendered":"http:\/\/buenostratos-blog.larioja.org\/?p=2150"},"modified":"2019-12-17T11:38:20","modified_gmt":"2019-12-17T11:38:20","slug":"2150","status":"publish","type":"post","link":"https:\/\/buenostratos-blog.larioja.org\/?p=2150","title":{"rendered":"Material para trabajar las emociones."},"content":{"rendered":"<p style=\"text-align: justify;\">Hoy adjuntamos este post acerca de diverso material para trabajar las emociones. Esperamos que os resulte de inter\u00e9s en vuestra labor docente:<\/p>\n<p style=\"text-align: justify;\">Tenia muchas ganas de hacer un post para hablar de libros infantiles que hablaran sobre las emociones y esta semana hemos visto Del rev\u00e9s, pel\u00edcula que nos cuenta, muy bien el funcionamiento de las emociones y no pod\u00eda dejar pasar la oportunidad de hacer esta entrada sobre la inteligencia emocional en los ni\u00f1os. Las emociones pueden interferir en nuestra vida de muchas maneras, el buen funcionamiento de estas puede convertirnos en personas intregadas en la sociedad o por el contrario excluirnos de ella.<\/p>\n<p><a href=\"https:\/\/colorincoloradolibros.files.wordpress.com\/2015\/08\/emociones.jpg\"><img decoding=\"async\" class=\"size-full wp-image-1216 aligncenter\" src=\"https:\/\/colorincoloradolibros.files.wordpress.com\/2015\/08\/emociones.jpg?w=764\" sizes=\"(max-width: 764px) 100vw, 764px\" srcset=\"https:\/\/colorincoloradolibros.files.wordpress.com\/2015\/08\/emociones.jpg?w=764 764w, https:\/\/colorincoloradolibros.files.wordpress.com\/2015\/08\/emociones.jpg?w=1528 1528w, https:\/\/colorincoloradolibros.files.wordpress.com\/2015\/08\/emociones.jpg?w=150 150w, https:\/\/colorincoloradolibros.files.wordpress.com\/2015\/08\/emociones.jpg?w=300 300w, https:\/\/colorincoloradolibros.files.wordpress.com\/2015\/08\/emociones.jpg?w=768 768w, https:\/\/colorincoloradolibros.files.wordpress.com\/2015\/08\/emociones.jpg?w=1024 1024w\" alt=\"emociones\" data-attachment-id=\"1216\" data-permalink=\"https:\/\/colorincoloradolibros.wordpress.com\/2015\/08\/24\/la-inteligencia-emocional\/emociones\/\" data-orig-file=\"https:\/\/colorincoloradolibros.files.wordpress.com\/2015\/08\/emociones.jpg?w=764\" data-orig-size=\"1600,686\" data-comments-opened=\"1\" data-image-meta=\"{&quot;aperture&quot;:&quot;0&quot;,&quot;credit&quot;:&quot;&quot;,&quot;camera&quot;:&quot;&quot;,&quot;caption&quot;:&quot;&quot;,&quot;created_timestamp&quot;:&quot;0&quot;,&quot;copyright&quot;:&quot;&quot;,&quot;focal_length&quot;:&quot;0&quot;,&quot;iso&quot;:&quot;0&quot;,&quot;shutter_speed&quot;:&quot;0&quot;,&quot;title&quot;:&quot;&quot;,&quot;orientation&quot;:&quot;0&quot;}\" data-image-title=\"emociones\" data-image-description=\"\" data-medium-file=\"https:\/\/colorincoloradolibros.files.wordpress.com\/2015\/08\/emociones.jpg?w=764?w=300\" data-large-file=\"https:\/\/colorincoloradolibros.files.wordpress.com\/2015\/08\/emociones.jpg?w=764?w=764\" \/><\/a><\/p>\n<p style=\"text-align: justify;\">Las emociones son muy importantes en nuestras vidas y controlarlas, gestionarlas y utilizarlas adecuadamente, nos permitir\u00e1 disfrutar de nuestro d\u00eda a d\u00eda de forma m\u00e1s eficaz. Por eso es importante que los padres ense\u00f1emos a los ni\u00f1os a desarrollar, encauzar y controlar las emociones. Los libros que os muestro a continuaci\u00f3n pueden ser de gran ayuda para ense\u00f1arlos a canalizar las emociones.<\/p>\n<p>El gran libro de las emociones<\/p>\n<p><img loading=\"lazy\" decoding=\"async\" class=\" wp-image-22787 aligncenter\" src=\"https:\/\/colorincoloradolibros.files.wordpress.com\/2015\/08\/61yprsjg3al-_sx258_bo1204203200_.jpg?w=585&amp;h=693\" sizes=\"(max-width: 585px) 100vw, 585px\" srcset=\"https:\/\/colorincoloradolibros.files.wordpress.com\/2015\/08\/61yprsjg3al-_sx258_bo1204203200_.jpg 260w, https:\/\/colorincoloradolibros.files.wordpress.com\/2015\/08\/61yprsjg3al-_sx258_bo1204203200_.jpg?w=127&amp;h=150 127w\" alt=\"61yPrSjG3AL._SX258_BO1,204,203,200_\" width=\"585\" height=\"693\" data-attachment-id=\"22787\" data-permalink=\"https:\/\/colorincoloradolibros.wordpress.com\/2015\/08\/24\/la-inteligencia-emocional\/61yprsjg3al-_sx258_bo1204203200_\/\" data-orig-file=\"https:\/\/colorincoloradolibros.files.wordpress.com\/2015\/08\/61yprsjg3al-_sx258_bo1204203200_.jpg?w=585&amp;h=693\" data-orig-size=\"260,308\" data-comments-opened=\"1\" data-image-meta=\"{&quot;aperture&quot;:&quot;0&quot;,&quot;credit&quot;:&quot;&quot;,&quot;camera&quot;:&quot;&quot;,&quot;caption&quot;:&quot;&quot;,&quot;created_timestamp&quot;:&quot;0&quot;,&quot;copyright&quot;:&quot;&quot;,&quot;focal_length&quot;:&quot;0&quot;,&quot;iso&quot;:&quot;0&quot;,&quot;shutter_speed&quot;:&quot;0&quot;,&quot;title&quot;:&quot;&quot;,&quot;orientation&quot;:&quot;0&quot;}\" data-image-title=\"61yPrSjG3AL._SX258_BO1,204,203,200_\" data-image-description=\"\" data-medium-file=\"https:\/\/colorincoloradolibros.files.wordpress.com\/2015\/08\/61yprsjg3al-_sx258_bo1204203200_.jpg?w=585&amp;h=693?w=253\" data-large-file=\"https:\/\/colorincoloradolibros.files.wordpress.com\/2015\/08\/61yprsjg3al-_sx258_bo1204203200_.jpg?w=585&amp;h=693?w=260\" \/><\/p>\n<p style=\"text-align: justify;\"><span id=\"ctl00_contenedor_FormView1_rese\u00f1aLabel\" class=\"res\">Seguro que quieres estar a gusto entre tus compa\u00f1eros; que te acepten y que quieran estar contigo. Sabes que todo esto no siempre es f\u00e1cil. En cada uno de los 20 cuentos descubrir\u00e1s alg\u00fan peque\u00f1o secreto que te ayudar\u00e1 a convivir mejor con quienes te rodean. En la primera parte del libro \u2014 que tiene como titulo DESDE MI \u2014 hay relatos que te dar\u00e1n ideas sobre c\u00f3mo debes ser t\u00fa mismo. En la segunda parte \u2014 se llama QUIERO IR \u2014 hay cuentos muy bellos en los que encontrar\u00e1s energ\u00eda para seguir adelante, aunque tengas momentos dif\u00edciles.Y en la tercera parte \u2014 HACIA LOS OTROS\u2013 encontrar\u00e1s unas cuantas ideas geniales para convivir mejor con tu familia o con tu grupo de amigos. Podr\u00e1s observar la manera de trabajarlas para que vuestra relaci\u00f3n sea la mejor posible.<\/span><\/p>\n<div id=\"gallery-1027-1-slideshow\" class=\"slideshow-window jetpack-slideshow slideshow-black\" data-trans=\"fade\" data-autostart=\"1\" data-gallery=\"[{&quot;src&quot;:&quot;https:\\\/\\\/colorincoloradolibros.files.wordpress.com\\\/2015\\\/08\\\/emo3.jpg&quot;,&quot;id&quot;:&quot;22790&quot;,&quot;title&quot;:&quot;emo3&quot;,&quot;alt&quot;:&quot;&quot;,&quot;caption&quot;:&quot;&quot;,&quot;itemprop&quot;:&quot;image&quot;},{&quot;src&quot;:&quot;https:\\\/\\\/colorincoloradolibros.files.wordpress.com\\\/2015\\\/08\\\/emo2.jpg&quot;,&quot;id&quot;:&quot;22789&quot;,&quot;title&quot;:&quot;emo2&quot;,&quot;alt&quot;:&quot;&quot;,&quot;caption&quot;:&quot;&quot;,&quot;itemprop&quot;:&quot;image&quot;},{&quot;src&quot;:&quot;https:\\\/\\\/colorincoloradolibros.files.wordpress.com\\\/2015\\\/08\\\/emo1.jpg&quot;,&quot;id&quot;:&quot;22788&quot;,&quot;title&quot;:&quot;emo1&quot;,&quot;alt&quot;:&quot;&quot;,&quot;caption&quot;:&quot;&quot;,&quot;itemprop&quot;:&quot;image&quot;}]\">\n<div class=\"slideshow-slide\">\n<p><img decoding=\"async\" title=\"emo1\" src=\"https:\/\/colorincoloradolibros.files.wordpress.com\/2015\/08\/emo1.jpg\" alt=\"\" align=\"middle\" \/><span class=\"slideshow-line-height-hack\">\u00a0<\/span><\/p>\n<\/div>\n<\/div>\n<p>El gran libro de las emociones<\/p>\n<p><img decoding=\"async\" class=\" size-full wp-image-22781 aligncenter\" src=\"https:\/\/colorincoloradolibros.files.wordpress.com\/2015\/08\/91ul7gnm61l.jpg?w=764\" sizes=\"(max-width: 764px) 100vw, 764px\" srcset=\"https:\/\/colorincoloradolibros.files.wordpress.com\/2015\/08\/91ul7gnm61l.jpg?w=764 764w, https:\/\/colorincoloradolibros.files.wordpress.com\/2015\/08\/91ul7gnm61l.jpg?w=110 110w, https:\/\/colorincoloradolibros.files.wordpress.com\/2015\/08\/91ul7gnm61l.jpg?w=219 219w, https:\/\/colorincoloradolibros.files.wordpress.com\/2015\/08\/91ul7gnm61l.jpg?w=768 768w, https:\/\/colorincoloradolibros.files.wordpress.com\/2015\/08\/91ul7gnm61l.jpg?w=749 749w, https:\/\/colorincoloradolibros.files.wordpress.com\/2015\/08\/91ul7gnm61l.jpg 1453w\" alt=\"91ul7GNm61L\" data-attachment-id=\"22781\" data-permalink=\"https:\/\/colorincoloradolibros.wordpress.com\/2015\/08\/24\/la-inteligencia-emocional\/91ul7gnm61l\/\" data-orig-file=\"https:\/\/colorincoloradolibros.files.wordpress.com\/2015\/08\/91ul7gnm61l.jpg?w=764\" data-orig-size=\"1453,1987\" data-comments-opened=\"1\" data-image-meta=\"{&quot;aperture&quot;:&quot;0&quot;,&quot;credit&quot;:&quot;&quot;,&quot;camera&quot;:&quot;&quot;,&quot;caption&quot;:&quot;&quot;,&quot;created_timestamp&quot;:&quot;0&quot;,&quot;copyright&quot;:&quot;&quot;,&quot;focal_length&quot;:&quot;0&quot;,&quot;iso&quot;:&quot;0&quot;,&quot;shutter_speed&quot;:&quot;0&quot;,&quot;title&quot;:&quot;&quot;,&quot;orientation&quot;:&quot;0&quot;}\" data-image-title=\"91ul7GNm61L\" data-image-description=\"\" data-medium-file=\"https:\/\/colorincoloradolibros.files.wordpress.com\/2015\/08\/91ul7gnm61l.jpg?w=764?w=219\" data-large-file=\"https:\/\/colorincoloradolibros.files.wordpress.com\/2015\/08\/91ul7gnm61l.jpg?w=764?w=749\" \/><img loading=\"lazy\" decoding=\"async\" src=\"https:\/\/ir-es.amazon-adsystem.com\/e\/ir?t=libroscolorin-21&amp;l=am2&amp;o=30&amp;a=842613954X\" alt=\"\" width=\"1\" height=\"1\" border=\"0\" \/><\/p>\n<p>Este \u00e1lbum empieza con la siguiente pregunta: \u00bfC\u00f3mo te sientes hoy? \u00bfContento? \u00bfTriste? \u00bfAburrido? \u00bfAnimado? \u00bfO una mezcla de todo esto y m\u00e1s\u2026?<br \/>\nEsto conlleva a una presentaci\u00f3n de una serie de emociones y sentimientos, descrita en cada p\u00e1gina del libro con ejemplos.<\/p>\n<div id=\"gallery-1027-2-slideshow\" class=\"slideshow-window jetpack-slideshow slideshow-black\" data-trans=\"fade\" data-autostart=\"1\" data-gallery=\"[{&quot;src&quot;:&quot;https:\\\/\\\/colorincoloradolibros.files.wordpress.com\\\/2015\\\/08\\\/3954img5.jpg&quot;,&quot;id&quot;:&quot;22785&quot;,&quot;title&quot;:&quot;3954img5&quot;,&quot;alt&quot;:&quot;&quot;,&quot;caption&quot;:&quot;&quot;,&quot;itemprop&quot;:&quot;image&quot;},{&quot;src&quot;:&quot;https:\\\/\\\/colorincoloradolibros.files.wordpress.com\\\/2015\\\/08\\\/3954img3.jpg&quot;,&quot;id&quot;:&quot;22784&quot;,&quot;title&quot;:&quot;3954img3&quot;,&quot;alt&quot;:&quot;&quot;,&quot;caption&quot;:&quot;&quot;,&quot;itemprop&quot;:&quot;image&quot;},{&quot;src&quot;:&quot;https:\\\/\\\/colorincoloradolibros.files.wordpress.com\\\/2015\\\/08\\\/3954img2.jpg&quot;,&quot;id&quot;:&quot;22783&quot;,&quot;title&quot;:&quot;3954img2&quot;,&quot;alt&quot;:&quot;&quot;,&quot;caption&quot;:&quot;&quot;,&quot;itemprop&quot;:&quot;image&quot;},{&quot;src&quot;:&quot;https:\\\/\\\/colorincoloradolibros.files.wordpress.com\\\/2015\\\/08\\\/3954img1.jpg&quot;,&quot;id&quot;:&quot;22782&quot;,&quot;title&quot;:&quot;3954img1&quot;,&quot;alt&quot;:&quot;&quot;,&quot;caption&quot;:&quot;&quot;,&quot;itemprop&quot;:&quot;image&quot;}]\">\n<div class=\"slideshow-slide\">\n<p><img decoding=\"async\" title=\"3954img3\" src=\"https:\/\/colorincoloradolibros.files.wordpress.com\/2015\/08\/3954img3.jpg\" alt=\"\" align=\"middle\" \/><span class=\"slideshow-line-height-hack\">\u00a0<\/span><\/p>\n<\/div>\n<\/div>\n<p>Emocionario. D\u00ed lo que sientes<\/p>\n<p><img loading=\"lazy\" decoding=\"async\" class=\" wp-image-12630 aligncenter\" src=\"https:\/\/colorincoloradolibros.files.wordpress.com\/2015\/08\/emocionario_libro.jpg?w=598&amp;h=623\" alt=\"emocionario_libro\" width=\"598\" height=\"623\" data-attachment-id=\"12630\" data-permalink=\"https:\/\/colorincoloradolibros.wordpress.com\/2015\/08\/24\/la-inteligencia-emocional\/emocionario_libro\/\" data-orig-file=\"https:\/\/colorincoloradolibros.files.wordpress.com\/2015\/08\/emocionario_libro.jpg?w=598&amp;h=623\" data-orig-size=\"290,317\" data-comments-opened=\"1\" data-image-meta=\"{&quot;aperture&quot;:&quot;0&quot;,&quot;credit&quot;:&quot;&quot;,&quot;camera&quot;:&quot;&quot;,&quot;caption&quot;:&quot;&quot;,&quot;created_timestamp&quot;:&quot;0&quot;,&quot;copyright&quot;:&quot;&quot;,&quot;focal_length&quot;:&quot;0&quot;,&quot;iso&quot;:&quot;0&quot;,&quot;shutter_speed&quot;:&quot;0&quot;,&quot;title&quot;:&quot;&quot;,&quot;orientation&quot;:&quot;0&quot;}\" data-image-title=\"emocionario_libro\" data-image-description=\"\" data-medium-file=\"https:\/\/colorincoloradolibros.files.wordpress.com\/2015\/08\/emocionario_libro.jpg?w=598&amp;h=623?w=274\" data-large-file=\"https:\/\/colorincoloradolibros.files.wordpress.com\/2015\/08\/emocionario_libro.jpg?w=598&amp;h=623?w=290\" \/><\/p>\n<p>Un itinerario a trav\u00e9s de las emociones que tenemos cualquier ser humano. Con esta herramienta los ni\u00f1os crecer\u00e1n aprendiendo a identificar cualquier sentimiento y aprender\u00e1n a controlarlos.<\/p>\n<div class=\"jetpack-video-wrapper\"><span class=\"embed-youtube\"><iframe class=\"youtube-player\" src=\"https:\/\/www.youtube.com\/embed\/fiwHJ1DZdKw?version=3&amp;rel=1&amp;fs=1&amp;autohide=2&amp;showsearch=0&amp;showinfo=1&amp;iv_load_policy=1&amp;wmode=transparent\" allowfullscreen=\"allowfullscreen\" data-ratio=\"0.6020942408376964\" data-width=\"764\" data-height=\"460\" data-mce-fragment=\"1\"><\/iframe><\/span><\/div>\n<p>Laberinto Del Alma<\/p>\n<p><img decoding=\"async\" class=\"alignnone size-full wp-image-12615\" src=\"https:\/\/colorincoloradolibros.files.wordpress.com\/2015\/08\/portada_laberinto-del-alma_anna-llenas_201602030940.jpg?w=764\" sizes=\"(max-width: 764px) 100vw, 764px\" srcset=\"https:\/\/colorincoloradolibros.files.wordpress.com\/2015\/08\/portada_laberinto-del-alma_anna-llenas_201602030940.jpg?w=764 764w, https:\/\/colorincoloradolibros.files.wordpress.com\/2015\/08\/portada_laberinto-del-alma_anna-llenas_201602030940.jpg?w=1528 1528w, https:\/\/colorincoloradolibros.files.wordpress.com\/2015\/08\/portada_laberinto-del-alma_anna-llenas_201602030940.jpg?w=128 128w, https:\/\/colorincoloradolibros.files.wordpress.com\/2015\/08\/portada_laberinto-del-alma_anna-llenas_201602030940.jpg?w=257 257w, https:\/\/colorincoloradolibros.files.wordpress.com\/2015\/08\/portada_laberinto-del-alma_anna-llenas_201602030940.jpg?w=768 768w, https:\/\/colorincoloradolibros.files.wordpress.com\/2015\/08\/portada_laberinto-del-alma_anna-llenas_201602030940.jpg?w=877 877w\" alt=\"portada_laberinto-del-alma_anna-llenas_201602030940\" data-attachment-id=\"12615\" data-permalink=\"https:\/\/colorincoloradolibros.wordpress.com\/2015\/08\/24\/la-inteligencia-emocional\/portada_laberinto-del-alma_anna-llenas_201602030940\/\" data-orig-file=\"https:\/\/colorincoloradolibros.files.wordpress.com\/2015\/08\/portada_laberinto-del-alma_anna-llenas_201602030940.jpg?w=764\" data-orig-size=\"2000,2335\" data-comments-opened=\"1\" data-image-meta=\"{&quot;aperture&quot;:&quot;0&quot;,&quot;credit&quot;:&quot;&quot;,&quot;camera&quot;:&quot;&quot;,&quot;caption&quot;:&quot;&quot;,&quot;created_timestamp&quot;:&quot;0&quot;,&quot;copyright&quot;:&quot;&quot;,&quot;focal_length&quot;:&quot;0&quot;,&quot;iso&quot;:&quot;0&quot;,&quot;shutter_speed&quot;:&quot;0&quot;,&quot;title&quot;:&quot;&quot;,&quot;orientation&quot;:&quot;0&quot;}\" data-image-title=\"portada_laberinto-del-alma_anna-llenas_201602030940\" data-image-description=\"\" data-medium-file=\"https:\/\/colorincoloradolibros.files.wordpress.com\/2015\/08\/portada_laberinto-del-alma_anna-llenas_201602030940.jpg?w=764?w=257\" data-large-file=\"https:\/\/colorincoloradolibros.files.wordpress.com\/2015\/08\/portada_laberinto-del-alma_anna-llenas_201602030940.jpg?w=764?w=764\" \/><\/p>\n<p>Un recorrido por nuestra emociones a trav\u00e9s de las originales\u00a0ilustraciones de Anna Llenas.<br \/>\nTu alma tiene tantos rostros, pensamientos y sentimientos como estados en que te puedas encontrar. Algunos de ellos son vivos y luminosos, y otros bien oscuros. Hay algunos que te aportan \u00e1nimo y energ\u00eda; y hay otros que, no sabes c\u00f3mo, te lo restan.. Este libro te invita a que resuenes con todos estos estados en un viaje hacia ti mismo, a trav\u00e9s de tus emociones, pensamientos y sentimientos, siguiendo el camino del laberinto. Un camino tan complejo como apasionante. Dif\u00edcil de prever, pero donde aventura, emoci\u00f3n e imaginaci\u00f3n est\u00e1n totalmente aseguradas.<\/p>\n<div class=\"jetpack-video-wrapper\"><span class=\"embed-youtube\"><iframe class=\"youtube-player\" src=\"https:\/\/www.youtube.com\/embed\/qCOAUcyYGVw?version=3&amp;rel=1&amp;fs=1&amp;autohide=2&amp;showsearch=0&amp;showinfo=1&amp;iv_load_policy=1&amp;wmode=transparent\" allowfullscreen=\"allowfullscreen\" data-ratio=\"0.6020942408376964\" data-width=\"764\" data-height=\"460\" data-mce-fragment=\"1\"><\/iframe><\/span><\/div>\n<p>El Emocion\u00f3metro Del Inspector Drilo<\/p>\n<p><img decoding=\"async\" class=\"alignnone size-full wp-image-12616\" src=\"https:\/\/colorincoloradolibros.files.wordpress.com\/2015\/08\/978849444469.jpg?w=764\" sizes=\"(max-width: 764px) 100vw, 764px\" srcset=\"https:\/\/colorincoloradolibros.files.wordpress.com\/2015\/08\/978849444469.jpg?w=764 764w, https:\/\/colorincoloradolibros.files.wordpress.com\/2015\/08\/978849444469.jpg?w=143 143w, https:\/\/colorincoloradolibros.files.wordpress.com\/2015\/08\/978849444469.jpg?w=286 286w, https:\/\/colorincoloradolibros.files.wordpress.com\/2015\/08\/978849444469.jpg?w=768 768w, https:\/\/colorincoloradolibros.files.wordpress.com\/2015\/08\/978849444469.jpg 800w\" alt=\"978849444469\" data-attachment-id=\"12616\" data-permalink=\"https:\/\/colorincoloradolibros.wordpress.com\/2015\/08\/24\/la-inteligencia-emocional\/attachment\/978849444469\/\" data-orig-file=\"https:\/\/colorincoloradolibros.files.wordpress.com\/2015\/08\/978849444469.jpg?w=764\" data-orig-size=\"800,839\" data-comments-opened=\"1\" data-image-meta=\"{&quot;aperture&quot;:&quot;0&quot;,&quot;credit&quot;:&quot;&quot;,&quot;camera&quot;:&quot;&quot;,&quot;caption&quot;:&quot;&quot;,&quot;created_timestamp&quot;:&quot;0&quot;,&quot;copyright&quot;:&quot;&quot;,&quot;focal_length&quot;:&quot;0&quot;,&quot;iso&quot;:&quot;0&quot;,&quot;shutter_speed&quot;:&quot;0&quot;,&quot;title&quot;:&quot;&quot;,&quot;orientation&quot;:&quot;0&quot;}\" data-image-title=\"978849444469\" data-image-description=\"\" data-medium-file=\"https:\/\/colorincoloradolibros.files.wordpress.com\/2015\/08\/978849444469.jpg?w=764?w=286\" data-large-file=\"https:\/\/colorincoloradolibros.files.wordpress.com\/2015\/08\/978849444469.jpg?w=764?w=764\" \/><\/p>\n<p style=\"text-align: justify;\">El Manual m\u00e1s completo para ayudarnos a entender, medir y regular nuestras emociones. El Inspector Drilo nos ayudar\u00e1 a entender las diez emociones b\u00e1sicas con su gran invento:\u00a0el EMOCION\u00d3METRO. Sabremos qu\u00e9 sentimos con esta rueda de emociones. Diez emociones, diez EMIS para ayudarnos a entenderlas.Y por supuesto nuestro detective favorito: \u00a1El Inspector Drilo! \u00c9l nos ayudar\u00e1 a utilizar el EMOCION\u00d3METRO que nosotros mismos podremos fabricar para hacer girar la rueda de las emociones. Y saber qu\u00e9 sentimos.<\/p>\n<div id=\"gallery-1027-3-slideshow\" class=\"slideshow-window jetpack-slideshow slideshow-black\" data-trans=\"fade\" data-autostart=\"1\" data-gallery=\"[{&quot;src&quot;:&quot;https:\\\/\\\/colorincoloradolibros.files.wordpress.com\\\/2015\\\/08\\\/captura-1.png&quot;,&quot;id&quot;:&quot;12617&quot;,&quot;title&quot;:&quot;captura-1&quot;,&quot;alt&quot;:&quot;&quot;,&quot;caption&quot;:&quot;&quot;,&quot;itemprop&quot;:&quot;image&quot;},{&quot;src&quot;:&quot;https:\\\/\\\/colorincoloradolibros.files.wordpress.com\\\/2015\\\/08\\\/captura-2.png&quot;,&quot;id&quot;:&quot;12618&quot;,&quot;title&quot;:&quot;captura-2&quot;,&quot;alt&quot;:&quot;&quot;,&quot;caption&quot;:&quot;&quot;,&quot;itemprop&quot;:&quot;image&quot;},{&quot;src&quot;:&quot;https:\\\/\\\/colorincoloradolibros.files.wordpress.com\\\/2015\\\/08\\\/captura-3.png&quot;,&quot;id&quot;:&quot;12619&quot;,&quot;title&quot;:&quot;captura-3&quot;,&quot;alt&quot;:&quot;&quot;,&quot;caption&quot;:&quot;&quot;,&quot;itemprop&quot;:&quot;image&quot;},{&quot;src&quot;:&quot;https:\\\/\\\/colorincoloradolibros.files.wordpress.com\\\/2015\\\/08\\\/captura-5.png&quot;,&quot;id&quot;:&quot;12620&quot;,&quot;title&quot;:&quot;captura-5&quot;,&quot;alt&quot;:&quot;&quot;,&quot;caption&quot;:&quot;&quot;,&quot;itemprop&quot;:&quot;image&quot;},{&quot;src&quot;:&quot;https:\\\/\\\/colorincoloradolibros.files.wordpress.com\\\/2015\\\/08\\\/captura-6.png&quot;,&quot;id&quot;:&quot;12621&quot;,&quot;title&quot;:&quot;captura-6&quot;,&quot;alt&quot;:&quot;&quot;,&quot;caption&quot;:&quot;&quot;,&quot;itemprop&quot;:&quot;image&quot;},{&quot;src&quot;:&quot;https:\\\/\\\/colorincoloradolibros.files.wordpress.com\\\/2015\\\/08\\\/captura-7.png&quot;,&quot;id&quot;:&quot;12622&quot;,&quot;title&quot;:&quot;captura-7&quot;,&quot;alt&quot;:&quot;&quot;,&quot;caption&quot;:&quot;&quot;,&quot;itemprop&quot;:&quot;image&quot;}]\">\n<div class=\"slideshow-slide\">\n<p><img decoding=\"async\" title=\"captura-5\" src=\"https:\/\/colorincoloradolibros.files.wordpress.com\/2015\/08\/captura-5.png\" alt=\"\" align=\"middle\" \/><span class=\"slideshow-line-height-hack\">\u00a0<\/span><\/p>\n<\/div>\n<\/div>\n<p>El monstruo de colores<\/p>\n<p><a href=\"https:\/\/colorincoloradolibros.files.wordpress.com\/2015\/08\/colores.jpg\"><img loading=\"lazy\" decoding=\"async\" class=\" wp-image-1217 aligncenter\" src=\"https:\/\/colorincoloradolibros.files.wordpress.com\/2015\/08\/colores.jpg?w=624&amp;h=624\" sizes=\"(max-width: 624px) 100vw, 624px\" srcset=\"https:\/\/colorincoloradolibros.files.wordpress.com\/2015\/08\/colores.jpg 400w, https:\/\/colorincoloradolibros.files.wordpress.com\/2015\/08\/colores.jpg?w=150&amp;h=150 150w, https:\/\/colorincoloradolibros.files.wordpress.com\/2015\/08\/colores.jpg?w=300&amp;h=300 300w\" alt=\"colores\" width=\"624\" height=\"624\" data-attachment-id=\"1217\" data-permalink=\"https:\/\/colorincoloradolibros.wordpress.com\/2015\/08\/24\/la-inteligencia-emocional\/colores\/\" data-orig-file=\"https:\/\/colorincoloradolibros.files.wordpress.com\/2015\/08\/colores.jpg?w=624&amp;h=624\" data-orig-size=\"400,400\" data-comments-opened=\"1\" data-image-meta=\"{&quot;aperture&quot;:&quot;0&quot;,&quot;credit&quot;:&quot;&quot;,&quot;camera&quot;:&quot;&quot;,&quot;caption&quot;:&quot;&quot;,&quot;created_timestamp&quot;:&quot;0&quot;,&quot;copyright&quot;:&quot;&quot;,&quot;focal_length&quot;:&quot;0&quot;,&quot;iso&quot;:&quot;0&quot;,&quot;shutter_speed&quot;:&quot;0&quot;,&quot;title&quot;:&quot;&quot;,&quot;orientation&quot;:&quot;0&quot;}\" data-image-title=\"colores\" data-image-description=\"\" data-medium-file=\"https:\/\/colorincoloradolibros.files.wordpress.com\/2015\/08\/colores.jpg?w=624&amp;h=624?w=300\" data-large-file=\"https:\/\/colorincoloradolibros.files.wordpress.com\/2015\/08\/colores.jpg?w=624&amp;h=624?w=400\" \/><\/a><\/p>\n<p style=\"text-align: justify;\">El Monstruo no sabe qu\u00e9 le pasa,se ha hecho un l\u00edo con las emociones y ahora le toca deshacerlo. Una historia sencilla y divertida, que introducir\u00e1 a peque\u00f1os y a mayores en el fascinante lenguaje de las emociones.<br \/>\nEn el siguiente enlace encontrareis <a href=\"https:\/\/colorincoloradolibros.wordpress.com\/2016\/05\/04\/el-monstruo-de-colores-resena-y-actividades\/\">rese\u00f1a y actividades<\/a> de El monstruo de colores.<\/p>\n<div class=\"jetpack-video-wrapper\"><span class=\"embed-youtube\"><iframe class=\"youtube-player\" src=\"https:\/\/www.youtube.com\/embed\/rv4R37kPVmo?version=3&amp;rel=1&amp;fs=1&amp;autohide=2&amp;showsearch=0&amp;showinfo=1&amp;iv_load_policy=1&amp;wmode=transparent\" allowfullscreen=\"allowfullscreen\" data-ratio=\"0.6020942408376964\" data-width=\"764\" data-height=\"460\" data-mce-fragment=\"1\"><\/iframe><\/span><\/div>\n<p>\u00bfC\u00f3mo te sientes?<\/p>\n<p><a href=\"https:\/\/colorincoloradolibros.files.wordpress.com\/2015\/08\/como-te-sientes.jpg\"><img loading=\"lazy\" decoding=\"async\" class=\" wp-image-1066 aligncenter\" src=\"https:\/\/colorincoloradolibros.files.wordpress.com\/2015\/08\/como-te-sientes.jpg?w=624&amp;h=764\" alt=\"como te sientes\" width=\"624\" height=\"764\" data-attachment-id=\"1066\" data-permalink=\"https:\/\/colorincoloradolibros.wordpress.com\/2015\/08\/24\/la-inteligencia-emocional\/como-te-sientes\/\" data-orig-file=\"https:\/\/colorincoloradolibros.files.wordpress.com\/2015\/08\/como-te-sientes.jpg?w=624&amp;h=764\" data-orig-size=\"494,600\" data-comments-opened=\"1\" data-image-meta=\"{&quot;aperture&quot;:&quot;0&quot;,&quot;credit&quot;:&quot;&quot;,&quot;camera&quot;:&quot;&quot;,&quot;caption&quot;:&quot;&quot;,&quot;created_timestamp&quot;:&quot;0&quot;,&quot;copyright&quot;:&quot;&quot;,&quot;focal_length&quot;:&quot;0&quot;,&quot;iso&quot;:&quot;0&quot;,&quot;shutter_speed&quot;:&quot;0&quot;,&quot;title&quot;:&quot;&quot;,&quot;orientation&quot;:&quot;1&quot;}\" data-image-title=\"como te sientes\" data-image-description=\"\" data-medium-file=\"https:\/\/colorincoloradolibros.files.wordpress.com\/2015\/08\/como-te-sientes.jpg?w=624&amp;h=764?w=247\" data-large-file=\"https:\/\/colorincoloradolibros.files.wordpress.com\/2015\/08\/como-te-sientes.jpg?w=624&amp;h=764?w=494\" \/><\/a><span id=\"books_details_summary_readonly\" class=\"readonly\"><\/span><\/p>\n<p style=\"text-align: justify;\"><span id=\"books_details_summary_readonly\" class=\"readonly\">Aburridos, contentos, tristes\u2026 Un \u00e1lbum sobre la expresi\u00f3n de las emociones infantiles, a base de palabras e im\u00e1genes sencillas, juegos crom\u00e1ticos y tipogr\u00e1ficos; que favorece el autoconocimiento y la socializaci\u00f3n de los m\u00e1s peque\u00f1os.<\/span><\/p>\n<div id=\"gallery-1027-4-slideshow\" class=\"slideshow-window jetpack-slideshow slideshow-black\" data-trans=\"fade\" data-autostart=\"1\" data-gallery=\"[{&quot;src&quot;:&quot;https:\\\/\\\/colorincoloradolibros.files.wordpress.com\\\/2015\\\/08\\\/captura-11.png&quot;,&quot;id&quot;:&quot;12623&quot;,&quot;title&quot;:&quot;captura-1&quot;,&quot;alt&quot;:&quot;&quot;,&quot;caption&quot;:&quot;&quot;,&quot;itemprop&quot;:&quot;image&quot;},{&quot;src&quot;:&quot;https:\\\/\\\/colorincoloradolibros.files.wordpress.com\\\/2015\\\/08\\\/captura-21.png&quot;,&quot;id&quot;:&quot;12624&quot;,&quot;title&quot;:&quot;captura-2&quot;,&quot;alt&quot;:&quot;&quot;,&quot;caption&quot;:&quot;&quot;,&quot;itemprop&quot;:&quot;image&quot;},{&quot;src&quot;:&quot;https:\\\/\\\/colorincoloradolibros.files.wordpress.com\\\/2015\\\/08\\\/captura-51.png&quot;,&quot;id&quot;:&quot;12625&quot;,&quot;title&quot;:&quot;captura-5&quot;,&quot;alt&quot;:&quot;&quot;,&quot;caption&quot;:&quot;&quot;,&quot;itemprop&quot;:&quot;image&quot;}]\">\n<div class=\"slideshow-slide\">\n<p><img decoding=\"async\" title=\"captura-5\" src=\"https:\/\/colorincoloradolibros.files.wordpress.com\/2015\/08\/captura-51.png\" alt=\"\" align=\"middle\" \/><span class=\"slideshow-line-height-hack\">\u00a0<\/span><\/p>\n<\/div>\n<\/div>\n<p>Las emociones de Nacho<\/p>\n<p><a href=\"https:\/\/colorincoloradolibros.files.wordpress.com\/2015\/08\/las-emociones-de-nacho.jpg\"><img loading=\"lazy\" decoding=\"async\" class=\" wp-image-1067 aligncenter\" src=\"https:\/\/colorincoloradolibros.files.wordpress.com\/2015\/08\/las-emociones-de-nacho.jpg?w=628&amp;h=649\" sizes=\"(max-width: 628px) 100vw, 628px\" srcset=\"https:\/\/colorincoloradolibros.files.wordpress.com\/2015\/08\/las-emociones-de-nacho.jpg 400w, https:\/\/colorincoloradolibros.files.wordpress.com\/2015\/08\/las-emociones-de-nacho.jpg?w=145&amp;h=150 145w, https:\/\/colorincoloradolibros.files.wordpress.com\/2015\/08\/las-emociones-de-nacho.jpg?w=291&amp;h=300 291w\" alt=\"las emociones de nacho\" width=\"628\" height=\"649\" data-attachment-id=\"1067\" data-permalink=\"https:\/\/colorincoloradolibros.wordpress.com\/2015\/08\/24\/la-inteligencia-emocional\/las-emociones-de-nacho\/\" data-orig-file=\"https:\/\/colorincoloradolibros.files.wordpress.com\/2015\/08\/las-emociones-de-nacho.jpg?w=628&amp;h=649\" data-orig-size=\"400,413\" data-comments-opened=\"1\" data-image-meta=\"{&quot;aperture&quot;:&quot;0&quot;,&quot;credit&quot;:&quot;mac2&quot;,&quot;camera&quot;:&quot;&quot;,&quot;caption&quot;:&quot;&quot;,&quot;created_timestamp&quot;:&quot;0&quot;,&quot;copyright&quot;:&quot;&quot;,&quot;focal_length&quot;:&quot;0&quot;,&quot;iso&quot;:&quot;0&quot;,&quot;shutter_speed&quot;:&quot;0&quot;,&quot;title&quot;:&quot;&quot;,&quot;orientation&quot;:&quot;0&quot;}\" data-image-title=\"las emociones de nacho\" data-image-description=\"\" data-medium-file=\"https:\/\/colorincoloradolibros.files.wordpress.com\/2015\/08\/las-emociones-de-nacho.jpg?w=628&amp;h=649?w=291\" data-large-file=\"https:\/\/colorincoloradolibros.files.wordpress.com\/2015\/08\/las-emociones-de-nacho.jpg?w=628&amp;h=649?w=400\" \/><\/a><\/p>\n<p style=\"text-align: justify;\">Las emociones forman parte del d\u00eda a d\u00eda de Nacho. Cuando est\u00e1 enfadado, triste o asustado necesita que lo ayuden y lo consuelen. Y cuando est\u00e1 contento, como hoy, \u00a1le gustar\u00eda dec\u00edrselo a todo el mundo! Un libro sobre las emociones con rimas, solapas y juegos de descubrimiento.<\/p>\n<p>El Libro De Los Sentimientos Para Ni\u00f1os<br \/>\n<img decoding=\"async\" class=\"size-full wp-image-1068 aligncenter\" src=\"https:\/\/colorincoloradolibros.files.wordpress.com\/2015\/08\/libro-de-los-sentimientos.jpg?w=764\" sizes=\"(max-width: 764px) 100vw, 764px\" srcset=\"https:\/\/colorincoloradolibros.files.wordpress.com\/2015\/08\/libro-de-los-sentimientos.jpg?w=764 764w, https:\/\/colorincoloradolibros.files.wordpress.com\/2015\/08\/libro-de-los-sentimientos.jpg?w=111 111w, https:\/\/colorincoloradolibros.files.wordpress.com\/2015\/08\/libro-de-los-sentimientos.jpg?w=223 223w, https:\/\/colorincoloradolibros.files.wordpress.com\/2015\/08\/libro-de-los-sentimientos.jpg?w=768 768w, https:\/\/colorincoloradolibros.files.wordpress.com\/2015\/08\/libro-de-los-sentimientos.jpg 890w\" alt=\"libro de los sentimientos\" data-attachment-id=\"1068\" data-permalink=\"https:\/\/colorincoloradolibros.wordpress.com\/2015\/08\/24\/la-inteligencia-emocional\/libro-de-los-sentimientos\/\" data-orig-file=\"https:\/\/colorincoloradolibros.files.wordpress.com\/2015\/08\/libro-de-los-sentimientos.jpg?w=764\" data-orig-size=\"890,1200\" data-comments-opened=\"1\" data-image-meta=\"{&quot;aperture&quot;:&quot;0&quot;,&quot;credit&quot;:&quot;&quot;,&quot;camera&quot;:&quot;&quot;,&quot;caption&quot;:&quot;&quot;,&quot;created_timestamp&quot;:&quot;0&quot;,&quot;copyright&quot;:&quot;&quot;,&quot;focal_length&quot;:&quot;0&quot;,&quot;iso&quot;:&quot;0&quot;,&quot;shutter_speed&quot;:&quot;0&quot;,&quot;title&quot;:&quot;&quot;,&quot;orientation&quot;:&quot;0&quot;}\" data-image-title=\"libro de los sentimientos\" data-image-description=\"\" data-medium-file=\"https:\/\/colorincoloradolibros.files.wordpress.com\/2015\/08\/libro-de-los-sentimientos.jpg?w=764?w=223\" data-large-file=\"https:\/\/colorincoloradolibros.files.wordpress.com\/2015\/08\/libro-de-los-sentimientos.jpg?w=764?w=759\" \/><\/p>\n<p style=\"text-align: justify;\">El libro de los sentimientos para ni\u00f1os traza la primera cartograf\u00eda de los sentimientos del ni\u00f1o, a fin de que pueda identificarlos y descifrarlos. En primer lugar, describi\u00e9ndolos de un modo muy claro y cercano. En segundo lugar, mostrando en forma de cuento un ejemplo de los mismos. Y, por \u00faltimo, potenciando con una frase la manera de asumirlos.<\/p>\n<p>El coj\u00edn de Martina Repentina<\/p>\n<p><a href=\"https:\/\/colorincoloradolibros.files.wordpress.com\/2015\/08\/martina.jpg\"><img decoding=\"async\" class=\"size-full wp-image-1227 aligncenter\" src=\"https:\/\/colorincoloradolibros.files.wordpress.com\/2015\/08\/martina.jpg?w=764\" sizes=\"(max-width: 600px) 100vw, 600px\" srcset=\"https:\/\/colorincoloradolibros.files.wordpress.com\/2015\/08\/martina.jpg 600w, https:\/\/colorincoloradolibros.files.wordpress.com\/2015\/08\/martina.jpg?w=150 150w, https:\/\/colorincoloradolibros.files.wordpress.com\/2015\/08\/martina.jpg?w=300 300w\" alt=\"martina\" data-attachment-id=\"1227\" data-permalink=\"https:\/\/colorincoloradolibros.wordpress.com\/2015\/08\/24\/la-inteligencia-emocional\/martina\/\" data-orig-file=\"https:\/\/colorincoloradolibros.files.wordpress.com\/2015\/08\/martina.jpg?w=764\" data-orig-size=\"600,399\" data-comments-opened=\"1\" data-image-meta=\"{&quot;aperture&quot;:&quot;0&quot;,&quot;credit&quot;:&quot;&quot;,&quot;camera&quot;:&quot;&quot;,&quot;caption&quot;:&quot;&quot;,&quot;created_timestamp&quot;:&quot;0&quot;,&quot;copyright&quot;:&quot;&quot;,&quot;focal_length&quot;:&quot;0&quot;,&quot;iso&quot;:&quot;0&quot;,&quot;shutter_speed&quot;:&quot;0&quot;,&quot;title&quot;:&quot;&quot;,&quot;orientation&quot;:&quot;0&quot;}\" data-image-title=\"martina\" data-image-description=\"\" data-medium-file=\"https:\/\/colorincoloradolibros.files.wordpress.com\/2015\/08\/martina.jpg?w=764?w=300\" data-large-file=\"https:\/\/colorincoloradolibros.files.wordpress.com\/2015\/08\/martina.jpg?w=764?w=600\" \/><\/a><\/p>\n<p style=\"text-align: justify;\">Si tienes ganas de chillar, morder, apretar, lanzar\u2026 chilla, muerde, aprieta, lanza; deja que salga libremente la emoci\u00f3n, pero canaliz\u00e1ndola a trav\u00e9s del coj\u00edn u otras propuestas que lanza Martina, como bailar, correr, respirar o subir una monta\u00f1a\u2026 de manera que pueda darse la expresi\u00f3n de las emociones sin que \u00e9stas recaigan sobre nadie.Este material lleva impl\u00edcita otra cuesti\u00f3n: la reflexi\u00f3n sobre los estilos de vida a los que se somete a la infancia cargados de prisas y obligaciones que dejan en un segundo plano el tiempo de juego que consideramos tan importante para su sano desarrollo y crecimiento.<\/p>\n<p>Colecci\u00f3n sentimientos<\/p>\n<div>\n<p><img decoding=\"async\" class=\"size-full wp-image-1230 aligncenter\" src=\"https:\/\/colorincoloradolibros.files.wordpress.com\/2015\/08\/coleccion1.jpg?w=764\" sizes=\"(max-width: 500px) 100vw, 500px\" srcset=\"https:\/\/colorincoloradolibros.files.wordpress.com\/2015\/08\/coleccion1.jpg 500w, https:\/\/colorincoloradolibros.files.wordpress.com\/2015\/08\/coleccion1.jpg?w=150 150w, https:\/\/colorincoloradolibros.files.wordpress.com\/2015\/08\/coleccion1.jpg?w=300 300w\" alt=\"coleccion\" data-attachment-id=\"1230\" data-permalink=\"https:\/\/colorincoloradolibros.wordpress.com\/2015\/08\/24\/la-inteligencia-emocional\/coleccion-2\/\" data-orig-file=\"https:\/\/colorincoloradolibros.files.wordpress.com\/2015\/08\/coleccion1.jpg?w=764\" data-orig-size=\"500,287\" data-comments-opened=\"1\" data-image-meta=\"{&quot;aperture&quot;:&quot;0&quot;,&quot;credit&quot;:&quot;&quot;,&quot;camera&quot;:&quot;&quot;,&quot;caption&quot;:&quot;&quot;,&quot;created_timestamp&quot;:&quot;0&quot;,&quot;copyright&quot;:&quot;&quot;,&quot;focal_length&quot;:&quot;0&quot;,&quot;iso&quot;:&quot;0&quot;,&quot;shutter_speed&quot;:&quot;0&quot;,&quot;title&quot;:&quot;&quot;,&quot;orientation&quot;:&quot;0&quot;}\" data-image-title=\"coleccion\" data-image-description=\"\" data-medium-file=\"https:\/\/colorincoloradolibros.files.wordpress.com\/2015\/08\/coleccion1.jpg?w=764?w=300\" data-large-file=\"https:\/\/colorincoloradolibros.files.wordpress.com\/2015\/08\/coleccion1.jpg?w=764?w=500\" \/><\/p>\n<p style=\"text-align: justify;\">Estad colecci\u00f3n est\u00e1 pensada para ayudar a los ni\u00f1os a comprender mejor sus sentimientos, ya que al hacerlo adquieren una mayor autonom\u00eda,est\u00e1 protagonizada por un conejito con el que el lector de 3 a 6 a\u00f1os se sentir\u00e1 identificado pues vive situaciones cotidianas de la vida del ni\u00f1o. Los libros se presentan en un formato de tapa dura y en dos tama\u00f1os distintos.<\/p>\n<\/div>\n<div><\/div>\n<div><strong>Colecci\u00f3n Toni y Tina <\/strong><\/div>\n<div><a href=\"https:\/\/colorincoloradolibros.files.wordpress.com\/2015\/08\/toni-y-tina.jpg\"><img decoding=\"async\" class=\"size-full wp-image-1232 aligncenter\" src=\"https:\/\/colorincoloradolibros.files.wordpress.com\/2015\/08\/toni-y-tina.jpg?w=764\" sizes=\"(max-width: 680px) 100vw, 680px\" srcset=\"https:\/\/colorincoloradolibros.files.wordpress.com\/2015\/08\/toni-y-tina.jpg 680w, https:\/\/colorincoloradolibros.files.wordpress.com\/2015\/08\/toni-y-tina.jpg?w=150 150w, https:\/\/colorincoloradolibros.files.wordpress.com\/2015\/08\/toni-y-tina.jpg?w=300 300w\" alt=\"toni-y-tina\" data-attachment-id=\"1232\" data-permalink=\"https:\/\/colorincoloradolibros.wordpress.com\/2015\/08\/24\/la-inteligencia-emocional\/toni-y-tina\/\" data-orig-file=\"https:\/\/colorincoloradolibros.files.wordpress.com\/2015\/08\/toni-y-tina.jpg?w=764\" data-orig-size=\"680,275\" data-comments-opened=\"1\" data-image-meta=\"{&quot;aperture&quot;:&quot;0&quot;,&quot;credit&quot;:&quot;&quot;,&quot;camera&quot;:&quot;&quot;,&quot;caption&quot;:&quot;&quot;,&quot;created_timestamp&quot;:&quot;0&quot;,&quot;copyright&quot;:&quot;&quot;,&quot;focal_length&quot;:&quot;0&quot;,&quot;iso&quot;:&quot;0&quot;,&quot;shutter_speed&quot;:&quot;0&quot;,&quot;title&quot;:&quot;&quot;,&quot;orientation&quot;:&quot;0&quot;}\" data-image-title=\"toni-y-tina\" data-image-description=\"\" data-medium-file=\"https:\/\/colorincoloradolibros.files.wordpress.com\/2015\/08\/toni-y-tina.jpg?w=764?w=300\" data-large-file=\"https:\/\/colorincoloradolibros.files.wordpress.com\/2015\/08\/toni-y-tina.jpg?w=764?w=680\" \/><\/a><\/div>\n<div><\/div>\n<div style=\"text-align: justify;\">Aprender a gestionar las emociones es uno de los retos m\u00e1s importantes para el desarrollo de los ni\u00f1os y ni\u00f1as. Mediante historias divertidas y cotidianas, la colecci\u00f3n Toni y Tina quiere ayudarles a identificar sus propias emociones, hablar de ellas y afrontarlas. Una buena herramienta para el aprendizaje social y emocional de los m\u00e1s peque\u00f1os, que se complementa con propuestas que generan el di\u00e1logo, adem\u00e1s de juegos y unas orientaciones para el adulto.<\/div>\n<div><\/div>\n<p>Crezco Feliz. \u00a1Las Emociones De Max!<\/p>\n<div>\u00a0<img decoding=\"async\" class=\"alignnone size-full wp-image-12628\" src=\"https:\/\/colorincoloradolibros.files.wordpress.com\/2015\/08\/9788408130512.jpg?w=764\" sizes=\"(max-width: 764px) 100vw, 764px\" srcset=\"https:\/\/colorincoloradolibros.files.wordpress.com\/2015\/08\/9788408130512.jpg?w=764 764w, https:\/\/colorincoloradolibros.files.wordpress.com\/2015\/08\/9788408130512.jpg?w=1528 1528w, https:\/\/colorincoloradolibros.files.wordpress.com\/2015\/08\/9788408130512.jpg?w=150 150w, https:\/\/colorincoloradolibros.files.wordpress.com\/2015\/08\/9788408130512.jpg?w=300 300w, https:\/\/colorincoloradolibros.files.wordpress.com\/2015\/08\/9788408130512.jpg?w=768 768w, https:\/\/colorincoloradolibros.files.wordpress.com\/2015\/08\/9788408130512.jpg?w=1024 1024w\" alt=\"9788408130512\" data-attachment-id=\"12628\" data-permalink=\"https:\/\/colorincoloradolibros.wordpress.com\/2015\/08\/24\/la-inteligencia-emocional\/attachment\/9788408130512\/\" data-orig-file=\"https:\/\/colorincoloradolibros.files.wordpress.com\/2015\/08\/9788408130512.jpg?w=764\" data-orig-size=\"2000,1341\" data-comments-opened=\"1\" data-image-meta=\"{&quot;aperture&quot;:&quot;0&quot;,&quot;credit&quot;:&quot;&quot;,&quot;camera&quot;:&quot;&quot;,&quot;caption&quot;:&quot;&quot;,&quot;created_timestamp&quot;:&quot;0&quot;,&quot;copyright&quot;:&quot;&quot;,&quot;focal_length&quot;:&quot;0&quot;,&quot;iso&quot;:&quot;0&quot;,&quot;shutter_speed&quot;:&quot;0&quot;,&quot;title&quot;:&quot;&quot;,&quot;orientation&quot;:&quot;0&quot;}\" data-image-title=\"9788408130512\" data-image-description=\"\" data-medium-file=\"https:\/\/colorincoloradolibros.files.wordpress.com\/2015\/08\/9788408130512.jpg?w=764?w=300\" data-large-file=\"https:\/\/colorincoloradolibros.files.wordpress.com\/2015\/08\/9788408130512.jpg?w=764?w=764\" \/><\/div>\n<div><\/div>\n<div style=\"text-align: justify;\">\u00a0Los m\u00e1s peque\u00f1os tienen un nuevo amigo que les acompa\u00f1ar\u00e1 a sentir sus emociones: \u00a1Max el erizo! , pero no pasaba un d\u00eda sin que se metiera en problemas. Estaba muy triste porque no pod\u00eda controlar sus emociones, cada d\u00eda se enfadaba, se sent\u00eda frustrado y empezaban las peleas. Hasta que un d\u00eda, le ayudaron y ense\u00f1aron c\u00f3mo solucionar sus problemas. En este cuento encontrar\u00e1s el m\u00e9todo de Max en 4 pasos para gestionar positivamente las emociones.<\/div>\n<div><\/div>\n<div class=\"jetpack-video-wrapper\"><span class=\"embed-youtube\"><iframe class=\"youtube-player\" src=\"https:\/\/www.youtube.com\/embed\/0n053mHuSMc?version=3&amp;rel=1&amp;fs=1&amp;autohide=2&amp;showsearch=0&amp;showinfo=1&amp;iv_load_policy=1&amp;wmode=transparent\" allowfullscreen=\"allowfullscreen\" data-ratio=\"0.6020942408376964\" data-width=\"764\" data-height=\"460\" data-mce-fragment=\"1\"><\/iframe><\/span><\/div>\n<p>Diario De Las Emociones<\/p>\n<p><img decoding=\"async\" class=\" size-full wp-image-12629 aligncenter\" src=\"https:\/\/colorincoloradolibros.files.wordpress.com\/2015\/08\/9788449330032.jpg?w=764\" sizes=\"(max-width: 764px) 100vw, 764px\" srcset=\"https:\/\/colorincoloradolibros.files.wordpress.com\/2015\/08\/9788449330032.jpg?w=764 764w, https:\/\/colorincoloradolibros.files.wordpress.com\/2015\/08\/9788449330032.jpg?w=100 100w, https:\/\/colorincoloradolibros.files.wordpress.com\/2015\/08\/9788449330032.jpg?w=200 200w, https:\/\/colorincoloradolibros.files.wordpress.com\/2015\/08\/9788449330032.jpg?w=768 768w, https:\/\/colorincoloradolibros.files.wordpress.com\/2015\/08\/9788449330032.jpg?w=684 684w, https:\/\/colorincoloradolibros.files.wordpress.com\/2015\/08\/9788449330032.jpg 1336w\" alt=\"9788449330032\" data-attachment-id=\"12629\" data-permalink=\"https:\/\/colorincoloradolibros.wordpress.com\/2015\/08\/24\/la-inteligencia-emocional\/attachment\/9788449330032\/\" data-orig-file=\"https:\/\/colorincoloradolibros.files.wordpress.com\/2015\/08\/9788449330032.jpg?w=764\" data-orig-size=\"1336,2000\" data-comments-opened=\"1\" data-image-meta=\"{&quot;aperture&quot;:&quot;0&quot;,&quot;credit&quot;:&quot;&quot;,&quot;camera&quot;:&quot;&quot;,&quot;caption&quot;:&quot;&quot;,&quot;created_timestamp&quot;:&quot;0&quot;,&quot;copyright&quot;:&quot;&quot;,&quot;focal_length&quot;:&quot;0&quot;,&quot;iso&quot;:&quot;0&quot;,&quot;shutter_speed&quot;:&quot;0&quot;,&quot;title&quot;:&quot;&quot;,&quot;orientation&quot;:&quot;0&quot;}\" data-image-title=\"9788449330032\" data-image-description=\"\" data-medium-file=\"https:\/\/colorincoloradolibros.files.wordpress.com\/2015\/08\/9788449330032.jpg?w=764?w=200\" data-large-file=\"https:\/\/colorincoloradolibros.files.wordpress.com\/2015\/08\/9788449330032.jpg?w=764?w=684\" \/><\/p>\n<p style=\"text-align: justify;\">Identificar lo que uno siente parece f\u00e1cil pero, en realidad, no lo es tanto. Se nos ha ense\u00f1ado a pensar, a actuar, a decidir, pero\u2026 \u00bfy a sentir? Este diario trata precisamente de eso. De que sientas tus emociones, las reconozcas y las expreses de una manera l\u00fadica, pr\u00e1ctica, divertida y creativa, mediante una serie de ejercicios art\u00edsticos podr\u00e1s dar rienda suelta a tu creatividad, canalizar tus emociones negativas y fomentar tus emociones positivas, logrando as\u00ed un aumento del bienestar y un mayor conocimiento de ti mismo.<\/p>\n<div class=\"jetpack-video-wrapper\"><span class=\"embed-youtube\"><iframe class=\"youtube-player\" src=\"https:\/\/www.youtube.com\/embed\/X73l12Fwi7Q?version=3&amp;rel=1&amp;fs=1&amp;autohide=2&amp;showsearch=0&amp;showinfo=1&amp;iv_load_policy=1&amp;wmode=transparent\" allowfullscreen=\"allowfullscreen\" data-ratio=\"0.6020942408376964\" data-width=\"764\" data-height=\"460\" data-mce-fragment=\"1\"><\/iframe><\/span><\/div>\n<p>El Arte De Emocionarte<\/p>\n<p><img decoding=\"async\" class=\" size-full wp-image-12632 aligncenter\" src=\"https:\/\/colorincoloradolibros.files.wordpress.com\/2015\/08\/9788415594901.jpg?w=764\" sizes=\"(max-width: 609px) 100vw, 609px\" srcset=\"https:\/\/colorincoloradolibros.files.wordpress.com\/2015\/08\/9788415594901.jpg 609w, https:\/\/colorincoloradolibros.files.wordpress.com\/2015\/08\/9788415594901.jpg?w=119 119w, https:\/\/colorincoloradolibros.files.wordpress.com\/2015\/08\/9788415594901.jpg?w=238 238w\" alt=\"9788415594901\" data-attachment-id=\"12632\" data-permalink=\"https:\/\/colorincoloradolibros.wordpress.com\/2015\/08\/24\/la-inteligencia-emocional\/attachment\/9788415594901\/\" data-orig-file=\"https:\/\/colorincoloradolibros.files.wordpress.com\/2015\/08\/9788415594901.jpg?w=764\" data-orig-size=\"609,768\" data-comments-opened=\"1\" data-image-meta=\"{&quot;aperture&quot;:&quot;0&quot;,&quot;credit&quot;:&quot;&quot;,&quot;camera&quot;:&quot;&quot;,&quot;caption&quot;:&quot;&quot;,&quot;created_timestamp&quot;:&quot;0&quot;,&quot;copyright&quot;:&quot;&quot;,&quot;focal_length&quot;:&quot;0&quot;,&quot;iso&quot;:&quot;0&quot;,&quot;shutter_speed&quot;:&quot;0&quot;,&quot;title&quot;:&quot;&quot;,&quot;orientation&quot;:&quot;0&quot;}\" data-image-title=\"9788415594901\" data-image-description=\"\" data-medium-file=\"https:\/\/colorincoloradolibros.files.wordpress.com\/2015\/08\/9788415594901.jpg?w=764?w=238\" data-large-file=\"https:\/\/colorincoloradolibros.files.wordpress.com\/2015\/08\/9788415594901.jpg?w=764?w=609\" \/><\/p>\n<div>\n<p style=\"text-align: justify;\">Este libro nos invita a explorar las emociones que construyen nuestra vida, porque, aunque todos las experimentamos constantemente, no todos somos conscientes de los distintos matices que las acompa\u00f1an. Y conocerlos es un arte, un arte que nos lleva a tener una vida m\u00e1s arm\u00f3nica, m\u00e1s plena. Durante este paseo interior, los autores nos gu\u00edan, con delicadeza, a trav\u00e9s de cuarenta emociones mediante curiosidades, citas, juegos mentales<b>\u2026<\/b>Un entretenido viaje que est\u00e1 acompa\u00f1ado por sugerentes ilustraciones.<\/p>\n<div class=\"jetpack-video-wrapper\"><span class=\"embed-youtube\"><iframe class=\"youtube-player\" src=\"https:\/\/www.youtube.com\/embed\/Qz0xHQuVOYs?version=3&amp;rel=1&amp;fs=1&amp;autohide=2&amp;showsearch=0&amp;showinfo=1&amp;iv_load_policy=1&amp;wmode=transparent\" allowfullscreen=\"allowfullscreen\" data-ratio=\"0.6020942408376964\" data-width=\"764\" data-height=\"460\" data-mce-fragment=\"1\"><\/iframe><\/span><\/div>\n<\/div>\n<div><\/div>\n<div><\/div>\n<div>Fuente:color\u00edncoloradolibros.<\/div>\n<div>\n<p>&nbsp;<\/p>\n<\/div>\n<div id=\"atatags-370373-5b55a2052f055\"><\/div>\n<div class=\"wpcnt\">\n<div class=\"wpa wpmrec\"><\/div>\n<\/div>\n","protected":false},"excerpt":{"rendered":"<p>Hoy adjuntamos este post acerca de diverso material para trabajar las emociones. Esperamos que os resulte de inter\u00e9s en vuestra labor docente: Tenia muchas ganas de hacer un post para hablar de libros infantiles que hablaran sobre las emociones y &hellip; <a href=\"https:\/\/buenostratos-blog.larioja.org\/?p=2150\">Sigue leyendo <span class=\"meta-nav\">&rarr;<\/span><\/a><\/p>\n","protected":false},"author":2,"featured_media":0,"comment_status":"open","ping_status":"closed","sticky":false,"template":"","format":"standard","meta":{"footnotes":""},"categories":[3],"tags":[],"_links":{"self":[{"href":"https:\/\/buenostratos-blog.larioja.org\/index.php?rest_route=\/wp\/v2\/posts\/2150"}],"collection":[{"href":"https:\/\/buenostratos-blog.larioja.org\/index.php?rest_route=\/wp\/v2\/posts"}],"about":[{"href":"https:\/\/buenostratos-blog.larioja.org\/index.php?rest_route=\/wp\/v2\/types\/post"}],"author":[{"embeddable":true,"href":"https:\/\/buenostratos-blog.larioja.org\/index.php?rest_route=\/wp\/v2\/users\/2"}],"replies":[{"embeddable":true,"href":"https:\/\/buenostratos-blog.larioja.org\/index.php?rest_route=%2Fwp%2Fv2%2Fcomments&post=2150"}],"version-history":[{"count":8,"href":"https:\/\/buenostratos-blog.larioja.org\/index.php?rest_route=\/wp\/v2\/posts\/2150\/revisions"}],"predecessor-version":[{"id":2158,"href":"https:\/\/buenostratos-blog.larioja.org\/index.php?rest_route=\/wp\/v2\/posts\/2150\/revisions\/2158"}],"wp:attachment":[{"href":"https:\/\/buenostratos-blog.larioja.org\/index.php?rest_route=%2Fwp%2Fv2%2Fmedia&parent=2150"}],"wp:term":[{"taxonomy":"category","embeddable":true,"href":"https:\/\/buenostratos-blog.larioja.org\/index.php?rest_route=%2Fwp%2Fv2%2Fcategories&post=2150"},{"taxonomy":"post_tag","embeddable":true,"href":"https:\/\/buenostratos-blog.larioja.org\/index.php?rest_route=%2Fwp%2Fv2%2Ftags&post=2150"}],"curies":[{"name":"wp","href":"https:\/\/api.w.org\/{rel}","templated":true}]}}