{"id":2125,"date":"2018-06-21T07:17:10","date_gmt":"2018-06-21T07:17:10","guid":{"rendered":"http:\/\/buenostratos-blog.larioja.org\/?p=2125"},"modified":"2019-12-17T11:38:20","modified_gmt":"2019-12-17T11:38:20","slug":"dia-europeo-de-la-musica","status":"publish","type":"post","link":"https:\/\/buenostratos-blog.larioja.org\/?p=2125","title":{"rendered":"D\u00eda Europeo de la m\u00fasica."},"content":{"rendered":"<p style=\"text-align: justify;\">Iniciada en Francia en 1982 como \u201cFiesta de la M\u00fasica\u201d e instituida como celebraci\u00f3n europea en 1985 (A\u00f1o Europeo de la M\u00fasica), cada solsticio de verano, el 21 de junio, la Uni\u00f3n Europea celebra una jornada destinada a <span style=\"color: #800080;\">promover el intercambio cultural entre los pueblos, el trasvase musical de unos territorios a otros.<img loading=\"lazy\" decoding=\"async\" class=\"alignright size-medium wp-image-2126\" src=\"http:\/\/buenostratos-blog.larioja.org\/wp-content\/uploads\/2018\/06\/diamusica-300x114.jpg\" alt=\"\" width=\"300\" height=\"114\" srcset=\"https:\/\/buenostratos-blog.larioja.org\/wp-content\/uploads\/2018\/06\/diamusica-300x114.jpg 300w, https:\/\/buenostratos-blog.larioja.org\/wp-content\/uploads\/2018\/06\/diamusica-768x291.jpg 768w, https:\/\/buenostratos-blog.larioja.org\/wp-content\/uploads\/2018\/06\/diamusica-1024x388.jpg 1024w, https:\/\/buenostratos-blog.larioja.org\/wp-content\/uploads\/2018\/06\/diamusica-500x189.jpg 500w, https:\/\/buenostratos-blog.larioja.org\/wp-content\/uploads\/2018\/06\/diamusica.jpg 1075w\" sizes=\"(max-width: 300px) 100vw, 300px\" \/><\/span><\/p>\n<p style=\"text-align: justify;\">Su objetivo es promocionar la m\u00fasica de dos maneras: la primera, que los m\u00fasicos aficionados voluntariamente salgan a tocar a la calle. La segunda es con la organizaci\u00f3n de conciertos gratuitos, en los que el p\u00fablico tenga la oportunidad de presenciar sus artistas preferidos sin importar estilo ni origen.<\/p>\n<p style=\"text-align: justify;\">Desde el <span style=\"color: #800080;\"><strong>Programa de Buenos Tratos<\/strong> <\/span>utilizamos tambi\u00e9n la m\u00fasica como herramienta pedag\u00f3gica. Dispone de un CD que\u00a0 contiene canciones y cuentos con los que reforzar los valores del Programa de Buenos Tratos. Se propone utilizar la m\u00fasica para poner en funcionamiento la imaginaci\u00f3n y la fantas\u00eda de forma que podamos potenciar el mundo afectivo y las relaciones sociales de los y las menores.<\/p>\n<p><a href=\"https:\/\/buenostratos.larioja.org\/publicaciones.html\">https:\/\/buenostratos.larioja.org\/publicaciones.html<\/a><\/p>\n<p style=\"text-align: justify;\">Desde el INTEF se recogen algunos de los recursos y p\u00e1ginas de inter\u00e9s para desarrollar el tema en las aulas.<\/p>\n<p><span style=\"color: #800080;\"><strong>RECURSOS EDUCATIVOS EN EL PORTAL DEL INTEF<\/strong><\/span><\/p>\n<ul>\n<li><a title=\"Acceso al recurso, abre una nueva ventana.\" href=\"http:\/\/www.ite.educacion.es\/w3\/eos\/MaterialesEducativos\/mem2006\/musica_educa\/index.html\" target=\"_blank\" rel=\"noopener noreferrer\">Proyecto M\u00fasica Educa, el aula de los sonidos<\/a><\/li>\n<li><a title=\"Acceso al recurso, abre una nueva ventana.\" href=\"http:\/\/www.ite.educacion.es\/w3\/eos\/MaterialesEducativos\/mem2007\/pequennos_musicos\/\" target=\"_blank\" rel=\"noopener noreferrer\">Los peque\u00f1os m\u00fasicos<\/a><\/li>\n<li><a title=\"Acceso al recurso, abre una nueva ventana.\" href=\"http:\/\/recursostic.educacion.es\/primaria\/primartis\/web\/\" target=\"_blank\" rel=\"noopener noreferrer\">Proyecto \u201cPrimartis\u201d. El sonido, el ritmo, la forma, el color&#8230;<\/a><\/li>\n<li><a title=\"Acceso al recurso, abre una nueva ventana.\" href=\"http:\/\/recursostic.educacion.es\/artes\/mos\/version\/v1\/\" target=\"_blank\" rel=\"noopener noreferrer\">Proyecto Mos<\/a><\/li>\n<li><a title=\"Acceso al recurso, abre una nueva ventana.\" href=\"http:\/\/www.ite.educacion.es\/w3\/eos\/MaterialesEducativos\/mem2002\/musica_modo\/\" target=\"_blank\" rel=\"noopener noreferrer\">M\u00fasica. Un modo de conocerla<\/a><\/li>\n<li><a title=\"Acceso al recurso, abre una nueva ventana.\" href=\"http:\/\/www.ite.educacion.es\/w3\/eos\/MaterialesEducativos\/mem2006\/reciclar_tocar\/index.htm\" target=\"_blank\" rel=\"noopener noreferrer\">Reutilizar y tocar. Construcci\u00f3n de instrumentos musicales con materiales de desecho<\/a><\/li>\n<li><a title=\"Acceso al recurso, abre una nueva ventana.\" href=\"http:\/\/www.ite.educacion.es\/w3\/eos\/MaterialesEducativos\/mem2001\/musica\/index.html\" target=\"_blank\" rel=\"noopener noreferrer\">La m\u00fasica antigua espa\u00f1ola<\/a><\/li>\n<li><a title=\"Acceso al recurso, abre una nueva ventana.\" href=\"http:\/\/recursostic.educacion.es\/artes\/rem\/web\/\" target=\"_blank\" rel=\"noopener noreferrer\">Red Educativa Musical<\/a><\/li>\n<\/ul>\n<p><span style=\"color: #800080;\"><strong>P\u00c1GINAS DE INTER\u00c9S<\/strong><\/span><\/p>\n<ul>\n<li><a title=\" Acceso a la p\u00e1gina, abre una nueva ventana.\" href=\"http:\/\/blog.bivem.net\/?cat=39\" target=\"_blank\" rel=\"noopener noreferrer\">Biblioteca Virtual de Educaci\u00f3n Musical\u00a0\u00a0 <\/a><\/li>\n<li><a title=\" Acceso a la p\u00e1gina, abre una nueva ventana.\" href=\"http:\/\/www.juntadeandalucia.es\/averroes\/recursos_informaticos\/concurso2002\/accesit_2\/index.htm\" target=\"_blank\" rel=\"noopener noreferrer\">Averrores &#8211; Divi\u00e9rtete con la m\u00fasica<\/a><\/li>\n<li><a title=\" Acceso a la p\u00e1gina, abre una nueva ventana.\" href=\"http:\/\/www.pdimusica.com\/\" target=\"_blank\" rel=\"noopener noreferrer\">PdiMusica. M\u00e1s de 2000 Juegos y Actividades interactivas para aprender M\u00fasica<\/a><\/li>\n<li><a title=\" Acceso a la p\u00e1gina, abre una nueva ventana.\" href=\"http:\/\/www.educa.madrid.org\/web\/csm.realconservatorio.madrid\/\" target=\"_blank\" rel=\"noopener noreferrer\">Real Conservatorio de M\u00fasica de Madrid<\/a><\/li>\n<li><a title=\" Acceso a la p\u00e1gina, abre una nueva ventana.\" href=\"http:\/\/mariajesusmusica.wordpress.com\/\" target=\"_blank\" rel=\"noopener noreferrer\">Blog Recursos Musicales<\/a><\/li>\n<li><a href=\"http:\/\/www.xtec.cat\/~cmiro12\/projecte\/indexc.htm\">Web de M\u00fasica<\/a><\/li>\n<\/ul>\n<p>Imagen: Mar\u00eda Vega L\u00e1zaro<\/p>\n<p>Fuente: Intef http:\/\/www.ite.educacion.es<\/p>\n<p>&nbsp;<\/p>\n","protected":false},"excerpt":{"rendered":"<p>Iniciada en Francia en 1982 como \u201cFiesta de la M\u00fasica\u201d e instituida como celebraci\u00f3n europea en 1985 (A\u00f1o Europeo de la M\u00fasica), cada solsticio de verano, el 21 de junio, la Uni\u00f3n Europea celebra una jornada destinada a promover el &hellip; <a href=\"https:\/\/buenostratos-blog.larioja.org\/?p=2125\">Sigue leyendo <span class=\"meta-nav\">&rarr;<\/span><\/a><\/p>\n","protected":false},"author":2,"featured_media":0,"comment_status":"open","ping_status":"closed","sticky":false,"template":"","format":"standard","meta":{"footnotes":""},"categories":[13],"tags":[],"_links":{"self":[{"href":"https:\/\/buenostratos-blog.larioja.org\/index.php?rest_route=\/wp\/v2\/posts\/2125"}],"collection":[{"href":"https:\/\/buenostratos-blog.larioja.org\/index.php?rest_route=\/wp\/v2\/posts"}],"about":[{"href":"https:\/\/buenostratos-blog.larioja.org\/index.php?rest_route=\/wp\/v2\/types\/post"}],"author":[{"embeddable":true,"href":"https:\/\/buenostratos-blog.larioja.org\/index.php?rest_route=\/wp\/v2\/users\/2"}],"replies":[{"embeddable":true,"href":"https:\/\/buenostratos-blog.larioja.org\/index.php?rest_route=%2Fwp%2Fv2%2Fcomments&post=2125"}],"version-history":[{"count":3,"href":"https:\/\/buenostratos-blog.larioja.org\/index.php?rest_route=\/wp\/v2\/posts\/2125\/revisions"}],"predecessor-version":[{"id":2491,"href":"https:\/\/buenostratos-blog.larioja.org\/index.php?rest_route=\/wp\/v2\/posts\/2125\/revisions\/2491"}],"wp:attachment":[{"href":"https:\/\/buenostratos-blog.larioja.org\/index.php?rest_route=%2Fwp%2Fv2%2Fmedia&parent=2125"}],"wp:term":[{"taxonomy":"category","embeddable":true,"href":"https:\/\/buenostratos-blog.larioja.org\/index.php?rest_route=%2Fwp%2Fv2%2Fcategories&post=2125"},{"taxonomy":"post_tag","embeddable":true,"href":"https:\/\/buenostratos-blog.larioja.org\/index.php?rest_route=%2Fwp%2Fv2%2Ftags&post=2125"}],"curies":[{"name":"wp","href":"https:\/\/api.w.org\/{rel}","templated":true}]}}