{"id":2099,"date":"2018-05-09T10:32:27","date_gmt":"2018-05-09T10:32:27","guid":{"rendered":"http:\/\/buenostratos-blog.larioja.org\/?p=2099"},"modified":"2019-12-17T11:38:20","modified_gmt":"2019-12-17T11:38:20","slug":"educar-a-los-jovenes-en-el-respeto-a-los-derechos-humanos","status":"publish","type":"post","link":"https:\/\/buenostratos-blog.larioja.org\/?p=2099","title":{"rendered":"\u201cEducar a los j\u00f3venes en el respeto a los derechos humanos\u00bb."},"content":{"rendered":"<p class=\"cmParagraph\" style=\"text-align: justify;\">El presidente del Gobierno de La Rioja, Jos\u00e9 Ignacio Ceniceros, ha asegurado hoy, en la apertura de las Jornadas educativas sobre el Holocausto y el antisemitismo, que \u00ab<span style=\"color: #800080;\">educar a los j\u00f3venes en el respeto a los derechos humanos y la tolerancia<\/span> es la mejor inversi\u00f3n de futuro que podemos hacer\u00bb.<\/p>\n<p class=\"cmParagraph\" style=\"text-align: justify;\">Jos\u00e9 Ignacio Ceniceros ha subrayado que <strong><span style=\"color: #800080;\">la educaci\u00f3n \u00abes clave para luchar contra la violencia, la discriminaci\u00f3n o la intolerancia\u00bb<\/span><\/strong> y ha considerado necesario introducir en el curr\u00edculo escolar \u00abcon normalidad\u00bb, las herramientas que permitan a los j\u00f3venes <span style=\"color: #800080;\">\u00abhacer frente con \u00e9xito a cualquier manifestaci\u00f3n de abuso, racismo o fanatismo que se pueda producir en el futuro\u00bb<\/span>. Entre estas herramientas, ha citado el testimonio de las v\u00edctimas de la banda terrorista ETA o estas jornadas sobre el Holocausto que, ha afirmado: \u00abRepresenta el cap\u00edtulo m\u00e1s negro de la historia de la humanidad, cuyas lecciones nunca debemos olvidar\u00bb.<\/p>\n<p class=\"cmParagraph\" style=\"text-align: justify;\">\u00abEs un deber como sociedad tener siempre presente el dolor y el horror que provocaron, porque el olvido es lo peor que nos podr\u00eda pasar. Monstruosidades como estas no pueden volver a ocurrir y, para ello, es importante construir el relato de la verdad de lo sucedido y honrar permanentemente a las v\u00edctimas\u00bb, ha subrayado el presidente del Gobierno de La Rioja antes de afirmar: \u00abnuestra obligaci\u00f3n moral es trabajar para evitarlo en un futuro\u00bb.<\/p>\n<p class=\"cmParagraph\" style=\"text-align: justify;\">En este sentido, ha considerado de gran utilidad <span style=\"color: #800080;\">acciones educativas<\/span> como estas jornadas para <span style=\"color: #800080;\">concienciar y prevenir<\/span> el antisemitismo <span style=\"color: #800080;\">en los centros educativos<\/span> y ha reconocido que la responsabilidad de los profesores, a los que van dirigidas estas jornadas, es \u00abmuy grande\u00bb, pero ha asegurado que es \u00aba\u00fan mayor\u00bb la confianza depositada en ellos \u00abcomo formadores de los ciudadanos del ma\u00f1ana\u00bb.<\/p>\n<p class=\"cmParagraph\" style=\"text-align: justify;\">Adem\u00e1s, ha indicado que el objetivo de estas jornadas est\u00e1 alineado con los del Ejecutivo riojano, que \u00abha integrado el enfoque de los derechos humanos en las distintas pol\u00edticas p\u00fablicas, como la memoria hist\u00f3rica, la pol\u00edtica de infancia o la de familia\u00bb; trabaja para consolidar nuevos derechos humanos con un marco normativo m\u00e1s amplio como la Ley de Renta de Ciudadan\u00eda o la Ley de participaci\u00f3n Ciudadana y est\u00e1 impulsando la educaci\u00f3n la cultura de los derechos humanos a trav\u00e9s de la C\u00e1tedra UNESCO.<\/p>\n<p class=\"cmParagraph\" style=\"text-align: justify;\">Con estas pol\u00edticas, seg\u00fan ha explicado Jos\u00e9 Ignacio Ceniceros, el Ejecutivo riojano pretende \u00abavanzar en la construcci\u00f3n de una comunidad basada en derechos\u00bb, poner en el centro de la vida cotidiana los principios democr\u00e1ticos y el respeto a los derechos humanos y situar en el centro tambi\u00e9n el reconocimiento y el respeto a la diversidad\u00bb.<\/p>\n<p class=\"cmParagraph\" style=\"text-align: justify;\">El Gobierno de La Rioja ha organizado las Jornadas Educativas sobre el Holocausto y el Antisemitismo, que se celebran hoy y ma\u00f1ana en el IES Hermanos D\u2019Elh\u00fayar de Logro\u00f1o, en colaboraci\u00f3n del Ministerio de Educaci\u00f3n, Cultura y Deporte, que en febrero firm\u00f3 un convenio con la Federaci\u00f3n de Comunidades Jud\u00edas de Espa\u00f1a para llevar a cabo acciones educativas dirigidas al profesorado de Educaci\u00f3n Infantil, Primaria y Secundaria para la concienciaci\u00f3n y prevenci\u00f3n del antisemitismo en los centros educativos.<\/p>\n<p class=\"cmParagraph\" style=\"text-align: justify;\">En las jornadas est\u00e1 prevista la participar\u00e1n de unos 150 docentes del Sistema Educativo Riojano de diferentes niveles, especialmente profesores de Geograf\u00eda e Historia, Filosof\u00eda, Orientaci\u00f3n Educativa, Religi\u00f3n y Valores \u00c9ticos.<\/p>\n<p class=\"cmParagraph\" style=\"text-align: justify;\">El programa de actividades incluye 8 conferencias y mesas redondas en las que participar\u00e1n ponentes y expertos en la materia de primer nivel como el presidente de la Federaci\u00f3n de Comunidades Jud\u00edas de Espa\u00f1a, Isaac Querub; el embajador de Israel en Espa\u00f1a, Daniel Kutner; la directora del \u00e1rea de holocausto y antisemitismo de Centro Sefarad-Israel, Yessica San Rom\u00e1n; o la directora Centro Nacional de Innovaci\u00f3n e Investigaci\u00f3n Educativa (CNIIE), Violeta Miguel P\u00e9rez, entre otros.<\/p>\n<p class=\"cmParagraph\" style=\"text-align: justify;\">Adem\u00e1s, los alumnos del IES D\u2019Elh\u00fayar asistir\u00e1n a una charla impartida por Juan Carlos Sanz Briz, hijo del embajador espa\u00f1ol \u00c1ngel Sanz Briz, quien estando destinado en la Embajada de Espa\u00f1a en Budapest, entre 1943 y 1944 logr\u00f3 salvar la vida de m\u00e1s de cinco mil personas mediante la expedici\u00f3n de pasaportes y el alojo en casas adscritas a la legaci\u00f3n diplom\u00e1tica espa\u00f1ola. Por esta labor, el gobierno de Israel le concedi\u00f3 en 1966 la m\u00e1xima distinci\u00f3n como Justo entre las Naciones, siendo el primer espa\u00f1ol en recibirla. Tambi\u00e9n participar\u00e1 en ella la presidenta de la Fundaci\u00f3n Violeta Friedman, Patricia Weisz Friedman, que vela por el recuerdo de esta superviviente de Auschwitz que fue pionera en Espa\u00f1a en la lucha por lograr la inclusi\u00f3n del racismo y los delitos de odio en el C\u00f3digo Penal.<\/p>\n","protected":false},"excerpt":{"rendered":"<p>El presidente del Gobierno de La Rioja, Jos\u00e9 Ignacio Ceniceros, ha asegurado hoy, en la apertura de las Jornadas educativas sobre el Holocausto y el antisemitismo, que \u00abeducar a los j\u00f3venes en el respeto a los derechos humanos y la &hellip; <a href=\"https:\/\/buenostratos-blog.larioja.org\/?p=2099\">Sigue leyendo <span class=\"meta-nav\">&rarr;<\/span><\/a><\/p>\n","protected":false},"author":2,"featured_media":0,"comment_status":"open","ping_status":"closed","sticky":false,"template":"","format":"standard","meta":{"footnotes":""},"categories":[13,3],"tags":[],"_links":{"self":[{"href":"https:\/\/buenostratos-blog.larioja.org\/index.php?rest_route=\/wp\/v2\/posts\/2099"}],"collection":[{"href":"https:\/\/buenostratos-blog.larioja.org\/index.php?rest_route=\/wp\/v2\/posts"}],"about":[{"href":"https:\/\/buenostratos-blog.larioja.org\/index.php?rest_route=\/wp\/v2\/types\/post"}],"author":[{"embeddable":true,"href":"https:\/\/buenostratos-blog.larioja.org\/index.php?rest_route=\/wp\/v2\/users\/2"}],"replies":[{"embeddable":true,"href":"https:\/\/buenostratos-blog.larioja.org\/index.php?rest_route=%2Fwp%2Fv2%2Fcomments&post=2099"}],"version-history":[{"count":1,"href":"https:\/\/buenostratos-blog.larioja.org\/index.php?rest_route=\/wp\/v2\/posts\/2099\/revisions"}],"predecessor-version":[{"id":2100,"href":"https:\/\/buenostratos-blog.larioja.org\/index.php?rest_route=\/wp\/v2\/posts\/2099\/revisions\/2100"}],"wp:attachment":[{"href":"https:\/\/buenostratos-blog.larioja.org\/index.php?rest_route=%2Fwp%2Fv2%2Fmedia&parent=2099"}],"wp:term":[{"taxonomy":"category","embeddable":true,"href":"https:\/\/buenostratos-blog.larioja.org\/index.php?rest_route=%2Fwp%2Fv2%2Fcategories&post=2099"},{"taxonomy":"post_tag","embeddable":true,"href":"https:\/\/buenostratos-blog.larioja.org\/index.php?rest_route=%2Fwp%2Fv2%2Ftags&post=2099"}],"curies":[{"name":"wp","href":"https:\/\/api.w.org\/{rel}","templated":true}]}}