{"id":2073,"date":"2018-04-23T07:45:33","date_gmt":"2018-04-23T07:45:33","guid":{"rendered":"http:\/\/buenostratos-blog.larioja.org\/?p=2073"},"modified":"2019-12-17T11:38:20","modified_gmt":"2019-12-17T11:38:20","slug":"dia-del-libro-2","status":"publish","type":"post","link":"https:\/\/buenostratos-blog.larioja.org\/?p=2073","title":{"rendered":"D\u00eda del libro"},"content":{"rendered":"<p style=\"text-align: justify;\">El D\u00eda del Libro fue establecido el 23 de Junio por la ONU con el prop\u00f3sito de <span style=\"color: #800080;\">promover la lectura<\/span>, publicaci\u00f3n y los derechos de autor a nivel mundial. El origen del D\u00eda del Libro se basa en la<span style=\"color: #800080;\"> conmemoraci\u00f3n del fallecimiento<\/span> de William <span style=\"color: #800080;\">Shakespeare<\/span>, Miguel de<span style=\"color: #800080;\"> cervantes<\/span> Saavedra y el Inca <span style=\"color: #800080;\">Garcilaso de la Vega<\/span> en 1616. Esta celebraci\u00f3n fue creada con varios motivos: <span style=\"color: #800080;\">combatir el analfabetismo, fomentar la cultura, rendir homenaje universal a los libros y autores,<\/span> y simplemente alentar a todas las personas a disfrutar del placer de la lectura. Tanto la celebraci\u00f3n como su fecha fueron instituidas durante la Conferencia General de la UNESCO de 1995. La iniciativa para celebrar este d\u00eda se debe a la Uni\u00f3n Internacional de Editores (asociaci\u00f3n que representa la industria editorial a nivel internacional desde su fundaci\u00f3n en 1896). Actualmente esta celebraci\u00f3n es acogida por m\u00e1s de 100 pa\u00edses alrededor del mundo.<img loading=\"lazy\" decoding=\"async\" class=\"alignleft wp-image-2074\" src=\"http:\/\/buenostratos-blog.larioja.org\/wp-content\/uploads\/2018\/04\/cabecera-dia-libro-2018.jpg-300x101.jpg\" alt=\"\" width=\"300\" height=\"101\" srcset=\"https:\/\/buenostratos-blog.larioja.org\/wp-content\/uploads\/2018\/04\/cabecera-dia-libro-2018.jpg-300x101.jpg 300w, https:\/\/buenostratos-blog.larioja.org\/wp-content\/uploads\/2018\/04\/cabecera-dia-libro-2018.jpg-768x258.jpg 768w, https:\/\/buenostratos-blog.larioja.org\/wp-content\/uploads\/2018\/04\/cabecera-dia-libro-2018.jpg-1024x344.jpg 1024w, https:\/\/buenostratos-blog.larioja.org\/wp-content\/uploads\/2018\/04\/cabecera-dia-libro-2018.jpg-500x168.jpg 500w, https:\/\/buenostratos-blog.larioja.org\/wp-content\/uploads\/2018\/04\/cabecera-dia-libro-2018.jpg.jpg 1280w\" sizes=\"(max-width: 300px) 100vw, 300px\" \/><\/p>\n<p style=\"text-align: justify;\"><em>\u00abLa alfabetizaci\u00f3n es la puerta de entrada al aprendizaje y es esencial para fomentar la autoestima y la autonom\u00eda de las personas. Los libros, en todas sus formas, desempe\u00f1an una funci\u00f3n esencial a este respecto<\/em>.\u00bb Irina Bokova, directora general de la UNESCO el 23\/04\/2015 en Par\u00eds, Francia.<\/p>\n<p><a href=\"http:\/\/www.mecd.gob.es\/mc\/dia-libro\/presentacion\/2018\/actividades.html\">Actividades del d\u00eda del Libro 2018<\/a><\/p>\n<p>Fuente:http:\/\/www.mecd.gob.es<\/p>\n","protected":false},"excerpt":{"rendered":"<p>El D\u00eda del Libro fue establecido el 23 de Junio por la ONU con el prop\u00f3sito de promover la lectura, publicaci\u00f3n y los derechos de autor a nivel mundial. El origen del D\u00eda del Libro se basa en la conmemoraci\u00f3n &hellip; <a href=\"https:\/\/buenostratos-blog.larioja.org\/?p=2073\">Sigue leyendo <span class=\"meta-nav\">&rarr;<\/span><\/a><\/p>\n","protected":false},"author":2,"featured_media":0,"comment_status":"open","ping_status":"closed","sticky":false,"template":"","format":"standard","meta":{"footnotes":""},"categories":[13,3],"tags":[],"_links":{"self":[{"href":"https:\/\/buenostratos-blog.larioja.org\/index.php?rest_route=\/wp\/v2\/posts\/2073"}],"collection":[{"href":"https:\/\/buenostratos-blog.larioja.org\/index.php?rest_route=\/wp\/v2\/posts"}],"about":[{"href":"https:\/\/buenostratos-blog.larioja.org\/index.php?rest_route=\/wp\/v2\/types\/post"}],"author":[{"embeddable":true,"href":"https:\/\/buenostratos-blog.larioja.org\/index.php?rest_route=\/wp\/v2\/users\/2"}],"replies":[{"embeddable":true,"href":"https:\/\/buenostratos-blog.larioja.org\/index.php?rest_route=%2Fwp%2Fv2%2Fcomments&post=2073"}],"version-history":[{"count":1,"href":"https:\/\/buenostratos-blog.larioja.org\/index.php?rest_route=\/wp\/v2\/posts\/2073\/revisions"}],"predecessor-version":[{"id":2075,"href":"https:\/\/buenostratos-blog.larioja.org\/index.php?rest_route=\/wp\/v2\/posts\/2073\/revisions\/2075"}],"wp:attachment":[{"href":"https:\/\/buenostratos-blog.larioja.org\/index.php?rest_route=%2Fwp%2Fv2%2Fmedia&parent=2073"}],"wp:term":[{"taxonomy":"category","embeddable":true,"href":"https:\/\/buenostratos-blog.larioja.org\/index.php?rest_route=%2Fwp%2Fv2%2Fcategories&post=2073"},{"taxonomy":"post_tag","embeddable":true,"href":"https:\/\/buenostratos-blog.larioja.org\/index.php?rest_route=%2Fwp%2Fv2%2Ftags&post=2073"}],"curies":[{"name":"wp","href":"https:\/\/api.w.org\/{rel}","templated":true}]}}