{"id":2040,"date":"2018-03-21T07:36:33","date_gmt":"2018-03-21T07:36:33","guid":{"rendered":"http:\/\/buenostratos-blog.larioja.org\/?p=2040"},"modified":"2019-12-17T11:38:21","modified_gmt":"2019-12-17T11:38:21","slug":"dia-mundial-de-la-poesia","status":"publish","type":"post","link":"https:\/\/buenostratos-blog.larioja.org\/?p=2040","title":{"rendered":"D\u00eda Mundial de la Poes\u00eda."},"content":{"rendered":"<p style=\"text-align: justify;\">El D\u00eda Mundial de la Poes\u00eda, celebrado cada a\u00f1o el 21 de marzo, conmemora una de las formas m\u00e1s preciadas de la<span style=\"color: #800080;\"> expresi\u00f3n e identidad y ling\u00fc\u00edstica de la humanidad.<\/span> La poes\u00eda, practicada a lo largo de la historia en todas las culturas y en todos los continentes, habla de nuestra humanidad com\u00fan y de nuestros valores compartidos, transformando el poema m\u00e1s simple en un poderoso catalizador del di\u00e1logo y la paz.<img loading=\"lazy\" decoding=\"async\" class=\"alignright size-medium wp-image-2041\" src=\"http:\/\/buenostratos-blog.larioja.org\/wp-content\/uploads\/2018\/03\/dia-de-la-poesia-300x111.jpg\" alt=\"\" width=\"300\" height=\"111\" srcset=\"https:\/\/buenostratos-blog.larioja.org\/wp-content\/uploads\/2018\/03\/dia-de-la-poesia-300x111.jpg 300w, https:\/\/buenostratos-blog.larioja.org\/wp-content\/uploads\/2018\/03\/dia-de-la-poesia-768x283.jpg 768w, https:\/\/buenostratos-blog.larioja.org\/wp-content\/uploads\/2018\/03\/dia-de-la-poesia-500x184.jpg 500w, https:\/\/buenostratos-blog.larioja.org\/wp-content\/uploads\/2018\/03\/dia-de-la-poesia.jpg 938w\" sizes=\"(max-width: 300px) 100vw, 300px\" \/><\/p>\n<p style=\"text-align: justify;\">La UNESCO adopt\u00f3 por primera vez el 21 de marzo como D\u00eda Mundial de la Poes\u00eda durante su 30\u00aa Conferencia General en Par\u00eds en 1999, con el objetivo de apoyar la diversidad ling\u00fc\u00edstica a trav\u00e9s de la expresi\u00f3n po\u00e9tica y fomentar la visibilizaci\u00f3n de aquellas lenguas que se encuentran en peligro.<\/p>\n<p style=\"text-align: justify;\">El D\u00eda Mundial de la Poes\u00eda es una ocasi\u00f3n para honrar a los poetas, revivir tradiciones orales de recitales de poes\u00eda, promover la lectura, la escritura y la ense\u00f1anza de la poes\u00eda, fomentar la convergencia entre la poes\u00eda y otras artes como el teatro, la danza, la m\u00fasica y la pintura, y aumentar la visibilidad de poes\u00eda en los medios. A medida que la poes\u00eda contin\u00faa uniendo personas en todos los continentes, todos est\u00e1n invitados a unirse.<\/p>\n<p style=\"text-align: justify;\">En el Programa de Buenos Tratos tambi\u00e9n uitlizamos la Poesia como herramienta pedag\u00f3gica en esta ocasi\u00f3n para los m\u00e1s peque\u00f1os y peque\u00f1as:<\/p>\n<div style=\"text-align: justify;\">A trav\u00e9s de la poes\u00eda descubrimos <span style=\"color: #800080;\">\u00abel miedo\u00bb<\/span> para que los ni\u00f1os y ni\u00f1as conecten con este sentimiento y jueguen a hacer que desaparezca.<\/div>\n<div><span style=\"color: #800080;\"><strong>ESPANTAMIEDOS<\/strong><\/span><\/div>\n<div>Si algo te ocurre<\/div>\n<div>y se acerca el miedo,<\/div>\n<div>juguemos a espantarlo<\/div>\n<div>con mucho esmero.<\/div>\n<div>\u00bfC\u00f3mo se hace?<\/div>\n<div>\u00a1Yo te lo dir\u00e9!<\/div>\n<div>Con este conjuro<\/div>\n<div>va a desaparecer.<\/div>\n<div>No lleva ajo,<\/div>\n<div>tampoco canela,<\/div>\n<div>esta poci\u00f3n<\/div>\n<div>no se hace en cazuela.<\/div>\n<div>\u00a1Haz que se vaya!<\/div>\n<div>\u00a1No llames a tu prima!<\/div>\n<div>Se marchar\u00e1<\/div>\n<div>si aprendes esta rima:<\/div>\n<div>\n<div>\u00a1Miedo, miedo,<\/div>\n<div>rimas con huevo!<\/div>\n<div>Si vienes a asustarme&#8230;<\/div>\n<div>\u00a1me importa un bledo!<\/div>\n<div>Cierra los ojos,<\/div>\n<div>rep\u00edtela,<\/div>\n<div>cuando los abras&#8230;<\/div>\n<div>\u00a1Sorpresa,<\/div>\n<div>el miedo no est\u00e1!<\/div>\n<div>(Zahida Rodr\u00edguez)<\/div>\n<\/div>\n","protected":false},"excerpt":{"rendered":"<p>El D\u00eda Mundial de la Poes\u00eda, celebrado cada a\u00f1o el 21 de marzo, conmemora una de las formas m\u00e1s preciadas de la expresi\u00f3n e identidad y ling\u00fc\u00edstica de la humanidad. La poes\u00eda, practicada a lo largo de la historia en &hellip; <a href=\"https:\/\/buenostratos-blog.larioja.org\/?p=2040\">Sigue leyendo <span class=\"meta-nav\">&rarr;<\/span><\/a><\/p>\n","protected":false},"author":2,"featured_media":0,"comment_status":"open","ping_status":"closed","sticky":false,"template":"","format":"standard","meta":{"footnotes":""},"categories":[13,3],"tags":[],"_links":{"self":[{"href":"https:\/\/buenostratos-blog.larioja.org\/index.php?rest_route=\/wp\/v2\/posts\/2040"}],"collection":[{"href":"https:\/\/buenostratos-blog.larioja.org\/index.php?rest_route=\/wp\/v2\/posts"}],"about":[{"href":"https:\/\/buenostratos-blog.larioja.org\/index.php?rest_route=\/wp\/v2\/types\/post"}],"author":[{"embeddable":true,"href":"https:\/\/buenostratos-blog.larioja.org\/index.php?rest_route=\/wp\/v2\/users\/2"}],"replies":[{"embeddable":true,"href":"https:\/\/buenostratos-blog.larioja.org\/index.php?rest_route=%2Fwp%2Fv2%2Fcomments&post=2040"}],"version-history":[{"count":2,"href":"https:\/\/buenostratos-blog.larioja.org\/index.php?rest_route=\/wp\/v2\/posts\/2040\/revisions"}],"predecessor-version":[{"id":2043,"href":"https:\/\/buenostratos-blog.larioja.org\/index.php?rest_route=\/wp\/v2\/posts\/2040\/revisions\/2043"}],"wp:attachment":[{"href":"https:\/\/buenostratos-blog.larioja.org\/index.php?rest_route=%2Fwp%2Fv2%2Fmedia&parent=2040"}],"wp:term":[{"taxonomy":"category","embeddable":true,"href":"https:\/\/buenostratos-blog.larioja.org\/index.php?rest_route=%2Fwp%2Fv2%2Fcategories&post=2040"},{"taxonomy":"post_tag","embeddable":true,"href":"https:\/\/buenostratos-blog.larioja.org\/index.php?rest_route=%2Fwp%2Fv2%2Ftags&post=2040"}],"curies":[{"name":"wp","href":"https:\/\/api.w.org\/{rel}","templated":true}]}}